{"id":10035,"date":"2017-11-20T09:34:44","date_gmt":"2017-11-20T09:34:44","guid":{"rendered":"http:\/\/piekarscy.com.pl\/?p=10035"},"modified":"2017-11-13T18:57:51","modified_gmt":"2017-11-13T18:57:51","slug":"na-cmentarzu-wolskim","status":"publish","type":"post","link":"http:\/\/piekarscy.com.pl\/?p=10035","title":{"rendered":"Na cmentarzu wolskim, czyli kolejny gr\u00f3b"},"content":{"rendered":"<p>Oto gr\u00f3b dziadk\u00f3w mojego pierwszego m\u0119\u017ca Cezarego Szymczaka, czyli pradziadk\u00f3w mojego syna &#8211; Macieja. Mieczys\u0142aw Szymczak i Teofila Szymczak oraz ich syn J\u00f3zef.<\/p>\n<p><a href=\"http:\/\/piekarscy.com.pl\/wp-content\/uploads\/2017\/11\/IMG_3613-1-e1510598702795.jpg\"><img loading=\"lazy\" decoding=\"async\" class=\"aligncenter size-medium wp-image-10036\" src=\"http:\/\/piekarscy.com.pl\/wp-content\/uploads\/2017\/11\/IMG_3613-1-e1510598702795-225x300.jpg\" alt=\"\" width=\"225\" height=\"300\" srcset=\"http:\/\/piekarscy.com.pl\/wp-content\/uploads\/2017\/11\/IMG_3613-1-e1510598702795-225x300.jpg 225w, http:\/\/piekarscy.com.pl\/wp-content\/uploads\/2017\/11\/IMG_3613-1-e1510598702795-768x1024.jpg 768w, http:\/\/piekarscy.com.pl\/wp-content\/uploads\/2017\/11\/IMG_3613-1-e1510598702795-624x832.jpg 624w\" sizes=\"auto, (max-width: 225px) 100vw, 225px\" \/><\/a> <a href=\"http:\/\/piekarscy.com.pl\/wp-content\/uploads\/2017\/11\/IMG_3615-e1510598660370.jpg\"><img loading=\"lazy\" decoding=\"async\" class=\"aligncenter size-medium wp-image-10037\" src=\"http:\/\/piekarscy.com.pl\/wp-content\/uploads\/2017\/11\/IMG_3615-e1510598660370-225x300.jpg\" alt=\"\" width=\"225\" height=\"300\" srcset=\"http:\/\/piekarscy.com.pl\/wp-content\/uploads\/2017\/11\/IMG_3615-e1510598660370-225x300.jpg 225w, http:\/\/piekarscy.com.pl\/wp-content\/uploads\/2017\/11\/IMG_3615-e1510598660370-768x1024.jpg 768w, http:\/\/piekarscy.com.pl\/wp-content\/uploads\/2017\/11\/IMG_3615-e1510598660370-624x832.jpg 624w\" sizes=\"auto, (max-width: 225px) 100vw, 225px\" \/><\/a> <a href=\"http:\/\/piekarscy.com.pl\/wp-content\/uploads\/2017\/11\/IMG_3616-1-e1510598643304.jpg\"><img loading=\"lazy\" decoding=\"async\" class=\"aligncenter size-medium wp-image-10038\" src=\"http:\/\/piekarscy.com.pl\/wp-content\/uploads\/2017\/11\/IMG_3616-1-e1510598643304-225x300.jpg\" alt=\"\" width=\"225\" height=\"300\" srcset=\"http:\/\/piekarscy.com.pl\/wp-content\/uploads\/2017\/11\/IMG_3616-1-e1510598643304-225x300.jpg 225w, http:\/\/piekarscy.com.pl\/wp-content\/uploads\/2017\/11\/IMG_3616-1-e1510598643304-768x1024.jpg 768w, http:\/\/piekarscy.com.pl\/wp-content\/uploads\/2017\/11\/IMG_3616-1-e1510598643304-624x832.jpg 624w\" sizes=\"auto, (max-width: 225px) 100vw, 225px\" \/><\/a><\/p>\n<p class=\"p1\">gr\u00f3b kw. 31-3-5<\/p>\n<ul>\n<li class=\"p1\">\u015ap. Teofila Szymczak zm. 04.10.1982 r. z domu W\u0105sik ur.11.09.1914 r. w Ma\u0142achowie, rozwiedziona, rodzice: Kacper i J\u00f3zefa.<\/li>\n<li class=\"p1\">\u015ap. Mieczys\u0142aw Szymczak zm.1955 r.<\/li>\n<li class=\"p1\">\u015ap. J\u00f3zef Szymczak zm. 1943 (prawdopodobnie jest to gr\u00f3b symboliczny)<\/li>\n<\/ul>\n<p>&nbsp;<\/p>\n","protected":false},"excerpt":{"rendered":"<p>Oto gr\u00f3b dziadk\u00f3w mojego pierwszego m\u0119\u017ca Cezarego Szymczaka, czyli pradziadk\u00f3w mojego syna &#8211; Macieja. Mieczys\u0142aw Szymczak i Teofila Szymczak oraz ich syn J\u00f3zef. gr\u00f3b kw. 31-3-5 \u015ap. Teofila Szymczak zm. 04.10.1982 r. z domu W\u0105sik ur.11.09.1914 r. w Ma\u0142achowie, rozwiedziona, rodzice: Kacper i J\u00f3zefa. \u015ap. Mieczys\u0142aw Szymczak zm.1955 r. \u015ap. J\u00f3zef Szymczak zm. 1943 (prawdopodobnie [&hellip;]<\/p>\n","protected":false},"author":1,"featured_media":0,"comment_status":"closed","ping_status":"closed","sticky":false,"template":"","format":"standard","meta":{"footnotes":""},"categories":[320,1147],"tags":[1364,1365,1148],"class_list":["post-10035","post","type-post","status-publish","format-standard","hentry","category-szymczak","category-wasik","tag-jozef-szymczak","tag-mieczyslaw-szymczak","tag-teofila-szymczak"],"_links":{"self":[{"href":"http:\/\/piekarscy.com.pl\/index.php?rest_route=\/wp\/v2\/posts\/10035","targetHints":{"allow":["GET"]}}],"collection":[{"href":"http:\/\/piekarscy.com.pl\/index.php?rest_route=\/wp\/v2\/posts"}],"about":[{"href":"http:\/\/piekarscy.com.pl\/index.php?rest_route=\/wp\/v2\/types\/post"}],"author":[{"embeddable":true,"href":"http:\/\/piekarscy.com.pl\/index.php?rest_route=\/wp\/v2\/users\/1"}],"replies":[{"embeddable":true,"href":"http:\/\/piekarscy.com.pl\/index.php?rest_route=%2Fwp%2Fv2%2Fcomments&post=10035"}],"version-history":[{"count":4,"href":"http:\/\/piekarscy.com.pl\/index.php?rest_route=\/wp\/v2\/posts\/10035\/revisions"}],"predecessor-version":[{"id":10042,"href":"http:\/\/piekarscy.com.pl\/index.php?rest_route=\/wp\/v2\/posts\/10035\/revisions\/10042"}],"wp:attachment":[{"href":"http:\/\/piekarscy.com.pl\/index.php?rest_route=%2Fwp%2Fv2%2Fmedia&parent=10035"}],"wp:term":[{"taxonomy":"category","embeddable":true,"href":"http:\/\/piekarscy.com.pl\/index.php?rest_route=%2Fwp%2Fv2%2Fcategories&post=10035"},{"taxonomy":"post_tag","embeddable":true,"href":"http:\/\/piekarscy.com.pl\/index.php?rest_route=%2Fwp%2Fv2%2Ftags&post=10035"}],"curies":[{"name":"wp","href":"https:\/\/api.w.org\/{rel}","templated":true}]}}