{"id":1030,"date":"2014-05-01T00:40:07","date_gmt":"2014-05-01T00:40:07","guid":{"rendered":"http:\/\/piekarscy.com.pl\/?p=1030"},"modified":"2014-02-12T16:51:45","modified_gmt":"2014-02-12T16:51:45","slug":"dddd","status":"publish","type":"post","link":"http:\/\/piekarscy.com.pl\/?p=1030","title":{"rendered":"Karol i Mieczys\u0142aw &#8211; przyjaciele pradziadka Antoniego"},"content":{"rendered":"<p>Pierwszy maja to dobra okazja, by o tym napisa\u0107.<br \/>\nM\u00f3j pradziadek Antoni Adamski uko\u0144czy\u0142 warszawsk\u0105 szko\u0142\u0119 rz\u0105dow\u0105 przy ul. Z\u0142otej. Wraz z nim uczy\u0142 si\u0119 tam Karol Szonert (syn z\u0142otnika i p\u00f3\u017aniej tak\u017ce z\u0142otnik), z kt\u00f3rym pradziadek bardzo si\u0119 przyja\u017ani\u0142.<\/p>\n<p><a href=\"http:\/\/piekarscy.com.pl\/wp-content\/uploads\/2014\/02\/z-gazety.jpg\"><img loading=\"lazy\" decoding=\"async\" class=\"aligncenter size-medium wp-image-1124\" alt=\"z gazety\" src=\"http:\/\/piekarscy.com.pl\/wp-content\/uploads\/2014\/02\/z-gazety-300x151.jpg\" width=\"300\" height=\"151\" srcset=\"http:\/\/piekarscy.com.pl\/wp-content\/uploads\/2014\/02\/z-gazety-300x151.jpg 300w, http:\/\/piekarscy.com.pl\/wp-content\/uploads\/2014\/02\/z-gazety-1024x516.jpg 1024w, http:\/\/piekarscy.com.pl\/wp-content\/uploads\/2014\/02\/z-gazety-624x314.jpg 624w\" sizes=\"auto, (max-width: 300px) 100vw, 300px\" \/><\/a><\/p>\n<p>Gdy ko\u0144czyli szko\u0142\u0119 Karol na po\u017cegnanie ofiarowa\u0142 pradziadkowi Antole\u0144kowi kartk\u0119 z reprodukcj\u0105 obrazu \u201eJu\u017c tylko n\u0119dza\u201d z cyklu Wojna I autorstwa Artura Grottgera i napisa\u0142:<br \/>\n<em>\u201eSzkolny czas sp\u0119dzony razem,<\/em><br \/>\n<em>Lecz czy zawsze tak b\u0119dziemy?<\/em><br \/>\n<em>Wszak nadejdzie taka chwila,<\/em><br \/>\n<em>\u017be si\u0119 wzajem rozstaniemy.<\/em><br \/>\n<em>W dniach szcz\u0119\u015bliwych sn\u00f3w i marze\u0144<\/em><br \/>\n<em>Tobie szybko minie czas<\/em><br \/>\n<em>I zapomnisz o koledze<\/em><br \/>\n<em>Co wraz dzieli\u0142 szkolny czas.<\/em><br \/>\n<em>Lecz po szcz\u0119\u015bcia dniach rado\u015bci<\/em><br \/>\n<em>Smutek zajrzy te\u017c nie raz;<\/em><br \/>\n<em>Nie zapomnij w takich chwilach,<\/em><br \/>\n<em>\u017be koleg\u0119 we mnie masz!\u201d<\/em><br \/>\n<em>20\/X 1902 Warszawa<\/em><br \/>\n<em>Te s\u0142\u00f3w par\u0119 po\u015bwi\u0119ca koledze w dow\u00f3d przyja\u017ani Karol Szonert.<\/em><\/p>\n<p><a href=\"http:\/\/piekarscy.com.pl\/wp-content\/uploads\/2014\/02\/szonert-kartka.jpg\"><img loading=\"lazy\" decoding=\"async\" class=\"aligncenter size-medium wp-image-1126\" alt=\"szonert kartka\" src=\"http:\/\/piekarscy.com.pl\/wp-content\/uploads\/2014\/02\/szonert-kartka-300x196.jpg\" width=\"300\" height=\"196\" srcset=\"http:\/\/piekarscy.com.pl\/wp-content\/uploads\/2014\/02\/szonert-kartka-300x196.jpg 300w, http:\/\/piekarscy.com.pl\/wp-content\/uploads\/2014\/02\/szonert-kartka-1024x670.jpg 1024w, http:\/\/piekarscy.com.pl\/wp-content\/uploads\/2014\/02\/szonert-kartka-624x408.jpg 624w\" sizes=\"auto, (max-width: 300px) 100vw, 300px\" \/><\/a><\/p>\n<p>Ten Karol Szonert wraz z drugim koleg\u0105 z antole\u0144kowej klasy \u2013 Mieczys\u0142awem Wyszomirskim nale\u017celi do SDKPiL, czyli Socjaldemokracji Kr\u00f3lestwa Polskiego i Litwy. W 1905 roku wzi\u0119li udzia\u0142 w wielkiej manifestacji pierwszomajowej. Po przemarszu uliczkami Woli, na wysoko\u015bci domu w Alejach Jerozolimskich 101 demonstracja zosta\u0142a brutalnie spacyfikowana przez wojsko rosyjskie. Wyszomirski szed\u0142 na jej czele, jako chor\u0105\u017cy, nios\u0105c sztandar SDKPiL, i poleg\u0142 od kuli wraz z 36 innymi osobami. Radca Sajfert doni\u00f3s\u0142 o tym genera\u0142-gubernatorowi warszawskiemu nast\u0119puj\u0105cymi s\u0142owami:\u00a0<em>\u201eMam zaszczyt donie\u015b\u0107 Waszej Ekscelencji, \u017ce strajkowi zorganizowanemu przez robotnik\u00f3w dla upami\u0119tnienia 1 maja, towarzyszy\u0142y nast\u0119puj\u0105ce okoliczno\u015bci. We wszystkich fabrykach, zak\u0142adach rzemie\u015blniczych i handlowych praca zosta\u0142a porzucona (\u2026) O 10 rano na rogu Wroniej i Ch\u0142odnej, przed domem nr 50 nieznany robotnik rozdawa\u0142 przechodniom proklamacje. Zauwa\u017cy\u0142 to dzielnicowy 7-go cyrku\u0142u Czernokry\u0142ow, ale kto\u015b z t\u0142umu odda\u0142 do niego strza\u0142, chybiaj\u0105c. Stoj\u0105cy przed domem przy Ch\u0142odnej 4, gdzie kwateruje rota Wo\u0142y\u0144skiego pu\u0142ku lejb-gwardii, szeregowiec Kolesow strzeli\u0142 do napastnika, kt\u00f3ry z rewolwerem upad\u0142 na chodnik. Przeniesiony do domu przy Ch\u0142odnej 50 w ci\u0105gu kilku minut zmar\u0142. By\u0142 nim Karol Szonert, lat 19\u2026\u201d<\/em><\/p>\n<p>Oto zdj\u0119cia ich obu.<\/p>\n<div id=\"attachment_1131\" style=\"width: 210px\" class=\"wp-caption aligncenter\"><a href=\"http:\/\/piekarscy.com.pl\/wp-content\/uploads\/2014\/02\/Karol-Szonert.jpg\"><img loading=\"lazy\" decoding=\"async\" aria-describedby=\"caption-attachment-1131\" class=\"size-medium wp-image-1131\" alt=\"Karol Szonert\" src=\"http:\/\/piekarscy.com.pl\/wp-content\/uploads\/2014\/02\/Karol-Szonert-200x300.jpg\" width=\"200\" height=\"300\" srcset=\"http:\/\/piekarscy.com.pl\/wp-content\/uploads\/2014\/02\/Karol-Szonert-200x300.jpg 200w, http:\/\/piekarscy.com.pl\/wp-content\/uploads\/2014\/02\/Karol-Szonert-684x1024.jpg 684w, http:\/\/piekarscy.com.pl\/wp-content\/uploads\/2014\/02\/Karol-Szonert-624x932.jpg 624w\" sizes=\"auto, (max-width: 200px) 100vw, 200px\" \/><\/a><p id=\"caption-attachment-1131\" class=\"wp-caption-text\">Karol Szonert<\/p><\/div>\n<div id=\"attachment_1132\" style=\"width: 209px\" class=\"wp-caption aligncenter\"><a href=\"http:\/\/piekarscy.com.pl\/wp-content\/uploads\/2014\/02\/Mieczys\u0142aw-wyszomirski.jpg\"><img loading=\"lazy\" decoding=\"async\" aria-describedby=\"caption-attachment-1132\" class=\"size-medium wp-image-1132\" alt=\"Mieczys\u0142aw Wyszomirski\" src=\"http:\/\/piekarscy.com.pl\/wp-content\/uploads\/2014\/02\/Mieczys\u0142aw-wyszomirski-199x300.jpg\" width=\"199\" height=\"300\" srcset=\"http:\/\/piekarscy.com.pl\/wp-content\/uploads\/2014\/02\/Mieczys\u0142aw-wyszomirski-199x300.jpg 199w, http:\/\/piekarscy.com.pl\/wp-content\/uploads\/2014\/02\/Mieczys\u0142aw-wyszomirski-679x1024.jpg 679w, http:\/\/piekarscy.com.pl\/wp-content\/uploads\/2014\/02\/Mieczys\u0142aw-wyszomirski-624x939.jpg 624w\" sizes=\"auto, (max-width: 199px) 100vw, 199px\" \/><\/a><p id=\"caption-attachment-1132\" class=\"wp-caption-text\">Mieczys\u0142aw Wyszomirski<\/p><\/div>\n<p style=\"text-align: left;\">M\u00f3j pradziadek Antoni, zwany Antole\u0144kiem, przyja\u017ani\u0142 si\u0119 zar\u00f3wno z Mieczys\u0142awem, jak i z Karolem. Czemu tego dnia nie byli wszyscy razem? 1 maja jedyna c\u00f3rka Antole\u0144ka, czyli moja babcia Janina z Adamskich Piekarska mia\u0142a pi\u0119\u0107 miesi\u0119cy.<\/p>\n<p>To wizyt\u00f3wki Karola.<\/p>\n<p><a href=\"http:\/\/piekarscy.com.pl\/wp-content\/uploads\/2014\/02\/wizytowka-szonert2.jpg\"><img loading=\"lazy\" decoding=\"async\" class=\"aligncenter size-medium wp-image-1129\" alt=\"wizytowka szonert2\" src=\"http:\/\/piekarscy.com.pl\/wp-content\/uploads\/2014\/02\/wizytowka-szonert2-300x154.jpg\" width=\"300\" height=\"154\" srcset=\"http:\/\/piekarscy.com.pl\/wp-content\/uploads\/2014\/02\/wizytowka-szonert2-300x154.jpg 300w, http:\/\/piekarscy.com.pl\/wp-content\/uploads\/2014\/02\/wizytowka-szonert2-1024x529.jpg 1024w, http:\/\/piekarscy.com.pl\/wp-content\/uploads\/2014\/02\/wizytowka-szonert2-624x322.jpg 624w\" sizes=\"auto, (max-width: 300px) 100vw, 300px\" \/><\/a> <a href=\"http:\/\/piekarscy.com.pl\/wp-content\/uploads\/2014\/02\/wizytowka-szonert1.jpg\"><img loading=\"lazy\" decoding=\"async\" class=\"aligncenter size-medium wp-image-1128\" alt=\"wizytowka szonert1\" src=\"http:\/\/piekarscy.com.pl\/wp-content\/uploads\/2014\/02\/wizytowka-szonert1-300x172.jpg\" width=\"300\" height=\"172\" srcset=\"http:\/\/piekarscy.com.pl\/wp-content\/uploads\/2014\/02\/wizytowka-szonert1-300x172.jpg 300w, http:\/\/piekarscy.com.pl\/wp-content\/uploads\/2014\/02\/wizytowka-szonert1-1024x587.jpg 1024w, http:\/\/piekarscy.com.pl\/wp-content\/uploads\/2014\/02\/wizytowka-szonert1-624x357.jpg 624w\" sizes=\"auto, (max-width: 300px) 100vw, 300px\" \/><\/a><\/p>\n<p><span style=\"line-height: 1.714285714; font-size: 1rem;\">A na ko\u0144cu wpis, kt\u00f3ry w sztambuchu prababci Karolci zamie\u015bci\u0142 dla niej Karol. Przecie\u017c zna\u0142 narzeczon\u0105, a p\u00f3\u017aniejsz\u0105 \u017con\u0119 przyjaciela. Top on narysowa\u0142 wszystkie obrazki w sztambuchu, kt\u00f3ry podarowa\u0142 jej narzeczony, a przysz\u0142y m\u0105\u017c m\u00f3j pradziadek Antoni Adamski.\u00a0<\/span><\/p>\n<p><a href=\"http:\/\/piekarscy.com.pl\/wp-content\/uploads\/2014\/02\/szonert-album.jpg\"><img loading=\"lazy\" decoding=\"async\" class=\"aligncenter size-medium wp-image-1125\" alt=\"szonert album\" src=\"http:\/\/piekarscy.com.pl\/wp-content\/uploads\/2014\/02\/szonert-album-158x300.jpg\" width=\"158\" height=\"300\" srcset=\"http:\/\/piekarscy.com.pl\/wp-content\/uploads\/2014\/02\/szonert-album-158x300.jpg 158w, http:\/\/piekarscy.com.pl\/wp-content\/uploads\/2014\/02\/szonert-album-541x1024.jpg 541w, http:\/\/piekarscy.com.pl\/wp-content\/uploads\/2014\/02\/szonert-album-624x1181.jpg 624w\" sizes=\"auto, (max-width: 158px) 100vw, 158px\" \/><\/a><\/p>\n<p><em>\u201eMem marzeniem, mem pragnieniem<\/em><br \/>\n<em>Jest mie\u0107 swego, co\u015b drogiego<\/em><br \/>\n<em>A \u017cem wiernym przyjacielem,<\/em><br \/>\n<em>Wi\u0119c i Tobie \u017cycz\u0119 tego\u201d<\/em><br \/>\n<em>Karol<\/em><\/p>\n<p><a href=\"http:\/\/piekarscy.com.pl\/wp-content\/uploads\/2014\/02\/szonert-kartka2.jpg\"><img loading=\"lazy\" decoding=\"async\" class=\"aligncenter size-medium wp-image-1127\" alt=\"szonert kartka2\" src=\"http:\/\/piekarscy.com.pl\/wp-content\/uploads\/2014\/02\/szonert-kartka2-e1389477519130-203x300.jpg\" width=\"203\" height=\"300\" srcset=\"http:\/\/piekarscy.com.pl\/wp-content\/uploads\/2014\/02\/szonert-kartka2-e1389477519130-203x300.jpg 203w, http:\/\/piekarscy.com.pl\/wp-content\/uploads\/2014\/02\/szonert-kartka2-e1389477519130-695x1024.jpg 695w\" sizes=\"auto, (max-width: 203px) 100vw, 203px\" \/><\/a><\/p>\n","protected":false},"excerpt":{"rendered":"<p>Pierwszy maja to dobra okazja, by o tym napisa\u0107. M\u00f3j pradziadek Antoni Adamski uko\u0144czy\u0142 warszawsk\u0105 szko\u0142\u0119 rz\u0105dow\u0105 przy ul. Z\u0142otej. Wraz z nim uczy\u0142 si\u0119 tam Karol Szonert (syn z\u0142otnika i p\u00f3\u017aniej tak\u017ce z\u0142otnik), z kt\u00f3rym pradziadek bardzo si\u0119 przyja\u017ani\u0142. Gdy ko\u0144czyli szko\u0142\u0119 Karol na po\u017cegnanie ofiarowa\u0142 pradziadkowi Antole\u0144kowi kartk\u0119 z reprodukcj\u0105 obrazu \u201eJu\u017c tylko [&hellip;]<\/p>\n","protected":false},"author":1,"featured_media":0,"comment_status":"closed","ping_status":"closed","sticky":false,"template":"","format":"standard","meta":{"footnotes":""},"categories":[5,3,7],"tags":[28,22,24,23,177,27,25,26,269,50,103,141,178],"class_list":["post-1030","post","type-post","status-publish","format-standard","hentry","category-adamscy","category-piekarscy","category-przybytkowscy","tag-antoni-adamski","tag-janina-adamska","tag-janina-piekarska","tag-janina-z-adamskich-piekarska","tag-karol-szonert","tag-leokadia-karolina-adamska","tag-leokadia-karolina-przybytkowska","tag-leokadia-karolina-z-przybytkowskich-adamska","tag-mieczyslaw-wyszomirski","tag-pamiatka","tag-pocztowka","tag-rysunek","tag-wizytowka"],"_links":{"self":[{"href":"http:\/\/piekarscy.com.pl\/index.php?rest_route=\/wp\/v2\/posts\/1030","targetHints":{"allow":["GET"]}}],"collection":[{"href":"http:\/\/piekarscy.com.pl\/index.php?rest_route=\/wp\/v2\/posts"}],"about":[{"href":"http:\/\/piekarscy.com.pl\/index.php?rest_route=\/wp\/v2\/types\/post"}],"author":[{"embeddable":true,"href":"http:\/\/piekarscy.com.pl\/index.php?rest_route=\/wp\/v2\/users\/1"}],"replies":[{"embeddable":true,"href":"http:\/\/piekarscy.com.pl\/index.php?rest_route=%2Fwp%2Fv2%2Fcomments&post=1030"}],"version-history":[{"count":9,"href":"http:\/\/piekarscy.com.pl\/index.php?rest_route=\/wp\/v2\/posts\/1030\/revisions"}],"predecessor-version":[{"id":1669,"href":"http:\/\/piekarscy.com.pl\/index.php?rest_route=\/wp\/v2\/posts\/1030\/revisions\/1669"}],"wp:attachment":[{"href":"http:\/\/piekarscy.com.pl\/index.php?rest_route=%2Fwp%2Fv2%2Fmedia&parent=1030"}],"wp:term":[{"taxonomy":"category","embeddable":true,"href":"http:\/\/piekarscy.com.pl\/index.php?rest_route=%2Fwp%2Fv2%2Fcategories&post=1030"},{"taxonomy":"post_tag","embeddable":true,"href":"http:\/\/piekarscy.com.pl\/index.php?rest_route=%2Fwp%2Fv2%2Ftags&post=1030"}],"curies":[{"name":"wp","href":"https:\/\/api.w.org\/{rel}","templated":true}]}}