{"id":10413,"date":"2018-01-19T11:33:32","date_gmt":"2018-01-19T11:33:32","guid":{"rendered":"http:\/\/piekarscy.com.pl\/?p=10413"},"modified":"2017-12-24T11:55:06","modified_gmt":"2017-12-24T11:55:06","slug":"jak-sie-odzydzac-czyli-spuscizna-werytusa-cz-2","status":"publish","type":"post","link":"http:\/\/piekarscy.com.pl\/?p=10413","title":{"rendered":"Jak si\u0119 od\u017cydza\u0107, czyli spu\u015bcizna Werytusa cz. 2"},"content":{"rendered":"<p>Dzi\u0119ki <a href=\"http:\/\/polona.pl\" target=\"_blank\" rel=\"noopener\">Polonie<\/a> mo\u017cna dotrze\u0107 do wielu publikacji, o kt\u00f3rych istnieniu nie mia\u0142am poj\u0119cia. Teraz postanowi\u0142am zaj\u0105\u0107 si\u0119 publikacjami Werytusa, czyli Antoniego Skrzyneckiego. By\u0142 to szwagier mojej praprababci Stanis\u0142awy Anny Sabiny z Gorczyckich Ruszczykowskiej, a tym samym m\u0105\u017c jej rodzonej Siostry Marii z Gorczyckich primo voto Skawi\u0144skiej.<\/p>\n<p>Werytus, czyli Antoni Skrzynecki (przykro mi to pisa\u0107, ale z za\u0142o\u017cenia wszystkie informacje na portalu maj\u0105 by\u0107 podawane takimi jakimi by\u0142y\/s\u0105) by\u0142 antysemit\u0105. W\u0142a\u015bciwie \u017cadna z jego publikacji nie nadaje si\u0119 dzi\u015b do wznowienia. Antoni Skrzynecki\u00a0publikowa\u0142 te\u017c pod pseudonimem Z. Ko\u015bciesza. Ko\u015bciesza to nazwa herbu jego te\u015bciowej Joanny Nieszkowskiej.<\/p>\n<p>Co ciekawe o jego pogl\u0105dach dowiedzia\u0142am si\u0119 dopiero niedawno i zupe\u0142nie przypadkiem. Jego wnuczk\u0105 by\u0142a moja ukochana cioteczna babka Stefania z Ruszczykowskich Krosnowska &#8211; \u017co\u0142nierz Armii Krajowej, wi\u0119zie\u0144 Fordonu itd. By\u0142a z zawodu bibliotekarzem i ksi\u0119garzem. My\u015bla\u0142am, \u017ce spu\u015bcizna jej dziadka sp\u0142on\u0119\u0142a w powstaniu warszawskim w mieszkaniu jej matki na powi\u015blu. By\u0107 mo\u017ce tak si\u0119 sta\u0142o. My\u015bl\u0119, jednak, \u017ce ciocia Stenia nie stara\u0142a si\u0119 po wojnie zgromadzi\u0107 na powr\u00f3t jego ksi\u0105\u017cek ze wzgl\u0119du na tematyk\u0119, kt\u00f3rej obawiam si\u0119, \u017ce mog\u0142a si\u0119 wstydzi\u0107. Kiedy\u015b spyta\u0142am j\u0105 o czym pisa\u0142 jej dziadek. Odpar\u0142a, \u017ce r\u00f3\u017cne powie\u015bci. Nie dr\u0105\u017cy\u0142am tematu, bo my\u015bla\u0142am, \u017ce mo\u017ce jej przykro, \u017ce ich nie ma. Teraz my\u015bl\u0119, \u017ce mog\u0142o by\u0107 jej wstyd.<\/p>\n<p>Oto opublikowane w 1913 roku w Warszawie nak\u0142adem wydawnictwa &#8222;Sw\u00f3j do swego&#8221; dzie\u0142o &#8222;Jak si\u0119 od\u017cydza\u0107&#8221; sygnowane Z. Ko\u015bciesza.<\/p>\n<p>Oto pierwszy rozdzia\u0142:<\/p>\n<p><a href=\"http:\/\/piekarscy.com.pl\/wp-content\/uploads\/2018\/01\/NzMxMzE3NzQ.74235690.jpg\"><img loading=\"lazy\" decoding=\"async\" class=\"aligncenter size-medium wp-image-10411\" src=\"http:\/\/piekarscy.com.pl\/wp-content\/uploads\/2018\/01\/NzMxMzE3NzQ.74235690-189x300.jpg\" alt=\"\" width=\"189\" height=\"300\" srcset=\"http:\/\/piekarscy.com.pl\/wp-content\/uploads\/2018\/01\/NzMxMzE3NzQ.74235690-189x300.jpg 189w, http:\/\/piekarscy.com.pl\/wp-content\/uploads\/2018\/01\/NzMxMzE3NzQ.74235690-647x1024.jpg 647w, http:\/\/piekarscy.com.pl\/wp-content\/uploads\/2018\/01\/NzMxMzE3NzQ.74235690-624x988.jpg 624w, http:\/\/piekarscy.com.pl\/wp-content\/uploads\/2018\/01\/NzMxMzE3NzQ.74235690.jpg 1756w\" sizes=\"auto, (max-width: 189px) 100vw, 189px\" \/><\/a><\/p>\n<p><a href=\"http:\/\/piekarscy.com.pl\/wp-content\/uploads\/2017\/12\/NzMxMzE3NzQ.74235694.jpg\"><img loading=\"lazy\" decoding=\"async\" class=\"aligncenter size-medium wp-image-10417\" src=\"http:\/\/piekarscy.com.pl\/wp-content\/uploads\/2017\/12\/NzMxMzE3NzQ.74235694-188x300.jpg\" alt=\"\" width=\"188\" height=\"300\" srcset=\"http:\/\/piekarscy.com.pl\/wp-content\/uploads\/2017\/12\/NzMxMzE3NzQ.74235694-188x300.jpg 188w, http:\/\/piekarscy.com.pl\/wp-content\/uploads\/2017\/12\/NzMxMzE3NzQ.74235694-643x1024.jpg 643w, http:\/\/piekarscy.com.pl\/wp-content\/uploads\/2017\/12\/NzMxMzE3NzQ.74235694-624x994.jpg 624w, http:\/\/piekarscy.com.pl\/wp-content\/uploads\/2017\/12\/NzMxMzE3NzQ.74235694.jpg 1752w\" sizes=\"auto, (max-width: 188px) 100vw, 188px\" \/><\/a> <a href=\"http:\/\/piekarscy.com.pl\/wp-content\/uploads\/2017\/12\/NzMxMzE3NzQ.74235701.jpg\"><img loading=\"lazy\" decoding=\"async\" class=\"aligncenter size-medium wp-image-10418\" src=\"http:\/\/piekarscy.com.pl\/wp-content\/uploads\/2017\/12\/NzMxMzE3NzQ.74235701-189x300.jpg\" alt=\"\" width=\"189\" height=\"300\" srcset=\"http:\/\/piekarscy.com.pl\/wp-content\/uploads\/2017\/12\/NzMxMzE3NzQ.74235701-189x300.jpg 189w, http:\/\/piekarscy.com.pl\/wp-content\/uploads\/2017\/12\/NzMxMzE3NzQ.74235701-647x1024.jpg 647w, http:\/\/piekarscy.com.pl\/wp-content\/uploads\/2017\/12\/NzMxMzE3NzQ.74235701-624x988.jpg 624w, http:\/\/piekarscy.com.pl\/wp-content\/uploads\/2017\/12\/NzMxMzE3NzQ.74235701.jpg 1756w\" sizes=\"auto, (max-width: 189px) 100vw, 189px\" \/><\/a> <a href=\"http:\/\/piekarscy.com.pl\/wp-content\/uploads\/2017\/12\/NzMxMzE3NzQ.74235704.jpg\"><img loading=\"lazy\" decoding=\"async\" class=\"aligncenter size-medium wp-image-10419\" src=\"http:\/\/piekarscy.com.pl\/wp-content\/uploads\/2017\/12\/NzMxMzE3NzQ.74235704-188x300.jpg\" alt=\"\" width=\"188\" height=\"300\" srcset=\"http:\/\/piekarscy.com.pl\/wp-content\/uploads\/2017\/12\/NzMxMzE3NzQ.74235704-188x300.jpg 188w, http:\/\/piekarscy.com.pl\/wp-content\/uploads\/2017\/12\/NzMxMzE3NzQ.74235704-643x1024.jpg 643w, http:\/\/piekarscy.com.pl\/wp-content\/uploads\/2017\/12\/NzMxMzE3NzQ.74235704-624x994.jpg 624w, http:\/\/piekarscy.com.pl\/wp-content\/uploads\/2017\/12\/NzMxMzE3NzQ.74235704.jpg 1752w\" sizes=\"auto, (max-width: 188px) 100vw, 188px\" \/><\/a><\/p>\n","protected":false},"excerpt":{"rendered":"<p>Dzi\u0119ki Polonie mo\u017cna dotrze\u0107 do wielu publikacji, o kt\u00f3rych istnieniu nie mia\u0142am poj\u0119cia. Teraz postanowi\u0142am zaj\u0105\u0107 si\u0119 publikacjami Werytusa, czyli Antoniego Skrzyneckiego. By\u0142 to szwagier mojej praprababci Stanis\u0142awy Anny Sabiny z Gorczyckich Ruszczykowskiej, a tym samym m\u0105\u017c jej rodzonej Siostry Marii z Gorczyckich primo voto Skawi\u0144skiej. Werytus, czyli Antoni Skrzynecki (przykro mi to pisa\u0107, ale [&hellip;]<\/p>\n","protected":false},"author":1,"featured_media":0,"comment_status":"closed","ping_status":"closed","sticky":false,"template":"","format":"standard","meta":{"footnotes":""},"categories":[60],"tags":[255,1384,1383,1368],"class_list":["post-10413","post","type-post","status-publish","format-standard","hentry","category-skrzyneccy","tag-antoni-skrzynecki","tag-antysemityzm","tag-jak-sie-odzydzac","tag-publikacja"],"_links":{"self":[{"href":"http:\/\/piekarscy.com.pl\/index.php?rest_route=\/wp\/v2\/posts\/10413","targetHints":{"allow":["GET"]}}],"collection":[{"href":"http:\/\/piekarscy.com.pl\/index.php?rest_route=\/wp\/v2\/posts"}],"about":[{"href":"http:\/\/piekarscy.com.pl\/index.php?rest_route=\/wp\/v2\/types\/post"}],"author":[{"embeddable":true,"href":"http:\/\/piekarscy.com.pl\/index.php?rest_route=\/wp\/v2\/users\/1"}],"replies":[{"embeddable":true,"href":"http:\/\/piekarscy.com.pl\/index.php?rest_route=%2Fwp%2Fv2%2Fcomments&post=10413"}],"version-history":[{"count":2,"href":"http:\/\/piekarscy.com.pl\/index.php?rest_route=\/wp\/v2\/posts\/10413\/revisions"}],"predecessor-version":[{"id":10443,"href":"http:\/\/piekarscy.com.pl\/index.php?rest_route=\/wp\/v2\/posts\/10413\/revisions\/10443"}],"wp:attachment":[{"href":"http:\/\/piekarscy.com.pl\/index.php?rest_route=%2Fwp%2Fv2%2Fmedia&parent=10413"}],"wp:term":[{"taxonomy":"category","embeddable":true,"href":"http:\/\/piekarscy.com.pl\/index.php?rest_route=%2Fwp%2Fv2%2Fcategories&post=10413"},{"taxonomy":"post_tag","embeddable":true,"href":"http:\/\/piekarscy.com.pl\/index.php?rest_route=%2Fwp%2Fv2%2Ftags&post=10413"}],"curies":[{"name":"wp","href":"https:\/\/api.w.org\/{rel}","templated":true}]}}