{"id":10851,"date":"2018-03-16T15:38:00","date_gmt":"2018-03-16T15:38:00","guid":{"rendered":"http:\/\/piekarscy.com.pl\/?p=10851"},"modified":"2018-03-07T15:46:15","modified_gmt":"2018-03-07T15:46:15","slug":"przed-sadem-czyli-spuscizna-niewiadomskiego-cz-6","status":"publish","type":"post","link":"http:\/\/piekarscy.com.pl\/?p=10851","title":{"rendered":"Przed s\u0105dem, czyli spu\u015bcizna Niewiadomskiego cz. 6"},"content":{"rendered":"<p>Dzi\u0119ki\u00a0<a href=\"http:\/\/polona.pl\/\" target=\"_blank\" rel=\"noopener\">Polonie<\/a>\u00a0mo\u017cna dotrze\u0107 do wielu publikacji, o kt\u00f3rych istnieniu czasem nie mia\u0142am poj\u0119cia. Teraz postanowi\u0142am zaj\u0105\u0107 si\u0119 publikacjami autorstwa Eligiusza Niewiadomskiego lub jego dotycz\u0105cymi. By\u0142 on stryjecznym szwagrem mojej prababci Zofii z Ruszczykowskich Piekarskiej.<\/p>\n<p>Oto publikacja &#8211; &#8222;Przed s\u0105dem&#8221; opisuj\u0105ca proces Niewiadomskiego, kt\u00f3ry za zamordowanie prezydenta Gabriela Narutowicza zosta\u0142 skazany na kar\u0119 \u015bmierci. Wyrok wykonano. Publikacja zosta\u0142a wydana w 1923 roku w Bia\u0142ymstoku nak\u0142adem A Brzostowskiego. Oto cz. VI.<\/p>\n<p><a href=\"http:\/\/piekarscy.com.pl\/wp-content\/uploads\/2018\/03\/NzM5MTg4MTU.74891384.jpg\"><img loading=\"lazy\" decoding=\"async\" class=\"aligncenter size-medium wp-image-10847\" src=\"http:\/\/piekarscy.com.pl\/wp-content\/uploads\/2018\/03\/NzM5MTg4MTU.74891384-224x300.jpg\" alt=\"\" width=\"224\" height=\"300\" srcset=\"http:\/\/piekarscy.com.pl\/wp-content\/uploads\/2018\/03\/NzM5MTg4MTU.74891384-224x300.jpg 224w, http:\/\/piekarscy.com.pl\/wp-content\/uploads\/2018\/03\/NzM5MTg4MTU.74891384-764x1024.jpg 764w, http:\/\/piekarscy.com.pl\/wp-content\/uploads\/2018\/03\/NzM5MTg4MTU.74891384-624x836.jpg 624w\" sizes=\"auto, (max-width: 224px) 100vw, 224px\" \/><\/a> <a href=\"http:\/\/piekarscy.com.pl\/wp-content\/uploads\/2018\/03\/NzM5MTg4MTU.74891389.jpg\"><img loading=\"lazy\" decoding=\"async\" class=\"aligncenter size-medium wp-image-10852\" src=\"http:\/\/piekarscy.com.pl\/wp-content\/uploads\/2018\/03\/NzM5MTg4MTU.74891389-227x300.jpg\" alt=\"\" width=\"227\" height=\"300\" srcset=\"http:\/\/piekarscy.com.pl\/wp-content\/uploads\/2018\/03\/NzM5MTg4MTU.74891389-227x300.jpg 227w, http:\/\/piekarscy.com.pl\/wp-content\/uploads\/2018\/03\/NzM5MTg4MTU.74891389-774x1024.jpg 774w, http:\/\/piekarscy.com.pl\/wp-content\/uploads\/2018\/03\/NzM5MTg4MTU.74891389-624x825.jpg 624w\" sizes=\"auto, (max-width: 227px) 100vw, 227px\" \/><\/a> <a href=\"http:\/\/piekarscy.com.pl\/wp-content\/uploads\/2018\/03\/NzM5MTg4MTU.74891392.jpg\"><img loading=\"lazy\" decoding=\"async\" class=\"aligncenter size-medium wp-image-10853\" src=\"http:\/\/piekarscy.com.pl\/wp-content\/uploads\/2018\/03\/NzM5MTg4MTU.74891392-224x300.jpg\" alt=\"\" width=\"224\" height=\"300\" srcset=\"http:\/\/piekarscy.com.pl\/wp-content\/uploads\/2018\/03\/NzM5MTg4MTU.74891392-224x300.jpg 224w, http:\/\/piekarscy.com.pl\/wp-content\/uploads\/2018\/03\/NzM5MTg4MTU.74891392-764x1024.jpg 764w, http:\/\/piekarscy.com.pl\/wp-content\/uploads\/2018\/03\/NzM5MTg4MTU.74891392-624x836.jpg 624w\" sizes=\"auto, (max-width: 224px) 100vw, 224px\" \/><\/a><\/p>\n","protected":false},"excerpt":{"rendered":"<p>Dzi\u0119ki\u00a0Polonie\u00a0mo\u017cna dotrze\u0107 do wielu publikacji, o kt\u00f3rych istnieniu czasem nie mia\u0142am poj\u0119cia. Teraz postanowi\u0142am zaj\u0105\u0107 si\u0119 publikacjami autorstwa Eligiusza Niewiadomskiego lub jego dotycz\u0105cymi. By\u0142 on stryjecznym szwagrem mojej prababci Zofii z Ruszczykowskich Piekarskiej. Oto publikacja &#8211; &#8222;Przed s\u0105dem&#8221; opisuj\u0105ca proces Niewiadomskiego, kt\u00f3ry za zamordowanie prezydenta Gabriela Narutowicza zosta\u0142 skazany na kar\u0119 \u015bmierci. Wyrok wykonano. Publikacja [&hellip;]<\/p>\n","protected":false},"author":1,"featured_media":0,"comment_status":"closed","ping_status":"closed","sticky":false,"template":"","format":"standard","meta":{"footnotes":""},"categories":[196],"tags":[191,1418,1420,1368],"class_list":["post-10851","post","type-post","status-publish","format-standard","hentry","category-niewiadomscy","tag-eligiusz-niewiadomski","tag-polona","tag-przed-sadem","tag-publikacja"],"_links":{"self":[{"href":"http:\/\/piekarscy.com.pl\/index.php?rest_route=\/wp\/v2\/posts\/10851","targetHints":{"allow":["GET"]}}],"collection":[{"href":"http:\/\/piekarscy.com.pl\/index.php?rest_route=\/wp\/v2\/posts"}],"about":[{"href":"http:\/\/piekarscy.com.pl\/index.php?rest_route=\/wp\/v2\/types\/post"}],"author":[{"embeddable":true,"href":"http:\/\/piekarscy.com.pl\/index.php?rest_route=\/wp\/v2\/users\/1"}],"replies":[{"embeddable":true,"href":"http:\/\/piekarscy.com.pl\/index.php?rest_route=%2Fwp%2Fv2%2Fcomments&post=10851"}],"version-history":[{"count":2,"href":"http:\/\/piekarscy.com.pl\/index.php?rest_route=\/wp\/v2\/posts\/10851\/revisions"}],"predecessor-version":[{"id":10862,"href":"http:\/\/piekarscy.com.pl\/index.php?rest_route=\/wp\/v2\/posts\/10851\/revisions\/10862"}],"wp:attachment":[{"href":"http:\/\/piekarscy.com.pl\/index.php?rest_route=%2Fwp%2Fv2%2Fmedia&parent=10851"}],"wp:term":[{"taxonomy":"category","embeddable":true,"href":"http:\/\/piekarscy.com.pl\/index.php?rest_route=%2Fwp%2Fv2%2Fcategories&post=10851"},{"taxonomy":"post_tag","embeddable":true,"href":"http:\/\/piekarscy.com.pl\/index.php?rest_route=%2Fwp%2Fv2%2Ftags&post=10851"}],"curies":[{"name":"wp","href":"https:\/\/api.w.org\/{rel}","templated":true}]}}