{"id":11011,"date":"2018-04-02T17:15:22","date_gmt":"2018-04-02T17:15:22","guid":{"rendered":"http:\/\/piekarscy.com.pl\/?p=11011"},"modified":"2018-03-07T17:20:27","modified_gmt":"2018-03-07T17:20:27","slug":"stracenie-niewiadomskiego","status":"publish","type":"post","link":"http:\/\/piekarscy.com.pl\/?p=11011","title":{"rendered":"Stracenie Niewiadomskiego"},"content":{"rendered":"<p>Dzi\u0119ki\u00a0<a href=\"http:\/\/polona.pl\/\" target=\"_blank\" rel=\"noopener\">Polonie<\/a>\u00a0mo\u017cna dotrze\u0107 do wielu publikacji, o kt\u00f3rych istnieniu czasem nie mia\u0142am poj\u0119cia. Teraz postanowi\u0142am zaj\u0105\u0107 si\u0119 publikacjami autorstwa Eligiusza Niewiadomskiego lub jego dotycz\u0105cymi. By\u0142 on stryjecznym szwagrem mojej prababci Zofii z Ruszczykowskich Piekarskiej.<\/p>\n<p>Oto notatka maszynowa o straceniu Niewiadomskiego ze zbior\u00f3w Biblioteki Narodowej.<\/p>\n<p><a href=\"http:\/\/piekarscy.com.pl\/wp-content\/uploads\/2018\/04\/stracenie-niewiadomskiego.jpg\"><img loading=\"lazy\" decoding=\"async\" class=\"aligncenter size-medium wp-image-11013\" src=\"http:\/\/piekarscy.com.pl\/wp-content\/uploads\/2018\/04\/stracenie-niewiadomskiego-192x300.jpg\" alt=\"\" width=\"192\" height=\"300\" srcset=\"http:\/\/piekarscy.com.pl\/wp-content\/uploads\/2018\/04\/stracenie-niewiadomskiego-192x300.jpg 192w, http:\/\/piekarscy.com.pl\/wp-content\/uploads\/2018\/04\/stracenie-niewiadomskiego-656x1024.jpg 656w, http:\/\/piekarscy.com.pl\/wp-content\/uploads\/2018\/04\/stracenie-niewiadomskiego-624x974.jpg 624w\" sizes=\"auto, (max-width: 192px) 100vw, 192px\" \/><\/a><\/p>\n","protected":false},"excerpt":{"rendered":"<p>Dzi\u0119ki\u00a0Polonie\u00a0mo\u017cna dotrze\u0107 do wielu publikacji, o kt\u00f3rych istnieniu czasem nie mia\u0142am poj\u0119cia. Teraz postanowi\u0142am zaj\u0105\u0107 si\u0119 publikacjami autorstwa Eligiusza Niewiadomskiego lub jego dotycz\u0105cymi. By\u0142 on stryjecznym szwagrem mojej prababci Zofii z Ruszczykowskich Piekarskiej. Oto notatka maszynowa o straceniu Niewiadomskiego ze zbior\u00f3w Biblioteki Narodowej.<\/p>\n","protected":false},"author":1,"featured_media":0,"comment_status":"closed","ping_status":"closed","sticky":false,"template":"","format":"standard","meta":{"footnotes":""},"categories":[196],"tags":[191,833,1418,1424],"class_list":["post-11011","post","type-post","status-publish","format-standard","hentry","category-niewiadomscy","tag-eligiusz-niewiadomski","tag-maszynopis","tag-polona","tag-stracenie-niewiadomskiego"],"_links":{"self":[{"href":"http:\/\/piekarscy.com.pl\/index.php?rest_route=\/wp\/v2\/posts\/11011","targetHints":{"allow":["GET"]}}],"collection":[{"href":"http:\/\/piekarscy.com.pl\/index.php?rest_route=\/wp\/v2\/posts"}],"about":[{"href":"http:\/\/piekarscy.com.pl\/index.php?rest_route=\/wp\/v2\/types\/post"}],"author":[{"embeddable":true,"href":"http:\/\/piekarscy.com.pl\/index.php?rest_route=\/wp\/v2\/users\/1"}],"replies":[{"embeddable":true,"href":"http:\/\/piekarscy.com.pl\/index.php?rest_route=%2Fwp%2Fv2%2Fcomments&post=11011"}],"version-history":[{"count":2,"href":"http:\/\/piekarscy.com.pl\/index.php?rest_route=\/wp\/v2\/posts\/11011\/revisions"}],"predecessor-version":[{"id":11014,"href":"http:\/\/piekarscy.com.pl\/index.php?rest_route=\/wp\/v2\/posts\/11011\/revisions\/11014"}],"wp:attachment":[{"href":"http:\/\/piekarscy.com.pl\/index.php?rest_route=%2Fwp%2Fv2%2Fmedia&parent=11011"}],"wp:term":[{"taxonomy":"category","embeddable":true,"href":"http:\/\/piekarscy.com.pl\/index.php?rest_route=%2Fwp%2Fv2%2Fcategories&post=11011"},{"taxonomy":"post_tag","embeddable":true,"href":"http:\/\/piekarscy.com.pl\/index.php?rest_route=%2Fwp%2Fv2%2Ftags&post=11011"}],"curies":[{"name":"wp","href":"https:\/\/api.w.org\/{rel}","templated":true}]}}