{"id":11019,"date":"2018-04-04T17:26:42","date_gmt":"2018-04-04T17:26:42","guid":{"rendered":"http:\/\/piekarscy.com.pl\/?p=11019"},"modified":"2018-03-07T17:33:45","modified_gmt":"2018-03-07T17:33:45","slug":"o-moj-rozmarynie-czyli-ilustracja-niewiadomskiego","status":"publish","type":"post","link":"http:\/\/piekarscy.com.pl\/?p=11019","title":{"rendered":"O m\u00f3j rozmarynie, czyli ilustracja Niewiadomskiego"},"content":{"rendered":"<p>Dzi\u0119ki\u00a0<a href=\"http:\/\/polona.pl\/\" target=\"_blank\" rel=\"noopener\">Polonie<\/a>\u00a0mo\u017cna dotrze\u0107 do wielu publikacji, o kt\u00f3rych istnieniu czasem nie mia\u0142am poj\u0119cia. Teraz postanowi\u0142am zaj\u0105\u0107 si\u0119 publikacjami autorstwa Eligiusza Niewiadomskiego lub jego dotycz\u0105cymi. By\u0142 on stryjecznym szwagrem mojej prababci Zofii z Ruszczykowskich Piekarskiej.<\/p>\n<p>Oto ilustracja do wiersza O m\u00f3j rozmarynie Edwarda S\u0142o\u0144skiego.<\/p>\n<p><a href=\"http:\/\/piekarscy.com.pl\/wp-content\/uploads\/2018\/03\/o-moj-rozmarynie.jpg\"><img loading=\"lazy\" decoding=\"async\" class=\"aligncenter wp-image-11020 size-medium\" src=\"http:\/\/piekarscy.com.pl\/wp-content\/uploads\/2018\/03\/o-moj-rozmarynie-e1520443971841-300x192.jpg\" alt=\"\" width=\"300\" height=\"192\" srcset=\"http:\/\/piekarscy.com.pl\/wp-content\/uploads\/2018\/03\/o-moj-rozmarynie-e1520443971841-300x192.jpg 300w, http:\/\/piekarscy.com.pl\/wp-content\/uploads\/2018\/03\/o-moj-rozmarynie-e1520443971841-1024x656.jpg 1024w, http:\/\/piekarscy.com.pl\/wp-content\/uploads\/2018\/03\/o-moj-rozmarynie-e1520443971841-624x400.jpg 624w, http:\/\/piekarscy.com.pl\/wp-content\/uploads\/2018\/03\/o-moj-rozmarynie-e1520443971841.jpg 1653w\" sizes=\"auto, (max-width: 300px) 100vw, 300px\" \/><\/a><\/p>\n","protected":false},"excerpt":{"rendered":"<p>Dzi\u0119ki\u00a0Polonie\u00a0mo\u017cna dotrze\u0107 do wielu publikacji, o kt\u00f3rych istnieniu czasem nie mia\u0142am poj\u0119cia. Teraz postanowi\u0142am zaj\u0105\u0107 si\u0119 publikacjami autorstwa Eligiusza Niewiadomskiego lub jego dotycz\u0105cymi. By\u0142 on stryjecznym szwagrem mojej prababci Zofii z Ruszczykowskich Piekarskiej. Oto ilustracja do wiersza O m\u00f3j rozmarynie Edwarda S\u0142o\u0144skiego.<\/p>\n","protected":false},"author":1,"featured_media":0,"comment_status":"closed","ping_status":"closed","sticky":false,"template":"","format":"standard","meta":{"footnotes":""},"categories":[196],"tags":[1425,191,1426,1427,1418,172],"class_list":["post-11019","post","type-post","status-publish","format-standard","hentry","category-niewiadomscy","tag-edward-slonski","tag-eligiusz-niewiadomski","tag-ilustracja","tag-o-moj-rozmarynie","tag-polona","tag-wiersz"],"_links":{"self":[{"href":"http:\/\/piekarscy.com.pl\/index.php?rest_route=\/wp\/v2\/posts\/11019","targetHints":{"allow":["GET"]}}],"collection":[{"href":"http:\/\/piekarscy.com.pl\/index.php?rest_route=\/wp\/v2\/posts"}],"about":[{"href":"http:\/\/piekarscy.com.pl\/index.php?rest_route=\/wp\/v2\/types\/post"}],"author":[{"embeddable":true,"href":"http:\/\/piekarscy.com.pl\/index.php?rest_route=\/wp\/v2\/users\/1"}],"replies":[{"embeddable":true,"href":"http:\/\/piekarscy.com.pl\/index.php?rest_route=%2Fwp%2Fv2%2Fcomments&post=11019"}],"version-history":[{"count":1,"href":"http:\/\/piekarscy.com.pl\/index.php?rest_route=\/wp\/v2\/posts\/11019\/revisions"}],"predecessor-version":[{"id":11021,"href":"http:\/\/piekarscy.com.pl\/index.php?rest_route=\/wp\/v2\/posts\/11019\/revisions\/11021"}],"wp:attachment":[{"href":"http:\/\/piekarscy.com.pl\/index.php?rest_route=%2Fwp%2Fv2%2Fmedia&parent=11019"}],"wp:term":[{"taxonomy":"category","embeddable":true,"href":"http:\/\/piekarscy.com.pl\/index.php?rest_route=%2Fwp%2Fv2%2Fcategories&post=11019"},{"taxonomy":"post_tag","embeddable":true,"href":"http:\/\/piekarscy.com.pl\/index.php?rest_route=%2Fwp%2Fv2%2Ftags&post=11019"}],"curies":[{"name":"wp","href":"https:\/\/api.w.org\/{rel}","templated":true}]}}