{"id":1162,"date":"2014-02-15T00:21:34","date_gmt":"2014-02-15T00:21:34","guid":{"rendered":"http:\/\/piekarscy.com.pl\/?p=1162"},"modified":"2014-01-11T22:24:39","modified_gmt":"2014-01-11T22:24:39","slug":"kalendarzyk-zbyszka","status":"publish","type":"post","link":"http:\/\/piekarscy.com.pl\/?p=1162","title":{"rendered":"Kalendarzyk Zbyszka"},"content":{"rendered":"<p>Po Zbyszku Piekarskim, bracie mojego dziadka zosta\u0142 te\u017c kalendarzyk z roku jego \u015bmierci. Kalendarzyk jest pusty. Nikt nigdy w nim nic nie zanotowa\u0142.<\/p>\n<p><img loading=\"lazy\" decoding=\"async\" class=\"aligncenter size-medium wp-image-1164\" alt=\"kalendarzyk1924\" src=\"http:\/\/piekarscy.com.pl\/wp-content\/uploads\/2014\/01\/kalendarzyk1924-199x300.jpg\" width=\"199\" height=\"300\" srcset=\"http:\/\/piekarscy.com.pl\/wp-content\/uploads\/2014\/01\/kalendarzyk1924-199x300.jpg 199w, http:\/\/piekarscy.com.pl\/wp-content\/uploads\/2014\/01\/kalendarzyk1924-681x1024.jpg 681w, http:\/\/piekarscy.com.pl\/wp-content\/uploads\/2014\/01\/kalendarzyk1924-624x938.jpg 624w, http:\/\/piekarscy.com.pl\/wp-content\/uploads\/2014\/01\/kalendarzyk1924.jpg 822w\" sizes=\"auto, (max-width: 199px) 100vw, 199px\" \/><a href=\"http:\/\/piekarscy.com.pl\/wp-content\/uploads\/2014\/01\/kalendarz1924-listopad.jpg\"><img loading=\"lazy\" decoding=\"async\" class=\"aligncenter size-medium wp-image-1163\" alt=\"kalendarz1924-listopad\" src=\"http:\/\/piekarscy.com.pl\/wp-content\/uploads\/2014\/01\/kalendarz1924-listopad-300x229.jpg\" width=\"300\" height=\"229\" srcset=\"http:\/\/piekarscy.com.pl\/wp-content\/uploads\/2014\/01\/kalendarz1924-listopad-300x229.jpg 300w, http:\/\/piekarscy.com.pl\/wp-content\/uploads\/2014\/01\/kalendarz1924-listopad-1024x784.jpg 1024w, http:\/\/piekarscy.com.pl\/wp-content\/uploads\/2014\/01\/kalendarz1924-listopad-624x478.jpg 624w, http:\/\/piekarscy.com.pl\/wp-content\/uploads\/2014\/01\/kalendarz1924-listopad.jpg 1542w\" sizes=\"auto, (max-width: 300px) 100vw, 300px\" \/><\/a><\/p>\n","protected":false},"excerpt":{"rendered":"<p>Po Zbyszku Piekarskim, bracie mojego dziadka zosta\u0142 te\u017c kalendarzyk z roku jego \u015bmierci. Kalendarzyk jest pusty. Nikt nigdy w nim nic nie zanotowa\u0142.<\/p>\n","protected":false},"author":1,"featured_media":0,"comment_status":"closed","ping_status":"closed","sticky":false,"template":"","format":"standard","meta":{"footnotes":""},"categories":[3],"tags":[134,173,50,86],"class_list":["post-1162","post","type-post","status-publish","format-standard","hentry","category-piekarscy","tag-dziewietnastoletni-marynarz","tag-kalendarzyk","tag-pamiatka","tag-zbigniew-piekarski"],"_links":{"self":[{"href":"http:\/\/piekarscy.com.pl\/index.php?rest_route=\/wp\/v2\/posts\/1162","targetHints":{"allow":["GET"]}}],"collection":[{"href":"http:\/\/piekarscy.com.pl\/index.php?rest_route=\/wp\/v2\/posts"}],"about":[{"href":"http:\/\/piekarscy.com.pl\/index.php?rest_route=\/wp\/v2\/types\/post"}],"author":[{"embeddable":true,"href":"http:\/\/piekarscy.com.pl\/index.php?rest_route=\/wp\/v2\/users\/1"}],"replies":[{"embeddable":true,"href":"http:\/\/piekarscy.com.pl\/index.php?rest_route=%2Fwp%2Fv2%2Fcomments&post=1162"}],"version-history":[{"count":1,"href":"http:\/\/piekarscy.com.pl\/index.php?rest_route=\/wp\/v2\/posts\/1162\/revisions"}],"predecessor-version":[{"id":1165,"href":"http:\/\/piekarscy.com.pl\/index.php?rest_route=\/wp\/v2\/posts\/1162\/revisions\/1165"}],"wp:attachment":[{"href":"http:\/\/piekarscy.com.pl\/index.php?rest_route=%2Fwp%2Fv2%2Fmedia&parent=1162"}],"wp:term":[{"taxonomy":"category","embeddable":true,"href":"http:\/\/piekarscy.com.pl\/index.php?rest_route=%2Fwp%2Fv2%2Fcategories&post=1162"},{"taxonomy":"post_tag","embeddable":true,"href":"http:\/\/piekarscy.com.pl\/index.php?rest_route=%2Fwp%2Fv2%2Ftags&post=1162"}],"curies":[{"name":"wp","href":"https:\/\/api.w.org\/{rel}","templated":true}]}}