{"id":11704,"date":"2018-07-16T16:26:06","date_gmt":"2018-07-16T16:26:06","guid":{"rendered":"http:\/\/piekarscy.com.pl\/?p=11704"},"modified":"2018-07-15T11:33:50","modified_gmt":"2018-07-15T11:33:50","slug":"poczet-krolow-polskich-szwagra-praprababci-cz-3","status":"publish","type":"post","link":"http:\/\/piekarscy.com.pl\/?p=11704","title":{"rendered":"Poczet Kr\u00f3l\u00f3w Polskich szwagra praprababci cz. 3"},"content":{"rendered":"<p>Tytus Maleszewski (ur. 1827 \u2013 zm. 1898) to\u00a0malarz, rysownik, pedagog, a prywatnie&#8230; rodzony brat szwagra mojej prapraprababci Konstancji z Nieszkowskich h. Ko\u015bciesza Gorczyckiej h. Jastrz\u0119biec. Rodzona siostra Konstancji Paulina\u00a0wysz\u0142a za m\u0105\u017c za Ursyna Jax\u0119-Maleszewskiego, kt\u00f3ry, jak pisa\u0142a w pami\u0119tniku c\u00f3rka Konstancji a siostrzenica Pauliny Jadwiga z Gorczyckich Tyblewska, by\u0142 \u201c<em>s\u0119dzi\u0105 do 1863 r. potem po powstaniu straci\u0142 posad\u0119 rz\u0105dow\u0105 i s\u0142u\u017cy\u0142, jako urz\u0119dnik na kolei.\u201d <\/em>Rodzonym bratem Ursyna Maleszewskiego by\u0142 Tytus. Jego zdj\u0119cie zachowa\u0142o si\u0119 w rodzinnym albumie, kt\u00f3ry posiadam, a u kuzynki jest portret jego p\u0119dzla przedstawiaj\u0105cy Paulin\u0119.<\/p>\n<p>Dzi\u0119ki <a href=\"https:\/\/polona.pl\" target=\"_blank\" rel=\"noopener\">Polonie<\/a> mog\u0142am obejrze\u0107 poczet kr\u00f3l\u00f3w polskich autorstwa Tytusa Maleszewskiego. 43 portrety stworzone wg rysunk\u00f3w Tytusa opublikowano w wydanej w 1880 roku nak\u0142adem Gebethnera i Wolffa\u00a0ksi\u0105\u017cce.<\/p>\n<p>Oto cz. 3., czyli kolejny w\u0142adca: Mieszko II<\/p>\n<p><a href=\"http:\/\/piekarscy.com.pl\/wp-content\/uploads\/2018\/07\/NTc2NTA0NA.5764809.jpg\"><img loading=\"lazy\" decoding=\"async\" class=\"aligncenter size-medium wp-image-11687\" src=\"http:\/\/piekarscy.com.pl\/wp-content\/uploads\/2018\/07\/NTc2NTA0NA.5764809-199x300.jpg\" alt=\"\" width=\"199\" height=\"300\" srcset=\"http:\/\/piekarscy.com.pl\/wp-content\/uploads\/2018\/07\/NTc2NTA0NA.5764809-199x300.jpg 199w, http:\/\/piekarscy.com.pl\/wp-content\/uploads\/2018\/07\/NTc2NTA0NA.5764809-681x1024.jpg 681w, http:\/\/piekarscy.com.pl\/wp-content\/uploads\/2018\/07\/NTc2NTA0NA.5764809-624x938.jpg 624w, http:\/\/piekarscy.com.pl\/wp-content\/uploads\/2018\/07\/NTc2NTA0NA.5764809.jpg 2000w\" sizes=\"auto, (max-width: 199px) 100vw, 199px\" \/><\/a><\/p>\n","protected":false},"excerpt":{"rendered":"<p>Tytus Maleszewski (ur. 1827 \u2013 zm. 1898) to\u00a0malarz, rysownik, pedagog, a prywatnie&#8230; rodzony brat szwagra mojej prapraprababci Konstancji z Nieszkowskich h. Ko\u015bciesza Gorczyckiej h. Jastrz\u0119biec. Rodzona siostra Konstancji Paulina\u00a0wysz\u0142a za m\u0105\u017c za Ursyna Jax\u0119-Maleszewskiego, kt\u00f3ry, jak pisa\u0142a w pami\u0119tniku c\u00f3rka Konstancji a siostrzenica Pauliny Jadwiga z Gorczyckich Tyblewska, by\u0142 \u201cs\u0119dzi\u0105 do 1863 r. potem po [&hellip;]<\/p>\n","protected":false},"author":1,"featured_media":0,"comment_status":"closed","ping_status":"closed","sticky":false,"template":"","format":"standard","meta":{"footnotes":""},"categories":[243],"tags":[1473,275,1476,1474,1472],"class_list":["post-11704","post","type-post","status-publish","format-standard","hentry","category-maleszewscy","tag-krolowie-polscy","tag-ksiazka","tag-mieszko-ii","tag-rysunki","tag-tytus-maleszewski"],"_links":{"self":[{"href":"http:\/\/piekarscy.com.pl\/index.php?rest_route=\/wp\/v2\/posts\/11704","targetHints":{"allow":["GET"]}}],"collection":[{"href":"http:\/\/piekarscy.com.pl\/index.php?rest_route=\/wp\/v2\/posts"}],"about":[{"href":"http:\/\/piekarscy.com.pl\/index.php?rest_route=\/wp\/v2\/types\/post"}],"author":[{"embeddable":true,"href":"http:\/\/piekarscy.com.pl\/index.php?rest_route=\/wp\/v2\/users\/1"}],"replies":[{"embeddable":true,"href":"http:\/\/piekarscy.com.pl\/index.php?rest_route=%2Fwp%2Fv2%2Fcomments&post=11704"}],"version-history":[{"count":2,"href":"http:\/\/piekarscy.com.pl\/index.php?rest_route=\/wp\/v2\/posts\/11704\/revisions"}],"predecessor-version":[{"id":11866,"href":"http:\/\/piekarscy.com.pl\/index.php?rest_route=\/wp\/v2\/posts\/11704\/revisions\/11866"}],"wp:attachment":[{"href":"http:\/\/piekarscy.com.pl\/index.php?rest_route=%2Fwp%2Fv2%2Fmedia&parent=11704"}],"wp:term":[{"taxonomy":"category","embeddable":true,"href":"http:\/\/piekarscy.com.pl\/index.php?rest_route=%2Fwp%2Fv2%2Fcategories&post=11704"},{"taxonomy":"post_tag","embeddable":true,"href":"http:\/\/piekarscy.com.pl\/index.php?rest_route=%2Fwp%2Fv2%2Ftags&post=11704"}],"curies":[{"name":"wp","href":"https:\/\/api.w.org\/{rel}","templated":true}]}}