{"id":11954,"date":"2018-09-06T06:18:07","date_gmt":"2018-09-06T06:18:07","guid":{"rendered":"http:\/\/piekarscy.com.pl\/?p=11954"},"modified":"2018-09-05T17:46:14","modified_gmt":"2018-09-05T17:46:14","slug":"nekrolog-praprapradziadka-pawla","status":"publish","type":"post","link":"http:\/\/piekarscy.com.pl\/?p=11954","title":{"rendered":"Nekrolog praprapradziadka Paw\u0142a"},"content":{"rendered":"<p>Wczoraj pokazywa\u0142am nekrolog prapradziadka Micha\u0142a Piekarskiego. Dzi\u015b czas na jego ojca Paw\u0142a (1799-1865) i jego nekrolog z Gazety Warszawskiej.<\/p>\n<p><a href=\"http:\/\/piekarscy.com.pl\/wp-content\/uploads\/2018\/09\/gazeta-warszawska.jpeg\"><img loading=\"lazy\" decoding=\"async\" class=\"aligncenter size-medium wp-image-11955\" src=\"http:\/\/piekarscy.com.pl\/wp-content\/uploads\/2018\/09\/gazeta-warszawska-300x72.jpeg\" alt=\"\" width=\"300\" height=\"72\" srcset=\"http:\/\/piekarscy.com.pl\/wp-content\/uploads\/2018\/09\/gazeta-warszawska-300x72.jpeg 300w, http:\/\/piekarscy.com.pl\/wp-content\/uploads\/2018\/09\/gazeta-warszawska-1024x244.jpeg 1024w, http:\/\/piekarscy.com.pl\/wp-content\/uploads\/2018\/09\/gazeta-warszawska-624x149.jpeg 624w\" sizes=\"auto, (max-width: 300px) 100vw, 300px\" \/><\/a> <a href=\"http:\/\/piekarscy.com.pl\/wp-content\/uploads\/2018\/09\/nekrolog-pawel-praprapradziadek.jpeg\"><img loading=\"lazy\" decoding=\"async\" class=\"aligncenter size-medium wp-image-11956\" src=\"http:\/\/piekarscy.com.pl\/wp-content\/uploads\/2018\/09\/nekrolog-pawel-praprapradziadek-300x118.jpeg\" alt=\"\" width=\"300\" height=\"118\" srcset=\"http:\/\/piekarscy.com.pl\/wp-content\/uploads\/2018\/09\/nekrolog-pawel-praprapradziadek-300x118.jpeg 300w, http:\/\/piekarscy.com.pl\/wp-content\/uploads\/2018\/09\/nekrolog-pawel-praprapradziadek-624x245.jpeg 624w, http:\/\/piekarscy.com.pl\/wp-content\/uploads\/2018\/09\/nekrolog-pawel-praprapradziadek.jpeg 1010w\" sizes=\"auto, (max-width: 300px) 100vw, 300px\" \/><\/a><\/p>\n","protected":false},"excerpt":{"rendered":"<p>Wczoraj pokazywa\u0142am nekrolog prapradziadka Micha\u0142a Piekarskiego. Dzi\u015b czas na jego ojca Paw\u0142a (1799-1865) i jego nekrolog z Gazety Warszawskiej.<\/p>\n","protected":false},"author":1,"featured_media":0,"comment_status":"closed","ping_status":"closed","sticky":false,"template":"","format":"standard","meta":{"footnotes":""},"categories":[3],"tags":[89,35],"class_list":["post-11954","post","type-post","status-publish","format-standard","hentry","category-piekarscy","tag-nekrolog","tag-pawel-piekarski"],"_links":{"self":[{"href":"http:\/\/piekarscy.com.pl\/index.php?rest_route=\/wp\/v2\/posts\/11954","targetHints":{"allow":["GET"]}}],"collection":[{"href":"http:\/\/piekarscy.com.pl\/index.php?rest_route=\/wp\/v2\/posts"}],"about":[{"href":"http:\/\/piekarscy.com.pl\/index.php?rest_route=\/wp\/v2\/types\/post"}],"author":[{"embeddable":true,"href":"http:\/\/piekarscy.com.pl\/index.php?rest_route=\/wp\/v2\/users\/1"}],"replies":[{"embeddable":true,"href":"http:\/\/piekarscy.com.pl\/index.php?rest_route=%2Fwp%2Fv2%2Fcomments&post=11954"}],"version-history":[{"count":1,"href":"http:\/\/piekarscy.com.pl\/index.php?rest_route=\/wp\/v2\/posts\/11954\/revisions"}],"predecessor-version":[{"id":11957,"href":"http:\/\/piekarscy.com.pl\/index.php?rest_route=\/wp\/v2\/posts\/11954\/revisions\/11957"}],"wp:attachment":[{"href":"http:\/\/piekarscy.com.pl\/index.php?rest_route=%2Fwp%2Fv2%2Fmedia&parent=11954"}],"wp:term":[{"taxonomy":"category","embeddable":true,"href":"http:\/\/piekarscy.com.pl\/index.php?rest_route=%2Fwp%2Fv2%2Fcategories&post=11954"},{"taxonomy":"post_tag","embeddable":true,"href":"http:\/\/piekarscy.com.pl\/index.php?rest_route=%2Fwp%2Fv2%2Ftags&post=11954"}],"curies":[{"name":"wp","href":"https:\/\/api.w.org\/{rel}","templated":true}]}}