{"id":12248,"date":"2018-10-20T14:33:54","date_gmt":"2018-10-20T14:33:54","guid":{"rendered":"http:\/\/piekarscy.com.pl\/?p=12248"},"modified":"2018-10-21T14:40:48","modified_gmt":"2018-10-21T14:40:48","slug":"franciszek-gorczycki-delegatem-takowsym","status":"publish","type":"post","link":"http:\/\/piekarscy.com.pl\/?p=12248","title":{"rendered":"Franciszek Gorczycki delegatem taksowym"},"content":{"rendered":"<p>Franciszek Gorczycki to rodzony brat mojej praprababci. Oto notatka z Kurjera Warszawskiego \u015bwiadcz\u0105ca o tym, ze by\u0142 delegatem taksowym.<\/p>\n<p><a href=\"http:\/\/piekarscy.com.pl\/wp-content\/uploads\/2018\/10\/Zrzut-ekranu-2018-10-21-o-16.35.46.png\"><img loading=\"lazy\" decoding=\"async\" class=\"aligncenter size-medium wp-image-12249\" src=\"http:\/\/piekarscy.com.pl\/wp-content\/uploads\/2018\/10\/Zrzut-ekranu-2018-10-21-o-16.35.46-300x97.png\" alt=\"\" width=\"300\" height=\"97\" srcset=\"http:\/\/piekarscy.com.pl\/wp-content\/uploads\/2018\/10\/Zrzut-ekranu-2018-10-21-o-16.35.46-300x97.png 300w, http:\/\/piekarscy.com.pl\/wp-content\/uploads\/2018\/10\/Zrzut-ekranu-2018-10-21-o-16.35.46-1024x333.png 1024w, http:\/\/piekarscy.com.pl\/wp-content\/uploads\/2018\/10\/Zrzut-ekranu-2018-10-21-o-16.35.46-624x203.png 624w\" sizes=\"auto, (max-width: 300px) 100vw, 300px\" \/><\/a> <a href=\"http:\/\/piekarscy.com.pl\/wp-content\/uploads\/2018\/10\/Zrzut-ekranu-2018-10-21-o-16.35.25.png\"><img loading=\"lazy\" decoding=\"async\" class=\"aligncenter size-medium wp-image-12250\" src=\"http:\/\/piekarscy.com.pl\/wp-content\/uploads\/2018\/10\/Zrzut-ekranu-2018-10-21-o-16.35.25-214x300.png\" alt=\"\" width=\"214\" height=\"300\" srcset=\"http:\/\/piekarscy.com.pl\/wp-content\/uploads\/2018\/10\/Zrzut-ekranu-2018-10-21-o-16.35.25-214x300.png 214w, http:\/\/piekarscy.com.pl\/wp-content\/uploads\/2018\/10\/Zrzut-ekranu-2018-10-21-o-16.35.25-731x1024.png 731w, http:\/\/piekarscy.com.pl\/wp-content\/uploads\/2018\/10\/Zrzut-ekranu-2018-10-21-o-16.35.25-624x875.png 624w, http:\/\/piekarscy.com.pl\/wp-content\/uploads\/2018\/10\/Zrzut-ekranu-2018-10-21-o-16.35.25.png 782w\" sizes=\"auto, (max-width: 214px) 100vw, 214px\" \/><\/a><\/p>\n","protected":false},"excerpt":{"rendered":"<p>Franciszek Gorczycki to rodzony brat mojej praprababci. Oto notatka z Kurjera Warszawskiego \u015bwiadcz\u0105ca o tym, ze by\u0142 delegatem taksowym.<\/p>\n","protected":false},"author":1,"featured_media":0,"comment_status":"closed","ping_status":"closed","sticky":false,"template":"","format":"standard","meta":{"footnotes":""},"categories":[6],"tags":[236,439],"class_list":["post-12248","post","type-post","status-publish","format-standard","hentry","category-gorczyccy","tag-franciszek-gorczycki","tag-kurjer-warszawski"],"_links":{"self":[{"href":"http:\/\/piekarscy.com.pl\/index.php?rest_route=\/wp\/v2\/posts\/12248","targetHints":{"allow":["GET"]}}],"collection":[{"href":"http:\/\/piekarscy.com.pl\/index.php?rest_route=\/wp\/v2\/posts"}],"about":[{"href":"http:\/\/piekarscy.com.pl\/index.php?rest_route=\/wp\/v2\/types\/post"}],"author":[{"embeddable":true,"href":"http:\/\/piekarscy.com.pl\/index.php?rest_route=\/wp\/v2\/users\/1"}],"replies":[{"embeddable":true,"href":"http:\/\/piekarscy.com.pl\/index.php?rest_route=%2Fwp%2Fv2%2Fcomments&post=12248"}],"version-history":[{"count":2,"href":"http:\/\/piekarscy.com.pl\/index.php?rest_route=\/wp\/v2\/posts\/12248\/revisions"}],"predecessor-version":[{"id":12252,"href":"http:\/\/piekarscy.com.pl\/index.php?rest_route=\/wp\/v2\/posts\/12248\/revisions\/12252"}],"wp:attachment":[{"href":"http:\/\/piekarscy.com.pl\/index.php?rest_route=%2Fwp%2Fv2%2Fmedia&parent=12248"}],"wp:term":[{"taxonomy":"category","embeddable":true,"href":"http:\/\/piekarscy.com.pl\/index.php?rest_route=%2Fwp%2Fv2%2Fcategories&post=12248"},{"taxonomy":"post_tag","embeddable":true,"href":"http:\/\/piekarscy.com.pl\/index.php?rest_route=%2Fwp%2Fv2%2Ftags&post=12248"}],"curies":[{"name":"wp","href":"https:\/\/api.w.org\/{rel}","templated":true}]}}