{"id":12387,"date":"2018-11-14T09:05:27","date_gmt":"2018-11-14T09:05:27","guid":{"rendered":"http:\/\/piekarscy.com.pl\/?p=12387"},"modified":"2018-11-17T09:24:12","modified_gmt":"2018-11-17T09:24:12","slug":"kim-byl-walenty-krosnowski","status":"publish","type":"post","link":"http:\/\/piekarscy.com.pl\/?p=12387","title":{"rendered":"Kim by\u0142 Walenty Krosnowski?"},"content":{"rendered":"<p>Pisa\u0142am ju\u017c, \u017ce\u00a0Krosnowscy to rodzina m\u0119\u017ca mojej ukochanej ciotki (a w\u0142a\u015bciwie babci) Stefanii z Ruszczykowskich Krosnowskiej (1913-1991).\u00a0Walenty Krosnowski by\u0142 rodzonym bratem pradziadka jej m\u0119\u017ca Ryszarda Krosnowskiego.<\/p>\n<p><a href=\"http:\/\/piekarscy.com.pl\/wp-content\/uploads\/2018\/11\/Zrzut-ekranu-2018-11-16-o-21.35.40.png\"><img loading=\"lazy\" decoding=\"async\" class=\"aligncenter size-medium wp-image-12385\" src=\"http:\/\/piekarscy.com.pl\/wp-content\/uploads\/2018\/11\/Zrzut-ekranu-2018-11-16-o-21.35.40-300x86.png\" alt=\"\" width=\"300\" height=\"86\" srcset=\"http:\/\/piekarscy.com.pl\/wp-content\/uploads\/2018\/11\/Zrzut-ekranu-2018-11-16-o-21.35.40-300x86.png 300w, http:\/\/piekarscy.com.pl\/wp-content\/uploads\/2018\/11\/Zrzut-ekranu-2018-11-16-o-21.35.40-1024x295.png 1024w, http:\/\/piekarscy.com.pl\/wp-content\/uploads\/2018\/11\/Zrzut-ekranu-2018-11-16-o-21.35.40-624x180.png 624w\" sizes=\"auto, (max-width: 300px) 100vw, 300px\" \/><\/a><a href=\"http:\/\/piekarscy.com.pl\/wp-content\/uploads\/2018\/11\/Walenty_Krosnowski.jpg\"><img loading=\"lazy\" decoding=\"async\" class=\"aligncenter size-medium wp-image-12388\" src=\"http:\/\/piekarscy.com.pl\/wp-content\/uploads\/2018\/11\/Walenty_Krosnowski-225x300.jpg\" alt=\"\" width=\"225\" height=\"300\" srcset=\"http:\/\/piekarscy.com.pl\/wp-content\/uploads\/2018\/11\/Walenty_Krosnowski-225x300.jpg 225w, http:\/\/piekarscy.com.pl\/wp-content\/uploads\/2018\/11\/Walenty_Krosnowski.jpg 563w\" sizes=\"auto, (max-width: 225px) 100vw, 225px\" \/><\/a><\/p>\n<p>Walenty Krosnowski nale\u017ca\u0142 do tzw. Belwederczyk\u00f3w, bo do historii przeszed\u0142 jako uczestnik\u00a0ataku na Belweder\u00a0w noc listopadow\u0105 (29 XI 1830), czyli pierwszego zbrojnego wyst\u0105pienia powsta\u0144c\u00f3w listopadowych. Nale\u017ca\u0142 do\u00a0grupy atakuj\u0105cej siedzib\u0119\u00a0wielkiego ksi\u0119cia Konstantego\u00a0od strony ogrodowej. Cho\u0107 szturm\u00a0belwederski zako\u0144czy\u0142 si\u0119 niepowodzeniem, ale wielki ksi\u0105\u017c\u0119 Konstanty\u00a0bezpowrotnie utraci\u0142 w\u0142adz\u0119 w\u00a0Kr\u00f3lestwie Polskim. Niestety Krosnowski w czasie ataku, jako\u00a0jedyny\u00a0belwederczyk, wpad\u0142 w r\u0119ce Rosjan. Wolno\u015b\u0107 odzyska\u0142 ju\u017c po kilku dniach,\u00a0gdy wielki ksi\u0105\u017c\u0119 Konstanty zezwoli\u0142 wiernym mu polskim oddzia\u0142om wojskowym powr\u00f3ci\u0107 do\u00a0Warszawy\u00a0i po\u0142\u0105czy\u0107 si\u0119 z powsta\u0144cami. W trakcie zrywu Krosnowski dos\u0142u\u017cy\u0142 si\u0119 stopnia porucznika w\u00a02 Pu\u0142ku Mazur\u00f3w. A po\u00a0upadku powstania uda\u0142 si\u0119, wraz z tysi\u0105cami rodak\u00f3w, na emigracj\u0119 do Europy zachodniej. Zatrzyma\u0142 si\u0119 w Pary\u017cu gdzie wst\u0105pi\u0142 do\u00a0Komitetu Narodowego Polskiego\u00a0(1832) i\u00a0Towarzystwa Demokratycznego Polskiego. Przez w\u0142adze francuskie uwa\u017cany\u00a0by\u0142 za &#8222;pijaka i rozpustnika&#8221; &#8211; dlatego w listopadzie 1832 otrzyma\u0142 polecenie wyjazdu do\u00a0Montpellier. Zachorowa\u0142 jednak na reumatyzm syfilityczny i pozosta\u0142 w stolicy. Zmar\u0142 15 sierpnia 1878 roku w\u00a0Pary\u017cu.<\/p>\n","protected":false},"excerpt":{"rendered":"<p>Pisa\u0142am ju\u017c, \u017ce\u00a0Krosnowscy to rodzina m\u0119\u017ca mojej ukochanej ciotki (a w\u0142a\u015bciwie babci) Stefanii z Ruszczykowskich Krosnowskiej (1913-1991).\u00a0Walenty Krosnowski by\u0142 rodzonym bratem pradziadka jej m\u0119\u017ca Ryszarda Krosnowskiego. Walenty Krosnowski nale\u017ca\u0142 do tzw. Belwederczyk\u00f3w, bo do historii przeszed\u0142 jako uczestnik\u00a0ataku na Belweder\u00a0w noc listopadow\u0105 (29 XI 1830), czyli pierwszego zbrojnego wyst\u0105pienia powsta\u0144c\u00f3w listopadowych. Nale\u017ca\u0142 do\u00a0grupy atakuj\u0105cej siedzib\u0119\u00a0wielkiego [&hellip;]<\/p>\n","protected":false},"author":1,"featured_media":0,"comment_status":"closed","ping_status":"closed","sticky":false,"template":"","format":"standard","meta":{"footnotes":""},"categories":[59],"tags":[1389,1582,1585],"class_list":["post-12387","post","type-post","status-publish","format-standard","hentry","category-krosnowscy","tag-powstanie-listopadowe","tag-walenty-krosnowski","tag-wielka-emigracja"],"_links":{"self":[{"href":"http:\/\/piekarscy.com.pl\/index.php?rest_route=\/wp\/v2\/posts\/12387","targetHints":{"allow":["GET"]}}],"collection":[{"href":"http:\/\/piekarscy.com.pl\/index.php?rest_route=\/wp\/v2\/posts"}],"about":[{"href":"http:\/\/piekarscy.com.pl\/index.php?rest_route=\/wp\/v2\/types\/post"}],"author":[{"embeddable":true,"href":"http:\/\/piekarscy.com.pl\/index.php?rest_route=\/wp\/v2\/users\/1"}],"replies":[{"embeddable":true,"href":"http:\/\/piekarscy.com.pl\/index.php?rest_route=%2Fwp%2Fv2%2Fcomments&post=12387"}],"version-history":[{"count":1,"href":"http:\/\/piekarscy.com.pl\/index.php?rest_route=\/wp\/v2\/posts\/12387\/revisions"}],"predecessor-version":[{"id":12389,"href":"http:\/\/piekarscy.com.pl\/index.php?rest_route=\/wp\/v2\/posts\/12387\/revisions\/12389"}],"wp:attachment":[{"href":"http:\/\/piekarscy.com.pl\/index.php?rest_route=%2Fwp%2Fv2%2Fmedia&parent=12387"}],"wp:term":[{"taxonomy":"category","embeddable":true,"href":"http:\/\/piekarscy.com.pl\/index.php?rest_route=%2Fwp%2Fv2%2Fcategories&post=12387"},{"taxonomy":"post_tag","embeddable":true,"href":"http:\/\/piekarscy.com.pl\/index.php?rest_route=%2Fwp%2Fv2%2Ftags&post=12387"}],"curies":[{"name":"wp","href":"https:\/\/api.w.org\/{rel}","templated":true}]}}