{"id":12390,"date":"2018-11-15T09:16:20","date_gmt":"2018-11-15T09:16:20","guid":{"rendered":"http:\/\/piekarscy.com.pl\/?p=12390"},"modified":"2018-11-17T09:23:50","modified_gmt":"2018-11-17T09:23:50","slug":"grob-walentego-w-paryzu","status":"publish","type":"post","link":"http:\/\/piekarscy.com.pl\/?p=12390","title":{"rendered":"Gr\u00f3b Walentego w Pary\u017cu"},"content":{"rendered":"<p>Pisa\u0142am ju\u017c, \u017ce\u00a0Krosnowscy to rodzina m\u0119\u017ca mojej ukochanej ciotki (a w\u0142a\u015bciwie babci) Stefanii z Ruszczykowskich Krosnowskiej (1913-1991).\u00a0Walenty Krosnowski by\u0142 rodzonym bratem pradziadka jej m\u0119\u017ca Ryszarda Krosnowskiego.<\/p>\n<p><a href=\"http:\/\/piekarscy.com.pl\/wp-content\/uploads\/2018\/11\/Zrzut-ekranu-2018-11-16-o-21.35.40.png\"><img loading=\"lazy\" decoding=\"async\" class=\"aligncenter size-medium wp-image-12385\" src=\"http:\/\/piekarscy.com.pl\/wp-content\/uploads\/2018\/11\/Zrzut-ekranu-2018-11-16-o-21.35.40-300x86.png\" alt=\"\" width=\"300\" height=\"86\" srcset=\"http:\/\/piekarscy.com.pl\/wp-content\/uploads\/2018\/11\/Zrzut-ekranu-2018-11-16-o-21.35.40-300x86.png 300w, http:\/\/piekarscy.com.pl\/wp-content\/uploads\/2018\/11\/Zrzut-ekranu-2018-11-16-o-21.35.40-1024x295.png 1024w, http:\/\/piekarscy.com.pl\/wp-content\/uploads\/2018\/11\/Zrzut-ekranu-2018-11-16-o-21.35.40-624x180.png 624w\" sizes=\"auto, (max-width: 300px) 100vw, 300px\" \/><\/a><\/p>\n<p>Zmar\u0142 w Pary\u017cu w 1878 roku i tam zosta\u0142 pochowany na cmentarzu\u00a0<span style=\"font-size: 1rem;\">P\u00e8re-Lachaise,\u00a0<\/span><span style=\"font-size: 1rem;\">Kwatera 62. Towarzystwo Opieki nad Polskimi Zabytkami i Grobami Historycznymi we Francji zamie\u015bci\u0142o w sieci zdj\u0119cia jego grobu przed i po odnowieniu.\u00a0<\/span><\/p>\n<p><a href=\"http:\/\/piekarscy.com.pl\/wp-content\/uploads\/2018\/11\/div62Krosnowski.jpg\"><img loading=\"lazy\" decoding=\"async\" class=\"aligncenter size-medium wp-image-12391\" src=\"http:\/\/piekarscy.com.pl\/wp-content\/uploads\/2018\/11\/div62Krosnowski-200x300.jpg\" alt=\"\" width=\"200\" height=\"300\" srcset=\"http:\/\/piekarscy.com.pl\/wp-content\/uploads\/2018\/11\/div62Krosnowski-200x300.jpg 200w, http:\/\/piekarscy.com.pl\/wp-content\/uploads\/2018\/11\/div62Krosnowski.jpg 399w\" sizes=\"auto, (max-width: 200px) 100vw, 200px\" \/><\/a> <a href=\"http:\/\/piekarscy.com.pl\/wp-content\/uploads\/2018\/11\/div62Krosnowskiren_0.jpg\"><img loading=\"lazy\" decoding=\"async\" class=\"aligncenter size-medium wp-image-12392\" src=\"http:\/\/piekarscy.com.pl\/wp-content\/uploads\/2018\/11\/div62Krosnowskiren_0-225x300.jpg\" alt=\"\" width=\"225\" height=\"300\" srcset=\"http:\/\/piekarscy.com.pl\/wp-content\/uploads\/2018\/11\/div62Krosnowskiren_0-225x300.jpg 225w, http:\/\/piekarscy.com.pl\/wp-content\/uploads\/2018\/11\/div62Krosnowskiren_0.jpg 450w\" sizes=\"auto, (max-width: 225px) 100vw, 225px\" \/><\/a><\/p>\n<p>\u0179r\u00f3d\u0142o:\u00a0<a href=\"http:\/\/www.tombeauxpolonais.eu\/content\/krosnowski-walenty-wladyslaw-hr-1814-1878\" target=\"_blank\" rel=\"noopener\">http:\/\/www.tombeauxpolonais.eu\/content\/krosnowski-walenty-wladyslaw-hr-1814-1878<\/a><\/p>\n","protected":false},"excerpt":{"rendered":"<p>Pisa\u0142am ju\u017c, \u017ce\u00a0Krosnowscy to rodzina m\u0119\u017ca mojej ukochanej ciotki (a w\u0142a\u015bciwie babci) Stefanii z Ruszczykowskich Krosnowskiej (1913-1991).\u00a0Walenty Krosnowski by\u0142 rodzonym bratem pradziadka jej m\u0119\u017ca Ryszarda Krosnowskiego. Zmar\u0142 w Pary\u017cu w 1878 roku i tam zosta\u0142 pochowany na cmentarzu\u00a0P\u00e8re-Lachaise,\u00a0Kwatera 62. Towarzystwo Opieki nad Polskimi Zabytkami i Grobami Historycznymi we Francji zamie\u015bci\u0142o w sieci zdj\u0119cia jego grobu [&hellip;]<\/p>\n","protected":false},"author":1,"featured_media":0,"comment_status":"closed","ping_status":"closed","sticky":false,"template":"","format":"standard","meta":{"footnotes":""},"categories":[59],"tags":[1584,1389,1582,1585],"class_list":["post-12390","post","type-post","status-publish","format-standard","hentry","category-krosnowscy","tag-cmentarz-pere-lachaise","tag-powstanie-listopadowe","tag-walenty-krosnowski","tag-wielka-emigracja"],"_links":{"self":[{"href":"http:\/\/piekarscy.com.pl\/index.php?rest_route=\/wp\/v2\/posts\/12390","targetHints":{"allow":["GET"]}}],"collection":[{"href":"http:\/\/piekarscy.com.pl\/index.php?rest_route=\/wp\/v2\/posts"}],"about":[{"href":"http:\/\/piekarscy.com.pl\/index.php?rest_route=\/wp\/v2\/types\/post"}],"author":[{"embeddable":true,"href":"http:\/\/piekarscy.com.pl\/index.php?rest_route=\/wp\/v2\/users\/1"}],"replies":[{"embeddable":true,"href":"http:\/\/piekarscy.com.pl\/index.php?rest_route=%2Fwp%2Fv2%2Fcomments&post=12390"}],"version-history":[{"count":1,"href":"http:\/\/piekarscy.com.pl\/index.php?rest_route=\/wp\/v2\/posts\/12390\/revisions"}],"predecessor-version":[{"id":12393,"href":"http:\/\/piekarscy.com.pl\/index.php?rest_route=\/wp\/v2\/posts\/12390\/revisions\/12393"}],"wp:attachment":[{"href":"http:\/\/piekarscy.com.pl\/index.php?rest_route=%2Fwp%2Fv2%2Fmedia&parent=12390"}],"wp:term":[{"taxonomy":"category","embeddable":true,"href":"http:\/\/piekarscy.com.pl\/index.php?rest_route=%2Fwp%2Fv2%2Fcategories&post=12390"},{"taxonomy":"post_tag","embeddable":true,"href":"http:\/\/piekarscy.com.pl\/index.php?rest_route=%2Fwp%2Fv2%2Ftags&post=12390"}],"curies":[{"name":"wp","href":"https:\/\/api.w.org\/{rel}","templated":true}]}}