{"id":12407,"date":"2018-11-17T10:10:35","date_gmt":"2018-11-17T10:10:35","guid":{"rendered":"http:\/\/piekarscy.com.pl\/?p=12407"},"modified":"2018-11-17T10:33:00","modified_gmt":"2018-11-17T10:33:00","slug":"walenty-krosnowski-na-liscie-skazanych","status":"publish","type":"post","link":"http:\/\/piekarscy.com.pl\/?p=12407","title":{"rendered":"Walenty Krosnowski na li\u015bcie obwinionych (Tygodnik Petersburski)"},"content":{"rendered":"<p>Pisa\u0142am ju\u017c, \u017ce\u00a0Krosnowscy to rodzina m\u0119\u017ca mojej ukochanej ciotki (a w\u0142a\u015bciwie babci) Stefanii z Ruszczykowskich Krosnowskiej (1913-1991).\u00a0Walenty Krosnowski by\u0142 rodzonym bratem pradziadka jej m\u0119\u017ca Ryszarda Krosnowskiego i Belwederczykiem. uczestnikiem Nocy Listopadowej.<\/p>\n<p><a href=\"http:\/\/piekarscy.com.pl\/wp-content\/uploads\/2018\/11\/Zrzut-ekranu-2018-11-16-o-21.35.40.png\"><img loading=\"lazy\" decoding=\"async\" class=\"aligncenter size-medium wp-image-12385\" src=\"http:\/\/piekarscy.com.pl\/wp-content\/uploads\/2018\/11\/Zrzut-ekranu-2018-11-16-o-21.35.40-300x86.png\" alt=\"\" width=\"300\" height=\"86\" srcset=\"http:\/\/piekarscy.com.pl\/wp-content\/uploads\/2018\/11\/Zrzut-ekranu-2018-11-16-o-21.35.40-300x86.png 300w, http:\/\/piekarscy.com.pl\/wp-content\/uploads\/2018\/11\/Zrzut-ekranu-2018-11-16-o-21.35.40-1024x295.png 1024w, http:\/\/piekarscy.com.pl\/wp-content\/uploads\/2018\/11\/Zrzut-ekranu-2018-11-16-o-21.35.40-624x180.png 624w\" sizes=\"auto, (max-width: 300px) 100vw, 300px\" \/><\/a><\/p>\n<p>W 1833 roku w Tygodniku Petersburskim\u00a0No 59 (13 sierpnia 1833) ukaza\u0142a si\u0119 obwinionych o pod\u017ceganie do krwawego powstania, a na niej Walenty Krosnowski.<\/p>\n<p><a href=\"http:\/\/piekarscy.com.pl\/wp-content\/uploads\/2018\/11\/Zrzut-ekranu-2018-11-17-o-11.02.59.png\"><img loading=\"lazy\" decoding=\"async\" class=\"aligncenter size-medium wp-image-12415\" src=\"http:\/\/piekarscy.com.pl\/wp-content\/uploads\/2018\/11\/Zrzut-ekranu-2018-11-17-o-11.02.59-300x143.png\" alt=\"\" width=\"300\" height=\"143\" srcset=\"http:\/\/piekarscy.com.pl\/wp-content\/uploads\/2018\/11\/Zrzut-ekranu-2018-11-17-o-11.02.59-300x143.png 300w, http:\/\/piekarscy.com.pl\/wp-content\/uploads\/2018\/11\/Zrzut-ekranu-2018-11-17-o-11.02.59-1024x489.png 1024w, http:\/\/piekarscy.com.pl\/wp-content\/uploads\/2018\/11\/Zrzut-ekranu-2018-11-17-o-11.02.59-624x298.png 624w\" sizes=\"auto, (max-width: 300px) 100vw, 300px\" \/><\/a> <a href=\"http:\/\/piekarscy.com.pl\/wp-content\/uploads\/2018\/11\/Zrzut-ekranu-2018-11-17-o-11.04.31.png\"><img loading=\"lazy\" decoding=\"async\" class=\"aligncenter size-medium wp-image-12416\" src=\"http:\/\/piekarscy.com.pl\/wp-content\/uploads\/2018\/11\/Zrzut-ekranu-2018-11-17-o-11.04.31-279x300.png\" alt=\"\" width=\"279\" height=\"300\" srcset=\"http:\/\/piekarscy.com.pl\/wp-content\/uploads\/2018\/11\/Zrzut-ekranu-2018-11-17-o-11.04.31-279x300.png 279w, http:\/\/piekarscy.com.pl\/wp-content\/uploads\/2018\/11\/Zrzut-ekranu-2018-11-17-o-11.04.31-954x1024.png 954w, http:\/\/piekarscy.com.pl\/wp-content\/uploads\/2018\/11\/Zrzut-ekranu-2018-11-17-o-11.04.31-624x670.png 624w, http:\/\/piekarscy.com.pl\/wp-content\/uploads\/2018\/11\/Zrzut-ekranu-2018-11-17-o-11.04.31.png 1056w\" sizes=\"auto, (max-width: 279px) 100vw, 279px\" \/><\/a><\/p>\n<p>&nbsp;<\/p>\n","protected":false},"excerpt":{"rendered":"<p>Pisa\u0142am ju\u017c, \u017ce\u00a0Krosnowscy to rodzina m\u0119\u017ca mojej ukochanej ciotki (a w\u0142a\u015bciwie babci) Stefanii z Ruszczykowskich Krosnowskiej (1913-1991).\u00a0Walenty Krosnowski by\u0142 rodzonym bratem pradziadka jej m\u0119\u017ca Ryszarda Krosnowskiego i Belwederczykiem. uczestnikiem Nocy Listopadowej. W 1833 roku w Tygodniku Petersburskim\u00a0No 59 (13 sierpnia 1833) ukaza\u0142a si\u0119 obwinionych o pod\u017ceganie do krwawego powstania, a na niej Walenty Krosnowski. &nbsp;<\/p>\n","protected":false},"author":1,"featured_media":0,"comment_status":"closed","ping_status":"closed","sticky":false,"template":"","format":"standard","meta":{"footnotes":""},"categories":[59],"tags":[1389,1435,1582],"class_list":["post-12407","post","type-post","status-publish","format-standard","hentry","category-krosnowscy","tag-powstanie-listopadowe","tag-tygodnik-petersburski","tag-walenty-krosnowski"],"_links":{"self":[{"href":"http:\/\/piekarscy.com.pl\/index.php?rest_route=\/wp\/v2\/posts\/12407","targetHints":{"allow":["GET"]}}],"collection":[{"href":"http:\/\/piekarscy.com.pl\/index.php?rest_route=\/wp\/v2\/posts"}],"about":[{"href":"http:\/\/piekarscy.com.pl\/index.php?rest_route=\/wp\/v2\/types\/post"}],"author":[{"embeddable":true,"href":"http:\/\/piekarscy.com.pl\/index.php?rest_route=\/wp\/v2\/users\/1"}],"replies":[{"embeddable":true,"href":"http:\/\/piekarscy.com.pl\/index.php?rest_route=%2Fwp%2Fv2%2Fcomments&post=12407"}],"version-history":[{"count":3,"href":"http:\/\/piekarscy.com.pl\/index.php?rest_route=\/wp\/v2\/posts\/12407\/revisions"}],"predecessor-version":[{"id":12431,"href":"http:\/\/piekarscy.com.pl\/index.php?rest_route=\/wp\/v2\/posts\/12407\/revisions\/12431"}],"wp:attachment":[{"href":"http:\/\/piekarscy.com.pl\/index.php?rest_route=%2Fwp%2Fv2%2Fmedia&parent=12407"}],"wp:term":[{"taxonomy":"category","embeddable":true,"href":"http:\/\/piekarscy.com.pl\/index.php?rest_route=%2Fwp%2Fv2%2Fcategories&post=12407"},{"taxonomy":"post_tag","embeddable":true,"href":"http:\/\/piekarscy.com.pl\/index.php?rest_route=%2Fwp%2Fv2%2Ftags&post=12407"}],"curies":[{"name":"wp","href":"https:\/\/api.w.org\/{rel}","templated":true}]}}