{"id":12650,"date":"2018-11-25T07:22:59","date_gmt":"2018-11-25T07:22:59","guid":{"rendered":"http:\/\/piekarscy.com.pl\/?p=12650"},"modified":"2018-12-22T13:02:04","modified_gmt":"2018-12-22T13:02:04","slug":"akt-urodzenia-michala-krola","status":"publish","type":"post","link":"http:\/\/piekarscy.com.pl\/?p=12650","title":{"rendered":"Akt urodzenia Micha\u0142a Kr\u00f3la"},"content":{"rendered":"<p>Prababcia mojego m\u0119\u017ca nazywa\u0142a si\u0119 Helena Muszy\u0144ska z domu Kr\u00f3l. By\u0142a c\u00f3rk\u0105\u00a0Wojciecha Kr\u00f3la syna Miko\u0142aja (ur.1852) i Marii (ur. 1858) z domu Jaworskiej c\u00f3rki J\u00f3zefa. Ca\u0142a rodzina mieszka\u0142a we wsi Glinki na terenie dzisiejszej Ukrainy. Przed wojn\u0105 by\u0142a to gmina Majdan \u015aredni,\u00a0Powiat nadw\u00f3rnia\u0144ski,\u00a0Wojew\u00f3dztwo stanis\u0142awowskie.<\/p>\n<p>Oto akt urodzenia Micha\u0142a Kr\u00f3la syna Dominika Kr\u00f3la rodzonego brata Heleny.\u00a0Dokument dosta\u0142am dzi\u0119ki uprzejmo\u015bci kuzyna Romana Kr\u00f3la.<\/p>\n<p><a href=\"http:\/\/piekarscy.com.pl\/wp-content\/uploads\/2018\/11\/\u0434\u0456\u0434\u043e-1.jpeg\"><img loading=\"lazy\" decoding=\"async\" class=\"aligncenter size-medium wp-image-12651\" src=\"http:\/\/piekarscy.com.pl\/wp-content\/uploads\/2018\/11\/\u0434\u0456\u0434\u043e-1-300x205.jpeg\" alt=\"\" width=\"300\" height=\"205\" srcset=\"http:\/\/piekarscy.com.pl\/wp-content\/uploads\/2018\/11\/\u0434\u0456\u0434\u043e-1-300x205.jpeg 300w, http:\/\/piekarscy.com.pl\/wp-content\/uploads\/2018\/11\/\u0434\u0456\u0434\u043e-1-1024x700.jpeg 1024w, http:\/\/piekarscy.com.pl\/wp-content\/uploads\/2018\/11\/\u0434\u0456\u0434\u043e-1-624x426.jpeg 624w\" sizes=\"auto, (max-width: 300px) 100vw, 300px\" \/><\/a><\/p>\n","protected":false},"excerpt":{"rendered":"<p>Prababcia mojego m\u0119\u017ca nazywa\u0142a si\u0119 Helena Muszy\u0144ska z domu Kr\u00f3l. By\u0142a c\u00f3rk\u0105\u00a0Wojciecha Kr\u00f3la syna Miko\u0142aja (ur.1852) i Marii (ur. 1858) z domu Jaworskiej c\u00f3rki J\u00f3zefa. Ca\u0142a rodzina mieszka\u0142a we wsi Glinki na terenie dzisiejszej Ukrainy. Przed wojn\u0105 by\u0142a to gmina Majdan \u015aredni,\u00a0Powiat nadw\u00f3rnia\u0144ski,\u00a0Wojew\u00f3dztwo stanis\u0142awowskie. Oto akt urodzenia Micha\u0142a Kr\u00f3la syna Dominika Kr\u00f3la rodzonego brata Heleny.\u00a0Dokument [&hellip;]<\/p>\n","protected":false},"author":1,"featured_media":0,"comment_status":"closed","ping_status":"closed","sticky":false,"template":"","format":"standard","meta":{"footnotes":""},"categories":[1592],"tags":[96,80,1614,1613],"class_list":["post-12650","post","type-post","status-publish","format-standard","hentry","category-krol","tag-akt-urodzenia","tag-dokument","tag-metryka","tag-michal-krol"],"_links":{"self":[{"href":"http:\/\/piekarscy.com.pl\/index.php?rest_route=\/wp\/v2\/posts\/12650","targetHints":{"allow":["GET"]}}],"collection":[{"href":"http:\/\/piekarscy.com.pl\/index.php?rest_route=\/wp\/v2\/posts"}],"about":[{"href":"http:\/\/piekarscy.com.pl\/index.php?rest_route=\/wp\/v2\/types\/post"}],"author":[{"embeddable":true,"href":"http:\/\/piekarscy.com.pl\/index.php?rest_route=\/wp\/v2\/users\/1"}],"replies":[{"embeddable":true,"href":"http:\/\/piekarscy.com.pl\/index.php?rest_route=%2Fwp%2Fv2%2Fcomments&post=12650"}],"version-history":[{"count":5,"href":"http:\/\/piekarscy.com.pl\/index.php?rest_route=\/wp\/v2\/posts\/12650\/revisions"}],"predecessor-version":[{"id":12676,"href":"http:\/\/piekarscy.com.pl\/index.php?rest_route=\/wp\/v2\/posts\/12650\/revisions\/12676"}],"wp:attachment":[{"href":"http:\/\/piekarscy.com.pl\/index.php?rest_route=%2Fwp%2Fv2%2Fmedia&parent=12650"}],"wp:term":[{"taxonomy":"category","embeddable":true,"href":"http:\/\/piekarscy.com.pl\/index.php?rest_route=%2Fwp%2Fv2%2Fcategories&post=12650"},{"taxonomy":"post_tag","embeddable":true,"href":"http:\/\/piekarscy.com.pl\/index.php?rest_route=%2Fwp%2Fv2%2Ftags&post=12650"}],"curies":[{"name":"wp","href":"https:\/\/api.w.org\/{rel}","templated":true}]}}