{"id":13668,"date":"2019-06-24T00:14:51","date_gmt":"2019-06-23T22:14:51","guid":{"rendered":"http:\/\/piekarscy.com.pl\/?p=13668"},"modified":"2019-12-20T14:37:39","modified_gmt":"2019-12-20T12:37:39","slug":"grob-jozefa","status":"publish","type":"post","link":"http:\/\/piekarscy.com.pl\/?p=13668","title":{"rendered":"Gr\u00f3b szwagierki prababci"},"content":{"rendered":"<p>Oto gr\u00f3b szwagierki mojej prababci Leokadii Karoliny z Przybytkowskich Adamskiej, czyli Berty Przybytkowskiej z domu Lange. Znajduje si\u0119 na cmentarzu w Marysinie Wawerskim. Le\u017cy w nim wraz z matk\u0105 &#8211; Ann\u0105 z Ranc\u00f3w.<\/p>\n<p><a href=\"http:\/\/piekarscy.com.pl\/wp-content\/uploads\/2019\/11\/IMG_6439-scaled.jpg\"><img loading=\"lazy\" decoding=\"async\" class=\"aligncenter size-medium wp-image-13669\" src=\"http:\/\/piekarscy.com.pl\/wp-content\/uploads\/2019\/11\/IMG_6439-225x300.jpg\" alt=\"\" width=\"225\" height=\"300\" srcset=\"http:\/\/piekarscy.com.pl\/wp-content\/uploads\/2019\/11\/IMG_6439-225x300.jpg 225w, http:\/\/piekarscy.com.pl\/wp-content\/uploads\/2019\/11\/IMG_6439-768x1024.jpg 768w, http:\/\/piekarscy.com.pl\/wp-content\/uploads\/2019\/11\/IMG_6439-1152x1536.jpg 1152w, http:\/\/piekarscy.com.pl\/wp-content\/uploads\/2019\/11\/IMG_6439-1536x2048.jpg 1536w, http:\/\/piekarscy.com.pl\/wp-content\/uploads\/2019\/11\/IMG_6439-624x832.jpg 624w, http:\/\/piekarscy.com.pl\/wp-content\/uploads\/2019\/11\/IMG_6439-scaled.jpg 1920w\" sizes=\"auto, (max-width: 225px) 100vw, 225px\" \/><\/a> <a href=\"http:\/\/piekarscy.com.pl\/wp-content\/uploads\/2019\/11\/IMG_0345-scaled.jpg\"><img loading=\"lazy\" decoding=\"async\" class=\"aligncenter size-medium wp-image-13670\" src=\"http:\/\/piekarscy.com.pl\/wp-content\/uploads\/2019\/11\/IMG_0345-225x300.jpg\" alt=\"\" width=\"225\" height=\"300\" srcset=\"http:\/\/piekarscy.com.pl\/wp-content\/uploads\/2019\/11\/IMG_0345-225x300.jpg 225w, http:\/\/piekarscy.com.pl\/wp-content\/uploads\/2019\/11\/IMG_0345-768x1024.jpg 768w, http:\/\/piekarscy.com.pl\/wp-content\/uploads\/2019\/11\/IMG_0345-1152x1536.jpg 1152w, http:\/\/piekarscy.com.pl\/wp-content\/uploads\/2019\/11\/IMG_0345-1536x2048.jpg 1536w, http:\/\/piekarscy.com.pl\/wp-content\/uploads\/2019\/11\/IMG_0345-624x832.jpg 624w, http:\/\/piekarscy.com.pl\/wp-content\/uploads\/2019\/11\/IMG_0345-scaled.jpg 1920w\" sizes=\"auto, (max-width: 225px) 100vw, 225px\" \/><\/a><\/p>\n<p>&nbsp;<\/p>\n","protected":false},"excerpt":{"rendered":"<p>Oto gr\u00f3b szwagierki mojej prababci Leokadii Karoliny z Przybytkowskich Adamskiej, czyli Berty Przybytkowskiej z domu Lange. Znajduje si\u0119 na cmentarzu w Marysinie Wawerskim. Le\u017cy w nim wraz z matk\u0105 &#8211; Ann\u0105 z Ranc\u00f3w. &nbsp;<\/p>\n","protected":false},"author":1,"featured_media":0,"comment_status":"closed","ping_status":"closed","sticky":false,"template":"","format":"standard","meta":{"footnotes":""},"categories":[1649,7,1650],"tags":[1654,1655,1653,1652,1651,1656,1658,638,590,1657],"class_list":["post-13668","post","type-post","status-publish","format-standard","hentry","category-lange","category-przybytkowscy","category-ranc","tag-anna-lange","tag-anna-ranc","tag-anna-z-rancow-lange","tag-berta-lange","tag-berta-przybytkowska","tag-berta-z-langow-przybytkowska","tag-cmentarz-w-wawrze","tag-grob","tag-grobowiec","tag-marysin-wawerski"],"_links":{"self":[{"href":"http:\/\/piekarscy.com.pl\/index.php?rest_route=\/wp\/v2\/posts\/13668","targetHints":{"allow":["GET"]}}],"collection":[{"href":"http:\/\/piekarscy.com.pl\/index.php?rest_route=\/wp\/v2\/posts"}],"about":[{"href":"http:\/\/piekarscy.com.pl\/index.php?rest_route=\/wp\/v2\/types\/post"}],"author":[{"embeddable":true,"href":"http:\/\/piekarscy.com.pl\/index.php?rest_route=\/wp\/v2\/users\/1"}],"replies":[{"embeddable":true,"href":"http:\/\/piekarscy.com.pl\/index.php?rest_route=%2Fwp%2Fv2%2Fcomments&post=13668"}],"version-history":[{"count":2,"href":"http:\/\/piekarscy.com.pl\/index.php?rest_route=\/wp\/v2\/posts\/13668\/revisions"}],"predecessor-version":[{"id":13672,"href":"http:\/\/piekarscy.com.pl\/index.php?rest_route=\/wp\/v2\/posts\/13668\/revisions\/13672"}],"wp:attachment":[{"href":"http:\/\/piekarscy.com.pl\/index.php?rest_route=%2Fwp%2Fv2%2Fmedia&parent=13668"}],"wp:term":[{"taxonomy":"category","embeddable":true,"href":"http:\/\/piekarscy.com.pl\/index.php?rest_route=%2Fwp%2Fv2%2Fcategories&post=13668"},{"taxonomy":"post_tag","embeddable":true,"href":"http:\/\/piekarscy.com.pl\/index.php?rest_route=%2Fwp%2Fv2%2Ftags&post=13668"}],"curies":[{"name":"wp","href":"https:\/\/api.w.org\/{rel}","templated":true}]}}