{"id":13680,"date":"2019-07-08T14:38:25","date_gmt":"2019-07-08T12:38:25","guid":{"rendered":"http:\/\/piekarscy.com.pl\/?p=13680"},"modified":"2019-12-20T14:43:50","modified_gmt":"2019-12-20T12:43:50","slug":"akt-slubu-pradziadka-antoniego-i-prababci-karolci","status":"publish","type":"post","link":"http:\/\/piekarscy.com.pl\/?p=13680","title":{"rendered":"Akt \u015blubu Pradziadka Antoniego i prababci Karolci"},"content":{"rendered":"<p>Pradziadek Antoni Adamski i prababcia Leokadia Karolina z Przybytkowskich, zwana w rodzinie Karolci\u0105, pobrali si\u0119 z mi\u0142o\u015bci, a nie jak to drzewiej bywa\u0142o z rozs\u0105dku. Mieli tylko jedno dziecko &#8211; moj\u0105 babci\u0119 Janin\u0119, kt\u00f3ra wysz\u0142a za mojego dziadka Bronis\u0142awa Piekarskiego.<\/p>\n<p>Oto ich akt \u015blubu z ksi\u0105g metrykalnych Archiwum pa\u0144stwowego. Podpisali si\u0119 pod nim i ojcowie pa\u0144stwa m\u0142odych i nawet dziadek panny m\u0142odej, kt\u00f3ra cho\u0107 by\u0142a ewangeliczk\u0105 &#8211; wysz\u0142a za katolika. Cho\u0107 \u015blub wzi\u0119to (wg opowie\u015bci rodzinnych) na Solcu to akt jest z MB loreta\u0144skiej. To by\u0142a parafia ojca panny m\u0142odej, kt\u00f3ry by\u0142 katolikiem. Ona wiar\u0119 przej\u0119\u0142a po matce &#8211; luterance. Do ko\u0144ca \u017cycia je\u017adzi\u0142a na plac Ma\u0142achowskiego.<\/p>\n<p><a href=\"http:\/\/piekarscy.com.pl\/wp-content\/uploads\/2019\/12\/148-149-scaled.jpg\"><img loading=\"lazy\" decoding=\"async\" class=\"aligncenter size-medium wp-image-13681\" src=\"http:\/\/piekarscy.com.pl\/wp-content\/uploads\/2019\/12\/148-149-300x218.jpg\" alt=\"\" width=\"300\" height=\"218\" srcset=\"http:\/\/piekarscy.com.pl\/wp-content\/uploads\/2019\/12\/148-149-300x218.jpg 300w, http:\/\/piekarscy.com.pl\/wp-content\/uploads\/2019\/12\/148-149-1024x743.jpg 1024w, http:\/\/piekarscy.com.pl\/wp-content\/uploads\/2019\/12\/148-149-1536x1114.jpg 1536w, http:\/\/piekarscy.com.pl\/wp-content\/uploads\/2019\/12\/148-149-2048x1485.jpg 2048w, http:\/\/piekarscy.com.pl\/wp-content\/uploads\/2019\/12\/148-149-624x452.jpg 624w\" sizes=\"auto, (max-width: 300px) 100vw, 300px\" \/><\/a> <a href=\"http:\/\/piekarscy.com.pl\/wp-content\/uploads\/2019\/12\/akt-slubu-antoleniek-karolka-scaled.jpg\"><img loading=\"lazy\" decoding=\"async\" class=\"aligncenter size-medium wp-image-13682\" src=\"http:\/\/piekarscy.com.pl\/wp-content\/uploads\/2019\/12\/akt-slubu-antoleniek-karolka-193x300.jpg\" alt=\"\" width=\"193\" height=\"300\" srcset=\"http:\/\/piekarscy.com.pl\/wp-content\/uploads\/2019\/12\/akt-slubu-antoleniek-karolka-193x300.jpg 193w, http:\/\/piekarscy.com.pl\/wp-content\/uploads\/2019\/12\/akt-slubu-antoleniek-karolka-660x1024.jpg 660w, http:\/\/piekarscy.com.pl\/wp-content\/uploads\/2019\/12\/akt-slubu-antoleniek-karolka-990x1536.jpg 990w, http:\/\/piekarscy.com.pl\/wp-content\/uploads\/2019\/12\/akt-slubu-antoleniek-karolka-1320x2048.jpg 1320w, http:\/\/piekarscy.com.pl\/wp-content\/uploads\/2019\/12\/akt-slubu-antoleniek-karolka-624x968.jpg 624w, http:\/\/piekarscy.com.pl\/wp-content\/uploads\/2019\/12\/akt-slubu-antoleniek-karolka-scaled.jpg 1650w\" sizes=\"auto, (max-width: 193px) 100vw, 193px\" \/><\/a><\/p>\n","protected":false},"excerpt":{"rendered":"<p>Pradziadek Antoni Adamski i prababcia Leokadia Karolina z Przybytkowskich, zwana w rodzinie Karolci\u0105, pobrali si\u0119 z mi\u0142o\u015bci, a nie jak to drzewiej bywa\u0142o z rozs\u0105dku. Mieli tylko jedno dziecko &#8211; moj\u0105 babci\u0119 Janin\u0119, kt\u00f3ra wysz\u0142a za mojego dziadka Bronis\u0142awa Piekarskiego. Oto ich akt \u015blubu z ksi\u0105g metrykalnych Archiwum pa\u0144stwowego. Podpisali si\u0119 pod nim i ojcowie [&hellip;]<\/p>\n","protected":false},"author":1,"featured_media":0,"comment_status":"closed","ping_status":"closed","sticky":false,"template":"","format":"standard","meta":{"footnotes":""},"categories":[5,7],"tags":[370,28,27,25,1670],"class_list":["post-13680","post","type-post","status-publish","format-standard","hentry","category-adamscy","category-przybytkowscy","tag-akt-slubu","tag-antoni-adamski","tag-leokadia-karolina-adamska","tag-leokadia-karolina-przybytkowska","tag-parafia-mb-loretanskiej"],"_links":{"self":[{"href":"http:\/\/piekarscy.com.pl\/index.php?rest_route=\/wp\/v2\/posts\/13680","targetHints":{"allow":["GET"]}}],"collection":[{"href":"http:\/\/piekarscy.com.pl\/index.php?rest_route=\/wp\/v2\/posts"}],"about":[{"href":"http:\/\/piekarscy.com.pl\/index.php?rest_route=\/wp\/v2\/types\/post"}],"author":[{"embeddable":true,"href":"http:\/\/piekarscy.com.pl\/index.php?rest_route=\/wp\/v2\/users\/1"}],"replies":[{"embeddable":true,"href":"http:\/\/piekarscy.com.pl\/index.php?rest_route=%2Fwp%2Fv2%2Fcomments&post=13680"}],"version-history":[{"count":1,"href":"http:\/\/piekarscy.com.pl\/index.php?rest_route=\/wp\/v2\/posts\/13680\/revisions"}],"predecessor-version":[{"id":13683,"href":"http:\/\/piekarscy.com.pl\/index.php?rest_route=\/wp\/v2\/posts\/13680\/revisions\/13683"}],"wp:attachment":[{"href":"http:\/\/piekarscy.com.pl\/index.php?rest_route=%2Fwp%2Fv2%2Fmedia&parent=13680"}],"wp:term":[{"taxonomy":"category","embeddable":true,"href":"http:\/\/piekarscy.com.pl\/index.php?rest_route=%2Fwp%2Fv2%2Fcategories&post=13680"},{"taxonomy":"post_tag","embeddable":true,"href":"http:\/\/piekarscy.com.pl\/index.php?rest_route=%2Fwp%2Fv2%2Ftags&post=13680"}],"curies":[{"name":"wp","href":"https:\/\/api.w.org\/{rel}","templated":true}]}}