{"id":1380,"date":"2014-02-06T00:40:29","date_gmt":"2014-02-06T00:40:29","guid":{"rendered":"http:\/\/piekarscy.com.pl\/?p=1380"},"modified":"2016-09-04T18:44:09","modified_gmt":"2016-09-04T18:44:09","slug":"pamietnik-jadwigi-z-gorczyckich-cz-1","status":"publish","type":"post","link":"http:\/\/piekarscy.com.pl\/?p=1380","title":{"rendered":"Pami\u0119tnik Jadwigi z Gorczyckich cz. 1"},"content":{"rendered":"<p>W\u015br\u00f3d rodzinnych pami\u0105tek zachowa\u0142 si\u0119 pami\u0119tnik Jadwigi z Gorczyckich Tyblewskiej &#8211; rodzonej siostry mojej praprababci Stanis\u0142awy Anny Sabiny z Gorczyckich Ruszczykowskiej. Orygina\u0142 pami\u0119tnika nie jest w moich r\u0119kach. Mam tylko maszynopis. W latach 70-tych pami\u0119tnik przepisa\u0142 na maszynie jej wnuk &#8211; Eugeniusz Tyblewski. Orygina\u0142 pami\u0119tnika jest prawdopodobnie w r\u0119kach jego c\u00f3rki Moniki, kt\u00f3ra obieca\u0142a, \u017ce zajrzy do tych rodzinnych skarb\u00f3w &#8222;w najbli\u017cszym dziesi\u0119cioleciu&#8221;. Przepisany pami\u0119tnik wuj Eugeniusz opatrzy\u0142 komentarzami. Potem pami\u0119tnik zosta\u0142 jeszcze raz przepisany, by zrobi\u0142o si\u0119 z tego wi\u0119cej egzemplarzy. Drugie przepisanie zrobi\u0142a ciotka Stefania z Ruszczykowskich Krosnowska. Ona doda\u0142a swoje komentarze. Teraz pami\u0119tnik przepisuj\u0119 ja. Co jaki\u015b czas tu zamieszcz\u0119 jego fragment. Na pocz\u0105tek pierwsza cz\u0119\u015b\u0107, ale zacznijmy od zdj\u0119cia autorki.<\/p>\n<div id=\"attachment_1381\" style=\"width: 185px\" class=\"wp-caption aligncenter\"><a href=\"http:\/\/piekarscy.com.pl\/wp-content\/uploads\/2014\/02\/jadwiga-z-gorczyckich-tyblewska.jpg\"><img loading=\"lazy\" decoding=\"async\" aria-describedby=\"caption-attachment-1381\" class=\"size-medium wp-image-1381\" alt=\"jadwiga z gorczyckich tyblewska\" src=\"http:\/\/piekarscy.com.pl\/wp-content\/uploads\/2014\/02\/jadwiga-z-gorczyckich-tyblewska-175x300.jpg\" width=\"175\" height=\"300\" srcset=\"http:\/\/piekarscy.com.pl\/wp-content\/uploads\/2014\/02\/jadwiga-z-gorczyckich-tyblewska-175x300.jpg 175w, http:\/\/piekarscy.com.pl\/wp-content\/uploads\/2014\/02\/jadwiga-z-gorczyckich-tyblewska-598x1024.jpg 598w, http:\/\/piekarscy.com.pl\/wp-content\/uploads\/2014\/02\/jadwiga-z-gorczyckich-tyblewska-624x1068.jpg 624w\" sizes=\"auto, (max-width: 175px) 100vw, 175px\" \/><\/a><p id=\"caption-attachment-1381\" class=\"wp-caption-text\">Jadwiga z Gorczyckich Tyblewska,<br \/>c\u00f3rka J\u00f3zefa Faustyna Gorczyckiego h. Jastrz\u0119biec<br \/>i Konstancji z Nieszkowskich h. Ko\u015bciesza.<\/p><\/div>\n<p><em>Pami\u0119tnik Jadwigi z Gorczyckich Tyblewskiej<\/em><\/p>\n<p><em>Dla mego Najdro\u017cszego Syna Ignacego te wspomnienia zostawiam<\/em><\/p>\n<p><em>26.II.1920 r.<\/em><\/p>\n<div id=\"attachment_1382\" style=\"width: 220px\" class=\"wp-caption alignleft\"><a href=\"http:\/\/piekarscy.com.pl\/wp-content\/uploads\/2014\/02\/jozef-faustyn-gorczycki.jpg\"><img loading=\"lazy\" decoding=\"async\" aria-describedby=\"caption-attachment-1382\" class=\"size-medium wp-image-1382 \" alt=\"jozef faustyn gorczycki\" src=\"http:\/\/piekarscy.com.pl\/wp-content\/uploads\/2014\/02\/jozef-faustyn-gorczycki-210x300.jpg\" width=\"210\" height=\"300\" srcset=\"http:\/\/piekarscy.com.pl\/wp-content\/uploads\/2014\/02\/jozef-faustyn-gorczycki-210x300.jpg 210w, http:\/\/piekarscy.com.pl\/wp-content\/uploads\/2014\/02\/jozef-faustyn-gorczycki-717x1024.jpg 717w, http:\/\/piekarscy.com.pl\/wp-content\/uploads\/2014\/02\/jozef-faustyn-gorczycki-624x890.jpg 624w\" sizes=\"auto, (max-width: 210px) 100vw, 210px\" \/><\/a><p id=\"caption-attachment-1382\" class=\"wp-caption-text\">J\u00f3zef Faustyn Gorczycki<\/p><\/div>\n<p><em>Kocha\u0142am bardzo Rodzic\u00f3w, Rodze\u0144stwo i dalsz\u0105 rodzin\u0119, z wiekiem uczucie te we mnie si\u0119 spot\u0119gowa\u0142o i dzi\u015b \u017ca\u0142uj\u0119, \u017ce ju\u017c nie \u017cyj\u0105 te osoby, kt\u00f3reby mi opowiedzia\u0142y szczeg\u00f3\u0142y z \u017cycia moich dziad\u00f3w i babek. Z jak\u0105\u017c przyjemno\u015bci\u0105 gaw\u0119dzi\u0142abym dzisiaj z m\u0105 babk\u0105 Nieszkowsk\u0105, lub cioteczn\u0105 jej siostr\u0105 Helen\u0105 Kr\u0105kowsk\u0105, kt\u00f3r\u0105 zna\u0142am, b\u0119d\u0105c bardzo m\u0142od\u0105. Dzisiaj ona, jak inne wsp\u00f3\u0142czesne jej osoby, dawno ju\u017c w grobie. Dlatego nasun\u0119\u0142a mi si\u0119 my\u015bl napisania mych wspomnie\u0144 o rodzinie, a mo\u017ce kiedy\u015b kt\u00f3re z mych dzieci lub wnuk\u00f3w dozna podobnych do mnie uczu\u0107 i z przyjemno\u015bci\u0105 te wspomnienia przegl\u0105da\u0107 b\u0119dzie.<br \/>\n<\/em><em>Pradziad m\u00f3j ze strony Ojca, a jak dawniej m\u00f3wili, pradziad po mieczu, Piotr Celestyn Gorczycki pochodzi\u0142 z rodziny szlacheckiej herbu Jastrz\u0119biec. Mieszka\u0142 w maj\u0105tku swoim w <a href=\"http:\/\/pl.wikipedia.org\/wiki\/Malan%C3%B3w_(wojew%C3%B3dztwo_wielkopolskie)\" target=\"_blank\">Malanowie<\/a> w powiecie tureckim w ziemi kaliskiej. Pradziad Piotr Celestyn mia\u0142 sze\u015bcioro dzieci, trzech syn\u00f3w: Antoniego, Leona i Tadeusza i trzy c\u00f3rki: jedn\u0105 za Bo\u017c\u0119ckim, drug\u0105 za Raci\u0119ckim, trzeci\u0105 za Cie\u0144skim<a title=\"\" href=\"file:\/\/\/D:\/MKP\/genealogia\/Pami%C4%99tnik%20Jadwigi%20z%20Gorczyckich%20Tyblewskiej.doc#_ftn1\">[1]<\/a>. Dwie ostatnie by\u0142y bezdzietne. Synowie wszyscy trzej o\u017cenili si\u0119 z trzema rodzonymi siostrami Jasi\u0144skimi, z kt\u00f3rych dwie by\u0142y bli\u017ani\u0119tami. Pami\u0119tam, jak jeszcze by\u0142am na pensji, a raczej w gimnazjum i odwiedzi\u0142am siostr\u0119 stryjeczn\u0105 Ojca Pelagi\u0119 Dutkowsk\u0105 (c\u00f3rk\u0119 Leona G.) powiedzia\u0142a mi wtenczas: \u201ePowinna\u015b cz\u0119\u015bciej do mnie przychodzi\u0107, ty pewno nie wiesz pokrewie\u0144stwa mego z twoim ojcem. Ojcowie byli rodzeni bracia, a matki rodzone siostry i w dodatku bli\u017ani\u0119ta\u201d. Ciotka by\u0142a wdow\u0105 i mieszka\u0142a w <a href=\"http:\/\/pl.wikipedia.org\/wiki\/Kalisz\" target=\"_blank\">Kaliszu<\/a>.<br \/>\n<\/em><em>Najstarszy syn Piotra Celestyna Antoni by\u0142 ojcem mego Ojca. O\u017ceni\u0142 si\u0119 z Franciszk\u0105 Jasi\u0144sk\u0105 i mia\u0142 troje dzieci: Cypriana, J\u00f3zefa (mego Ojca) i c\u00f3rk\u0119 Salome\u0119. Bardzo ma\u0142o wiem o moim dziadku Antonim, gdy\u017c m\u0142odo bardzo umar\u0142. S\u0142ysza\u0142am tylko, \u017ce by\u0142 zacnym cz\u0142owiekiem i mia\u0142 usposobienie nadzwyczaj \u0142agodne, \u017ce nigdy s\u0142u\u017cby surowo nie kara\u0142 za przewinienia. Podobno, \u017ce kiedy s\u0142u\u017c\u0105cy zapomnia\u0142 oczy\u015bci\u0107 mu obuwie, zawo\u0142a\u0142 go, kaza\u0142 mu usi\u0105\u015b\u0107 na kanapie i najspokojniej sam przy nim oczy\u015bci\u0142. By\u0142a to oryginalna kara w czasach jeszcze pa\u0144szczyzny, w czasach tak bezwzgl\u0119dnej surowo\u015bci.<br \/>\n<\/em><em>Ojciec m\u00f3j J\u00f3zef Faustyn Gorczycki urodzi\u0142 si\u0119 w 1821 r. w mie\u015bcie <a href=\"http:\/\/pl.wikipedia.org\/wiki\/Turek\" target=\"_blank\">Turku<\/a>, we dworku, kt\u00f3ry dzi\u015b jest plebani\u0105 dziekana.<a title=\"\" href=\"file:\/\/\/D:\/MKP\/genealogia\/Pami%C4%99tnik%20Jadwigi%20z%20Gorczyckich%20Tyblewskiej.doc#_ftn2\">[2]<\/a> Babka moja czasowo mieszka\u0142a tam; dawniej miasta mia\u0142y ziemi\u0119 i nale\u017c\u0105c\u0105 do Turku dzier\u017cawi\u0142 dziadek m\u00f3j Antoni.<br \/>\n<\/em><em>Ojciec m\u00f3j wcale nie pami\u0119ta\u0142 swego ojca, tylko starszy brat Cyprian, cho\u0107 ma\u0142y jeszcze ch\u0142opiec, cokolwiek przypomina\u0142 sobie. Utkwi\u0142 mu te\u017c \u017cywo w pami\u0119ci \u015blub matki z ojczymem Teodorem Doruchowskim. By\u0142y wtedy jeszcze te troje dzieci bardzo ma\u0142e. Zosta\u0142y w dodatku po swoim ojcu, lecz na to ich mienie liczy\u0142 Teodor Doruchowski. Sam nie maj\u0105c nic zgo\u0142a, o\u017ceni\u0142 si\u0119 z matk\u0105 mojego ojca z Jasi\u0144skich Franciszk\u0105 Gorczyck\u0105, kt\u00f3rej trudno by\u0142o maj\u0105tkiem w\u0142asnym i dzier\u017caw\u0105 samej zarz\u0105dza\u0107. Dlatego zdecydowa\u0142a si\u0119 na to ma\u0142\u017ce\u0144stwo. Nie wierz\u0119, aby Teodor Doruchowski o\u017ceni\u0142 si\u0119 z mi\u0142o\u015bci, nie tylko dlatego, \u017ce wiem, \u017ce p\u00f3\u017aniej \u017con\u0119 zdradza\u0142, ale, \u017ce m\u00f3g\u0142 o sierotach w dzie\u0144 swego \u015blubu odezwa\u0107 si\u0119 tak pogardliwie, \u017ce brat starszy mego Ojca do \u015bmierci to odezwanie pami\u0119ta\u0142, by\u0142 taki ma\u0142y, a tak si\u0119 zrazi\u0142 tak\u0105 brutalno\u015bci\u0105 i brakiem serca, \u017ce go ju\u017c nigdy nie tylko nie kocha\u0142, ale nie lubi\u0142 nawet. Szcz\u0119\u015bliwe te dzieci, gdzie matka nie szuka ju\u017c w\u0142asnego szcz\u0119\u015bcia, a \u017cyje tylko dla dzieci pomimo m\u0142odego wieku swego.<br \/>\n<\/em><em>Nic dziwnego, \u017ce stryj m\u00f3j i p\u00f3\u017aniej nie przekona\u0142 si\u0119 do ojczyma, gdy\u017c ten ostatni nie chcia\u0142 pasierb\u00f3w wy\u017cej kszta\u0142ci\u0107, jak sko\u0144czyli szko\u0142\u0119 w Kaliszu, jak doszli do pe\u0142noletno\u015bci, da\u0142 im mniej maj\u0105tku ich w\u0142asnego, ani\u017celi swoim dzieciom, a by\u0142o tych dzieci z drugiego ma\u0142\u017ce\u0144stwa matki mego Ojca: syn Feliks o\u017ceniony z Wand\u0105 Kokczy\u0144sk\u0105, c\u00f3rka Apolonia za Apolinarym Kokczy\u0144skim, Wiktoria za D\u0142u\u017cniakiewiczem, Maria za Alfonsem Rembowskim, Teodora za Leopoldem Chrzanowskim, Aniela za Franciszkiem Kokczy\u0144skim, Emilia za Godzimierzem Rudnickim. By\u0142 jeszcze syn Roman umys\u0142owo chory.<br \/>\n<\/em><em>Mia\u0142 zatem m\u00f3j Ojciec o\u015bmioro rodze\u0144stwa przyrodniego. Ojciec kocha\u0142 to rodze\u0144stwo, szczeg\u00f3lnie siostr\u0119 Wiktori\u0119 D\u0142u\u017cniakiewiczow\u0105 i Aniel\u0119 Kokczy\u0144sk\u0105. Matka mojego ojca by\u0142a nadzwyczaj religijna, do\u017cy\u0142a p\u00f3\u017anego wieku i prawie nigdy nie chorowa\u0142a. S\u0142ysza\u0142am, \u017ce je\u015bli czu\u0142a si\u0119 czasem niezdrowo, to nigdy nie radzi\u0142a si\u0119 doktora, tylko jecha\u0142a do Cz\u0119stochowy na Jasn\u0105 G\u00f3r\u0119 do klasztoru i zawsze wraca\u0142a zdrowa. Wiara w przyczyn\u0119 N. Marii Panny j\u0105 uzdrawia\u0142a. Je\u017adzi\u0142a zwykle ca\u0142ym dworem, zabiera\u0142a dzieci, kucharza, s\u0142u\u017c\u0105ce i cz\u0119sto kogo\u015b z rodziny. Mieszka\u0142a zawsze w Kaliskiem w Malanowie lub w <a href=\"http:\/\/pl.wikipedia.org\/wiki\/%C5%BBd%C5%BCenice\" target=\"_blank\">\u017bd\u017cenicach<\/a>.<br \/>\n<\/em><em>W dzie\u0144 swojej \u015bmierci (a mia\u0142a lat ju\u017c ko\u0142o 80) by\u0142a na nabo\u017ce\u0144stwie w Malanowie, poczem na obiad do siebie do \u017bd\u017cenic przywioz\u0142a ksi\u0119dza. Nie czu\u0142a si\u0119 wcale chora, nagle zrobi\u0142o si\u0119 jej s\u0142abo, obecny ksi\u0105dz tyle, \u017ce zd\u0105\u017cy\u0142 da\u0107 rozgrzeszenie i najspokojniej \u017cycie zako\u0144czy\u0142a.<br \/>\n<\/em><em>Ojciec m\u00f3j, uko\u0144czywszy szko\u0142\u0119 wojew\u00f3dzk\u0105 w Kaliszu, odby\u0142 praktyk\u0119 gospodarsk\u0105 i w dwudziestym pi\u0105tym roku o\u017ceni\u0142 si\u0119 z Konstancj\u0105 Nieszkowsk\u0105 dnia 17 stycznia 1846 r. \u015alub bra\u0142 tylko w kalwi\u0144skim ko\u015bciele, bo tak \u017cyczy\u0142a sobie rodzina mej matki, a czym podobno by\u0142a zmartwiona matka mego Ojca.<br \/>\n<\/em><em>Ojciec kupi\u0142 wie\u015b <a href=\"http:\/\/pl.wikipedia.org\/wiki\/K%C4%85cik_(powiat_be%C5%82chatowski)\" target=\"_blank\">K\u0105cik<\/a> w piotrkowskiem od matki \u017cony, to jest od babki mojej Joanny Nieszkowskiej, na\u00f3wczas ju\u017c wdowy. c.d.n.\u00a0<\/em><\/p>\n<div>\n<hr align=\"left\" size=\"1\" width=\"33%\" \/>\n<div>\n<p><em><a title=\"\" href=\"file:\/\/\/D:\/MKP\/genealogia\/Pami%C4%99tnik%20Jadwigi%20z%20Gorczyckich%20Tyblewskiej.doc#_ftnref1\">[1]<\/a> Dok\u0142adniej nale\u017cy poda\u0107: Balbin\u0119 za Bo\u017c\u0119ckim (Borz\u0119ckim S.K.). Martyn\u0119 za Raci\u0119ckim i Tekl\u0119 za Cie\u0144skim. Martyna i Tekla by\u0142y bezdzietne. (przyp. E.T.)<\/em><\/p>\n<\/div>\n<div>\n<p><em><a title=\"\" href=\"file:\/\/\/D:\/MKP\/genealogia\/Pami%C4%99tnik%20Jadwigi%20z%20Gorczyckich%20Tyblewskiej.doc#_ftnref2\">[2]<\/a> Dok\u0142adniejszej daty urodzenia J\u00f3zefa Faustyna Gorczyckiego nie uda\u0142o mi si\u0119 dot\u0105d ustali\u0107. Przyjmuj\u0119 rok podany przez Jadwig\u0119 Gorczyck\u0105, chocia\u017c Stefan Skawi\u0144ski podaje rok 1820. Dok\u0142adny mo\u017cliwie \u017cyciorys J\u00f3zefa Faustyna podaj\u0119 w innym miejscu. (przyp. E.T.) Ustalono: 15.II.1821 (przyp. S.K.)<\/em><\/p>\n<\/div>\n<\/div>\n","protected":false},"excerpt":{"rendered":"<p>W\u015br\u00f3d rodzinnych pami\u0105tek zachowa\u0142 si\u0119 pami\u0119tnik Jadwigi z Gorczyckich Tyblewskiej &#8211; rodzonej siostry mojej praprababci Stanis\u0142awy Anny Sabiny z Gorczyckich Ruszczykowskiej. Orygina\u0142 pami\u0119tnika nie jest w moich r\u0119kach. Mam tylko maszynopis. W latach 70-tych pami\u0119tnik przepisa\u0142 na maszynie jej wnuk &#8211; Eugeniusz Tyblewski. Orygina\u0142 pami\u0119tnika jest prawdopodobnie w r\u0119kach jego c\u00f3rki Moniki, kt\u00f3ra obieca\u0142a, \u017ce [&hellip;]<\/p>\n","protected":false},"author":1,"featured_media":0,"comment_status":"closed","ping_status":"closed","sticky":false,"template":"","format":"standard","meta":{"footnotes":""},"categories":[235,6,238,59,200,4,201],"tags":[206,205,202,203,210,204,207,208,162,947,948,946,945,209,69,145],"class_list":["post-1380","post","type-post","status-publish","format-standard","hentry","category-doruchowscy","category-gorczyccy","category-jasinscy","category-krosnowscy","category-nieszkowscy","category-ruszczykowscy","category-tyblewscy","tag-herb-jastrzebiec","tag-herb-kosciesza","tag-jadwiga-tyblewska","tag-jadwiga-z-gorczyckich-tyblewska","tag-joanna-nieszkowska","tag-jozef-faustyn-gorczycki","tag-konstancja-nieszkowska","tag-konstancja-z-nieszkowskich-gorczycka","tag-pamietnik","tag-pamietnik-jadwigi","tag-pamietnik-jadwigi-gorczyckiej","tag-pamietnik-jadwigi-tyblewskiej","tag-pamietnik-jadwigi-z-gorczyckich-tyblewskiej","tag-piotr-celestyn-gorczycki","tag-stanislawa-anna-sabina-gorczycka","tag-stanislawa-anna-sabina-ruszczykowska"],"_links":{"self":[{"href":"http:\/\/piekarscy.com.pl\/index.php?rest_route=\/wp\/v2\/posts\/1380","targetHints":{"allow":["GET"]}}],"collection":[{"href":"http:\/\/piekarscy.com.pl\/index.php?rest_route=\/wp\/v2\/posts"}],"about":[{"href":"http:\/\/piekarscy.com.pl\/index.php?rest_route=\/wp\/v2\/types\/post"}],"author":[{"embeddable":true,"href":"http:\/\/piekarscy.com.pl\/index.php?rest_route=\/wp\/v2\/users\/1"}],"replies":[{"embeddable":true,"href":"http:\/\/piekarscy.com.pl\/index.php?rest_route=%2Fwp%2Fv2%2Fcomments&post=1380"}],"version-history":[{"count":7,"href":"http:\/\/piekarscy.com.pl\/index.php?rest_route=\/wp\/v2\/posts\/1380\/revisions"}],"predecessor-version":[{"id":1495,"href":"http:\/\/piekarscy.com.pl\/index.php?rest_route=\/wp\/v2\/posts\/1380\/revisions\/1495"}],"wp:attachment":[{"href":"http:\/\/piekarscy.com.pl\/index.php?rest_route=%2Fwp%2Fv2%2Fmedia&parent=1380"}],"wp:term":[{"taxonomy":"category","embeddable":true,"href":"http:\/\/piekarscy.com.pl\/index.php?rest_route=%2Fwp%2Fv2%2Fcategories&post=1380"},{"taxonomy":"post_tag","embeddable":true,"href":"http:\/\/piekarscy.com.pl\/index.php?rest_route=%2Fwp%2Fv2%2Ftags&post=1380"}],"curies":[{"name":"wp","href":"https:\/\/api.w.org\/{rel}","templated":true}]}}