{"id":1415,"date":"2014-03-01T00:10:02","date_gmt":"2014-03-01T00:10:02","guid":{"rendered":"http:\/\/piekarscy.com.pl\/?p=1415"},"modified":"2016-09-04T18:43:48","modified_gmt":"2016-09-04T18:43:48","slug":"pamietnik-jadwigi-z-gorczyckich-cz-3","status":"publish","type":"post","link":"http:\/\/piekarscy.com.pl\/?p=1415","title":{"rendered":"Pami\u0119tnik Jadwigi z Gorczyckich cz. 3"},"content":{"rendered":"<p>Oto trzecia ods\u0142ona pami\u0119tnika Jadwigi z Gorczyckich Tyblewskiej, rodzonej siostry mojej praprababci Stanis\u0142awy Anny Sabiny z Gorczyckich Ruszczykowskiej. Pami\u0119tnik przepisa\u0142 w latach 70-tych Eugeniusz Tyblewski (E.T.). Potem powieli\u0142a go Stefania z Ruszczykowskich-Krosnowska (S.K.).<\/p>\n<div id=\"attachment_1381\" style=\"width: 185px\" class=\"wp-caption aligncenter\"><a href=\"http:\/\/piekarscy.com.pl\/wp-content\/uploads\/2014\/02\/jadwiga-z-gorczyckich-tyblewska.jpg\"><img loading=\"lazy\" decoding=\"async\" aria-describedby=\"caption-attachment-1381\" class=\" wp-image-1381\" alt=\"jadwiga z gorczyckich tyblewska\" src=\"http:\/\/piekarscy.com.pl\/wp-content\/uploads\/2014\/02\/jadwiga-z-gorczyckich-tyblewska-175x300.jpg\" width=\"175\" height=\"300\" srcset=\"http:\/\/piekarscy.com.pl\/wp-content\/uploads\/2014\/02\/jadwiga-z-gorczyckich-tyblewska-175x300.jpg 175w, http:\/\/piekarscy.com.pl\/wp-content\/uploads\/2014\/02\/jadwiga-z-gorczyckich-tyblewska-598x1024.jpg 598w, http:\/\/piekarscy.com.pl\/wp-content\/uploads\/2014\/02\/jadwiga-z-gorczyckich-tyblewska-624x1068.jpg 624w\" sizes=\"auto, (max-width: 175px) 100vw, 175px\" \/><\/a><p id=\"caption-attachment-1381\" class=\"wp-caption-text\">Jadwiga z Gorczyckich Tyblewska,<br \/>c\u00f3rka J\u00f3zefa Faustyna Gorczyckiego h. Jastrz\u0119biec<br \/>i Konstancji z Nieszkowskich h. Ko\u015bciesza.<\/p><\/div>\n<p>Oto ci\u0105g dalszy opowie\u015bci o babce Jadwigi, czyli Joannie z Nieszkowskich Nieszkowskiej, kt\u00f3ra wysz\u0142a za m\u0105\u017c za swojego stryjecznego stryja, kt\u00f3ry wcze\u015bniej by\u0142 m\u0119\u017cem jej rodzonej siostry El\u017cbiety. Zrobi\u0142a to po to, by opiekowa\u0107 si\u0119 zmar\u0142\u0105 c\u00f3reczk\u0105 siostry &#8211; tak\u017ce El\u017cbiet\u0105. Zawi\u0142e, prawda?<\/p>\n<p><em>Przez pasierbic\u0119 El\u017cbiet\u0119 z Nieszkowskich Kosseck\u0105 by\u0142a babka bardzo kochana, cho\u0107 zdaje mi si\u0119, \u017ce babka by\u0142a za ma\u0142\u017ce\u0144stwem ciotki El\u017cbiety, kt\u00f3re nie by\u0142o szcz\u0119\u015bliwe. Ciotka El\u017cbieta wysz\u0142a za syna senatora, za Stanis\u0142awa Kosseckiego. By\u0142 bogaty, m\u0142ody, przystojny i w dodatku kalwin, co bardzo przemawia\u0142o za nim w rodzinie, ale mia\u0142 du\u017ce \u201eale\u201d, kt\u00f3re trudno okre\u015bli\u0107, aby dobra\u0107 odpowiedniego wyrazu, nie mo\u017cna go by\u0142o nazwa\u0107 wariatem lub idiot\u0105, nie by\u0142 dziwakiem, a jednak jaki\u015b nienormalny i co najwa\u017cniejsze, cz\u0119sto \u015bmieszny. Mo\u017ce by\u0107, \u017ce przyczyni\u0142a si\u0119 konwulsja w dzieci\u0144stwie. Ciotka wysz\u0142a za Kosseckiego maj\u0105c zaledwie 16 lat z woli rodzic\u00f3w, ale po kilku latach rozwiod\u0142a si\u0119. Mia\u0142a dwie c\u00f3rki, jedna dzieckiem umar\u0142a, a druga J\u00f3zefa wysz\u0142a za W\u0142adys\u0142awa Po\u0142kotyckiego matematyka w Warszawie. By\u0142a niezwyk\u0142ej urody, dzieci nie mia\u0142a, tylko adoptowa\u0142a razem z m\u0119\u017cem sierot\u0119 po swoim bracie ciotecznym (ze strony ojca swego) Mari\u0119 Kr\u00f3likiewicz\u00f3wn\u0119, wychowa\u0142a j\u0105 od lat dziecinnych i wyda\u0142a za m\u0105\u017c za Romualda Rebczy\u0144skiego, kuzyna swego m\u0119\u017ca.<a title=\"\" href=\"file:\/\/\/D:\/MKP\/genealogia\/Pami%C4%99tnik%20Jadwigi%20z%20Gorczyckich%20Tyblewskiej.doc#_ftn1\">[1]<\/a> Dzi\u015b ju\u017c nie \u017cyje moja ciotka Kossecka, ani jej c\u00f3rka J\u00f3zefa Po\u0142kotycka, ca\u0142y za\u015b maj\u0105tek, z\u0142o\u017cony z dw\u00f3ch du\u017cych kamienic w Warszawie, dosta\u0142 si\u0119 Marii Rebczy\u0144skiej c\u00f3rce adoptowanej. J\u00f3zefa Po\u0142kotycka zrobi\u0142a testament na korzy\u015b\u0107 nas, ciotecznego rodze\u0144stwa, testament zosta\u0142 podarty, ale \u017cadne z nas nie podnios\u0142o tej kwestii, chciwo\u015b\u0107 nie by\u0142a nigdy rysem naszych charakter\u00f3w.<\/em><\/p>\n<p><em>c.d.n. &#8230;<\/em><\/p>\n<div>Na zdj\u0119ciach poni\u017cej J\u00f3zefa z Kosseckich Po\u0142kotycka.<\/div>\n<div><a href=\"http:\/\/piekarscy.com.pl\/wp-content\/uploads\/2014\/02\/jozefa-z-kosseckich-polkotycka-1.jpg\"><img loading=\"lazy\" decoding=\"async\" class=\"aligncenter size-medium wp-image-1416\" alt=\"jozefa z kosseckich polkotycka - 1\" src=\"http:\/\/piekarscy.com.pl\/wp-content\/uploads\/2014\/02\/jozefa-z-kosseckich-polkotycka-1-191x300.jpg\" width=\"191\" height=\"300\" srcset=\"http:\/\/piekarscy.com.pl\/wp-content\/uploads\/2014\/02\/jozefa-z-kosseckich-polkotycka-1-191x300.jpg 191w, http:\/\/piekarscy.com.pl\/wp-content\/uploads\/2014\/02\/jozefa-z-kosseckich-polkotycka-1-654x1024.jpg 654w, http:\/\/piekarscy.com.pl\/wp-content\/uploads\/2014\/02\/jozefa-z-kosseckich-polkotycka-1-624x976.jpg 624w\" sizes=\"auto, (max-width: 191px) 100vw, 191px\" \/><\/a> <a href=\"http:\/\/piekarscy.com.pl\/wp-content\/uploads\/2014\/02\/jozefa-z-kosseckich-polkotycka-2.jpg\"><img loading=\"lazy\" decoding=\"async\" class=\"aligncenter size-medium wp-image-1417\" alt=\"jozefa z kosseckich polkotycka - 2\" src=\"http:\/\/piekarscy.com.pl\/wp-content\/uploads\/2014\/02\/jozefa-z-kosseckich-polkotycka-2-219x300.jpg\" width=\"219\" height=\"300\" srcset=\"http:\/\/piekarscy.com.pl\/wp-content\/uploads\/2014\/02\/jozefa-z-kosseckich-polkotycka-2-219x300.jpg 219w, http:\/\/piekarscy.com.pl\/wp-content\/uploads\/2014\/02\/jozefa-z-kosseckich-polkotycka-2-749x1024.jpg 749w, http:\/\/piekarscy.com.pl\/wp-content\/uploads\/2014\/02\/jozefa-z-kosseckich-polkotycka-2-624x853.jpg 624w\" sizes=\"auto, (max-width: 219px) 100vw, 219px\" \/><\/a> <a href=\"http:\/\/piekarscy.com.pl\/wp-content\/uploads\/2014\/02\/jozefa-z-kosseckich-polkotycka-3.jpg\"><img loading=\"lazy\" decoding=\"async\" class=\"aligncenter size-medium wp-image-1418\" alt=\"jozefa z kosseckich polkotycka - 3\" src=\"http:\/\/piekarscy.com.pl\/wp-content\/uploads\/2014\/02\/jozefa-z-kosseckich-polkotycka-3-184x300.jpg\" width=\"184\" height=\"300\" srcset=\"http:\/\/piekarscy.com.pl\/wp-content\/uploads\/2014\/02\/jozefa-z-kosseckich-polkotycka-3-184x300.jpg 184w, http:\/\/piekarscy.com.pl\/wp-content\/uploads\/2014\/02\/jozefa-z-kosseckich-polkotycka-3-631x1024.jpg 631w\" sizes=\"auto, (max-width: 184px) 100vw, 184px\" \/><\/a> <a href=\"http:\/\/piekarscy.com.pl\/wp-content\/uploads\/2014\/02\/jozefa-z-kosseckich-polkotycka-4.jpg\"><img loading=\"lazy\" decoding=\"async\" class=\"aligncenter size-medium wp-image-1419\" alt=\"jozefa z kosseckich polkotycka - 4\" src=\"http:\/\/piekarscy.com.pl\/wp-content\/uploads\/2014\/02\/jozefa-z-kosseckich-polkotycka-4-184x300.jpg\" width=\"184\" height=\"300\" srcset=\"http:\/\/piekarscy.com.pl\/wp-content\/uploads\/2014\/02\/jozefa-z-kosseckich-polkotycka-4-184x300.jpg 184w, http:\/\/piekarscy.com.pl\/wp-content\/uploads\/2014\/02\/jozefa-z-kosseckich-polkotycka-4-631x1024.jpg 631w\" sizes=\"auto, (max-width: 184px) 100vw, 184px\" \/><\/a> <a href=\"http:\/\/piekarscy.com.pl\/wp-content\/uploads\/2014\/02\/jozefa-z-kosseckich-polkotycka-5.jpg\"><img loading=\"lazy\" decoding=\"async\" class=\"aligncenter size-medium wp-image-1420\" alt=\"jozefa z kosseckich polkotycka - 5\" src=\"http:\/\/piekarscy.com.pl\/wp-content\/uploads\/2014\/02\/jozefa-z-kosseckich-polkotycka-5-183x300.jpg\" width=\"183\" height=\"300\" srcset=\"http:\/\/piekarscy.com.pl\/wp-content\/uploads\/2014\/02\/jozefa-z-kosseckich-polkotycka-5-183x300.jpg 183w, http:\/\/piekarscy.com.pl\/wp-content\/uploads\/2014\/02\/jozefa-z-kosseckich-polkotycka-5-627x1024.jpg 627w, http:\/\/piekarscy.com.pl\/wp-content\/uploads\/2014\/02\/jozefa-z-kosseckich-polkotycka-5-624x1018.jpg 624w\" sizes=\"auto, (max-width: 183px) 100vw, 183px\" \/><\/a> <a href=\"http:\/\/piekarscy.com.pl\/wp-content\/uploads\/2014\/02\/jozefa-z-kosseckich-polkotycka-6.jpg\"><img loading=\"lazy\" decoding=\"async\" class=\"aligncenter size-medium wp-image-1421\" alt=\"jozefa z kosseckich polkotycka - 6\" src=\"http:\/\/piekarscy.com.pl\/wp-content\/uploads\/2014\/02\/jozefa-z-kosseckich-polkotycka-6-215x300.jpg\" width=\"215\" height=\"300\" srcset=\"http:\/\/piekarscy.com.pl\/wp-content\/uploads\/2014\/02\/jozefa-z-kosseckich-polkotycka-6-215x300.jpg 215w, http:\/\/piekarscy.com.pl\/wp-content\/uploads\/2014\/02\/jozefa-z-kosseckich-polkotycka-6-735x1024.jpg 735w, http:\/\/piekarscy.com.pl\/wp-content\/uploads\/2014\/02\/jozefa-z-kosseckich-polkotycka-6-624x869.jpg 624w\" sizes=\"auto, (max-width: 215px) 100vw, 215px\" \/><\/a><\/div>\n<div>\n<hr align=\"left\" size=\"1\" width=\"33%\" \/>\n<div>\n<p><em><a title=\"\" href=\"file:\/\/\/D:\/MKP\/genealogia\/Pami%C4%99tnik%20Jadwigi%20z%20Gorczyckich%20Tyblewskiej.doc#_ftnref1\">[1]<\/a> Nie pami\u0119tam, od kogo to wiem, ale ojciec mojej ciotki Marii z Kr\u00f3likiewicz\u00f3w Rybczy\u0144skiej, Kr\u00f3likiewicz bra\u0142 udzia\u0142 w powstaniu styczniowym. Potem wi\u0119ziony i gnany na piechot\u0119 przez Moskali na Sybir by\u0142 w drodze dwa razy przekuwany, poniewa\u017c z wycie\u0144czenia i wychudzenia spada\u0142y mu kajdany. \u00a0(przyp. E.T.)<\/em><\/p>\n<\/div>\n<\/div>\n","protected":false},"excerpt":{"rendered":"<p>Oto trzecia ods\u0142ona pami\u0119tnika Jadwigi z Gorczyckich Tyblewskiej, rodzonej siostry mojej praprababci Stanis\u0142awy Anny Sabiny z Gorczyckich Ruszczykowskiej. Pami\u0119tnik przepisa\u0142 w latach 70-tych Eugeniusz Tyblewski (E.T.). Potem powieli\u0142a go Stefania z Ruszczykowskich-Krosnowska (S.K.). Oto ci\u0105g dalszy opowie\u015bci o babce Jadwigi, czyli Joannie z Nieszkowskich Nieszkowskiej, kt\u00f3ra wysz\u0142a za m\u0105\u017c za swojego stryjecznego stryja, kt\u00f3ry wcze\u015bniej [&hellip;]<\/p>\n","protected":false},"author":1,"featured_media":0,"comment_status":"closed","ping_status":"closed","sticky":false,"template":"","format":"standard","meta":{"footnotes":""},"categories":[6,223,224,201],"tags":[230,216,229,202,203,226,227,228,225,162,947,948,946,945,231],"class_list":["post-1415","post","type-post","status-publish","format-standard","hentry","category-gorczyccy","category-kosseccy","category-polkotyccy","category-tyblewscy","tag-elzbieta-kossecka","tag-elzbieta-nieszkowska","tag-elzbieta-z-nieszkowskich-kossecka","tag-jadwiga-tyblewska","tag-jadwiga-z-gorczyckich-tyblewska","tag-jozefa-kossecka","tag-jozefa-polkotycka","tag-jozefa-z-kosseckich-polkotycka","tag-maria-krolikiewicz","tag-pamietnik","tag-pamietnik-jadwigi","tag-pamietnik-jadwigi-gorczyckiej","tag-pamietnik-jadwigi-tyblewskiej","tag-pamietnik-jadwigi-z-gorczyckich-tyblewskiej","tag-stanislaw-kossecki"],"_links":{"self":[{"href":"http:\/\/piekarscy.com.pl\/index.php?rest_route=\/wp\/v2\/posts\/1415","targetHints":{"allow":["GET"]}}],"collection":[{"href":"http:\/\/piekarscy.com.pl\/index.php?rest_route=\/wp\/v2\/posts"}],"about":[{"href":"http:\/\/piekarscy.com.pl\/index.php?rest_route=\/wp\/v2\/types\/post"}],"author":[{"embeddable":true,"href":"http:\/\/piekarscy.com.pl\/index.php?rest_route=\/wp\/v2\/users\/1"}],"replies":[{"embeddable":true,"href":"http:\/\/piekarscy.com.pl\/index.php?rest_route=%2Fwp%2Fv2%2Fcomments&post=1415"}],"version-history":[{"count":2,"href":"http:\/\/piekarscy.com.pl\/index.php?rest_route=\/wp\/v2\/posts\/1415\/revisions"}],"predecessor-version":[{"id":1423,"href":"http:\/\/piekarscy.com.pl\/index.php?rest_route=\/wp\/v2\/posts\/1415\/revisions\/1423"}],"wp:attachment":[{"href":"http:\/\/piekarscy.com.pl\/index.php?rest_route=%2Fwp%2Fv2%2Fmedia&parent=1415"}],"wp:term":[{"taxonomy":"category","embeddable":true,"href":"http:\/\/piekarscy.com.pl\/index.php?rest_route=%2Fwp%2Fv2%2Fcategories&post=1415"},{"taxonomy":"post_tag","embeddable":true,"href":"http:\/\/piekarscy.com.pl\/index.php?rest_route=%2Fwp%2Fv2%2Ftags&post=1415"}],"curies":[{"name":"wp","href":"https:\/\/api.w.org\/{rel}","templated":true}]}}