{"id":14356,"date":"2021-08-23T08:53:42","date_gmt":"2021-08-23T06:53:42","guid":{"rendered":"http:\/\/piekarscy.com.pl\/?p=14356"},"modified":"2021-07-19T11:08:20","modified_gmt":"2021-07-19T09:08:20","slug":"obrazek-pamiatkowy-dla-zalobnikow-jerzego-piekarskiego","status":"publish","type":"post","link":"http:\/\/piekarscy.com.pl\/?p=14356","title":{"rendered":"Obrazek pami\u0105tkowy dla \u017ca\u0142obnik\u00f3w Jerzego Piekarskiego"},"content":{"rendered":"<p>jerzy Piekarski &#8211; syn przyrodniego brata mojego pradziadka, czyli Stefana Piekarskiego. Wychowywa\u0142a go siostra Ojca J\u00f3zefa z Piekarskich Koz\u0142owska. Matka Jerzego zgin\u0119\u0142a w powstaniu warszawskim na placu D\u0105browskiego.<\/p>\n<p><a href=\"http:\/\/piekarscy.com.pl\/wp-content\/uploads\/2021\/07\/IMG_3490-scaled.jpg\"><img loading=\"lazy\" decoding=\"async\" class=\"aligncenter size-medium wp-image-14346\" src=\"http:\/\/piekarscy.com.pl\/wp-content\/uploads\/2021\/07\/IMG_3490-180x300.jpg\" alt=\"\" width=\"180\" height=\"300\" srcset=\"http:\/\/piekarscy.com.pl\/wp-content\/uploads\/2021\/07\/IMG_3490-180x300.jpg 180w, http:\/\/piekarscy.com.pl\/wp-content\/uploads\/2021\/07\/IMG_3490-615x1024.jpg 615w, http:\/\/piekarscy.com.pl\/wp-content\/uploads\/2021\/07\/IMG_3490-923x1536.jpg 923w, http:\/\/piekarscy.com.pl\/wp-content\/uploads\/2021\/07\/IMG_3490-1231x2048.jpg 1231w, http:\/\/piekarscy.com.pl\/wp-content\/uploads\/2021\/07\/IMG_3490-624x1039.jpg 624w, http:\/\/piekarscy.com.pl\/wp-content\/uploads\/2021\/07\/IMG_3490-scaled.jpg 1538w\" sizes=\"auto, (max-width: 180px) 100vw, 180px\" \/><\/a><\/p>\n","protected":false},"excerpt":{"rendered":"<p>jerzy Piekarski &#8211; syn przyrodniego brata mojego pradziadka, czyli Stefana Piekarskiego. Wychowywa\u0142a go siostra Ojca J\u00f3zefa z Piekarskich Koz\u0142owska. Matka Jerzego zgin\u0119\u0142a w powstaniu warszawskim na placu D\u0105browskiego.<\/p>\n","protected":false},"author":1,"featured_media":0,"comment_status":"closed","ping_status":"closed","sticky":false,"template":"","format":"standard","meta":{"footnotes":""},"categories":[3],"tags":[1712,588,1710],"class_list":["post-14356","post","type-post","status-publish","format-standard","hentry","category-piekarscy","tag-cmentarz-powazkowski","tag-jerzy-piekarski","tag-obrazek-dla-zalobnikow"],"_links":{"self":[{"href":"http:\/\/piekarscy.com.pl\/index.php?rest_route=\/wp\/v2\/posts\/14356","targetHints":{"allow":["GET"]}}],"collection":[{"href":"http:\/\/piekarscy.com.pl\/index.php?rest_route=\/wp\/v2\/posts"}],"about":[{"href":"http:\/\/piekarscy.com.pl\/index.php?rest_route=\/wp\/v2\/types\/post"}],"author":[{"embeddable":true,"href":"http:\/\/piekarscy.com.pl\/index.php?rest_route=\/wp\/v2\/users\/1"}],"replies":[{"embeddable":true,"href":"http:\/\/piekarscy.com.pl\/index.php?rest_route=%2Fwp%2Fv2%2Fcomments&post=14356"}],"version-history":[{"count":1,"href":"http:\/\/piekarscy.com.pl\/index.php?rest_route=\/wp\/v2\/posts\/14356\/revisions"}],"predecessor-version":[{"id":14357,"href":"http:\/\/piekarscy.com.pl\/index.php?rest_route=\/wp\/v2\/posts\/14356\/revisions\/14357"}],"wp:attachment":[{"href":"http:\/\/piekarscy.com.pl\/index.php?rest_route=%2Fwp%2Fv2%2Fmedia&parent=14356"}],"wp:term":[{"taxonomy":"category","embeddable":true,"href":"http:\/\/piekarscy.com.pl\/index.php?rest_route=%2Fwp%2Fv2%2Fcategories&post=14356"},{"taxonomy":"post_tag","embeddable":true,"href":"http:\/\/piekarscy.com.pl\/index.php?rest_route=%2Fwp%2Fv2%2Ftags&post=14356"}],"curies":[{"name":"wp","href":"https:\/\/api.w.org\/{rel}","templated":true}]}}