{"id":14376,"date":"2021-09-27T08:00:48","date_gmt":"2021-09-27T06:00:48","guid":{"rendered":"http:\/\/piekarscy.com.pl\/?p=14376"},"modified":"2021-09-19T19:50:10","modified_gmt":"2021-09-19T17:50:10","slug":"dwa-zdjecia-praprababki-anny-ktore-posluzyly-stworzeniu-portretu-cz-2","status":"publish","type":"post","link":"http:\/\/piekarscy.com.pl\/?p=14376","title":{"rendered":"Dwa zdj\u0119cia praprababki Anny, kt\u00f3re pos\u0142u\u017cy\u0142y stworzeniu portretu cz. 2"},"content":{"rendered":"<p>W roku 1952 praprababka Anna z Neumann\u00f3w Przybytkowska obchodzi\u0142a 90 urodziny. Z tej okazji jej zi\u0119\u0107 Wac\u0142aw Chodkowski (1878-1953) namalowa\u0142 jej portret. By staruszka mia\u0142a niespodziank\u0119 namalowa\u0142 go bior\u0105c wz\u00f3r z dw\u00f3ch fotografii. Oto druga z nich:<\/p>\n<p><a href=\"http:\/\/piekarscy.com.pl\/wp-content\/uploads\/2021\/09\/anna-z-neumannow-2.jpg\"><img loading=\"lazy\" decoding=\"async\" class=\"aligncenter size-medium wp-image-14377\" src=\"http:\/\/piekarscy.com.pl\/wp-content\/uploads\/2021\/09\/anna-z-neumannow-2-171x300.jpg\" alt=\"\" width=\"171\" height=\"300\" srcset=\"http:\/\/piekarscy.com.pl\/wp-content\/uploads\/2021\/09\/anna-z-neumannow-2-171x300.jpg 171w, http:\/\/piekarscy.com.pl\/wp-content\/uploads\/2021\/09\/anna-z-neumannow-2-584x1024.jpg 584w, http:\/\/piekarscy.com.pl\/wp-content\/uploads\/2021\/09\/anna-z-neumannow-2-876x1536.jpg 876w, http:\/\/piekarscy.com.pl\/wp-content\/uploads\/2021\/09\/anna-z-neumannow-2-1168x2048.jpg 1168w, http:\/\/piekarscy.com.pl\/wp-content\/uploads\/2021\/09\/anna-z-neumannow-2-624x1094.jpg 624w, http:\/\/piekarscy.com.pl\/wp-content\/uploads\/2021\/09\/anna-z-neumannow-2.jpg 1337w\" sizes=\"auto, (max-width: 171px) 100vw, 171px\" \/><\/a><\/p>\n<p><a href=\"http:\/\/piekarscy.com.pl\/wp-content\/uploads\/2021\/09\/portret-tesciowej.jpg\"><img loading=\"lazy\" decoding=\"async\" class=\"aligncenter size-medium wp-image-14374\" src=\"http:\/\/piekarscy.com.pl\/wp-content\/uploads\/2021\/09\/portret-tesciowej-300x298.jpg\" alt=\"\" width=\"300\" height=\"298\" srcset=\"http:\/\/piekarscy.com.pl\/wp-content\/uploads\/2021\/09\/portret-tesciowej-300x298.jpg 300w, http:\/\/piekarscy.com.pl\/wp-content\/uploads\/2021\/09\/portret-tesciowej-1024x1018.jpg 1024w, http:\/\/piekarscy.com.pl\/wp-content\/uploads\/2021\/09\/portret-tesciowej-150x150.jpg 150w, http:\/\/piekarscy.com.pl\/wp-content\/uploads\/2021\/09\/portret-tesciowej-624x621.jpg 624w, http:\/\/piekarscy.com.pl\/wp-content\/uploads\/2021\/09\/portret-tesciowej.jpg 1084w\" sizes=\"auto, (max-width: 300px) 100vw, 300px\" \/><\/a><\/p>\n<p>&nbsp;<\/p>\n","protected":false},"excerpt":{"rendered":"<p>W roku 1952 praprababka Anna z Neumann\u00f3w Przybytkowska obchodzi\u0142a 90 urodziny. Z tej okazji jej zi\u0119\u0107 Wac\u0142aw Chodkowski (1878-1953) namalowa\u0142 jej portret. By staruszka mia\u0142a niespodziank\u0119 namalowa\u0142 go bior\u0105c wz\u00f3r z dw\u00f3ch fotografii. Oto druga z nich: &nbsp;<\/p>\n","protected":false},"author":1,"featured_media":0,"comment_status":"closed","ping_status":"closed","sticky":false,"template":"","format":"standard","meta":{"footnotes":""},"categories":[115,14,7],"tags":[124,1441,123,102,1699,116],"class_list":["post-14376","post","type-post","status-publish","format-standard","hentry","category-chodkowscy","category-neumann","category-przybytkowscy","tag-anna-neumann","tag-anna-przybytkowska","tag-anna-z-neumannow-przybytkowska","tag-fotografia","tag-portret","tag-waclaw-chodkowski"],"_links":{"self":[{"href":"http:\/\/piekarscy.com.pl\/index.php?rest_route=\/wp\/v2\/posts\/14376","targetHints":{"allow":["GET"]}}],"collection":[{"href":"http:\/\/piekarscy.com.pl\/index.php?rest_route=\/wp\/v2\/posts"}],"about":[{"href":"http:\/\/piekarscy.com.pl\/index.php?rest_route=\/wp\/v2\/types\/post"}],"author":[{"embeddable":true,"href":"http:\/\/piekarscy.com.pl\/index.php?rest_route=\/wp\/v2\/users\/1"}],"replies":[{"embeddable":true,"href":"http:\/\/piekarscy.com.pl\/index.php?rest_route=%2Fwp%2Fv2%2Fcomments&post=14376"}],"version-history":[{"count":1,"href":"http:\/\/piekarscy.com.pl\/index.php?rest_route=\/wp\/v2\/posts\/14376\/revisions"}],"predecessor-version":[{"id":14378,"href":"http:\/\/piekarscy.com.pl\/index.php?rest_route=\/wp\/v2\/posts\/14376\/revisions\/14378"}],"wp:attachment":[{"href":"http:\/\/piekarscy.com.pl\/index.php?rest_route=%2Fwp%2Fv2%2Fmedia&parent=14376"}],"wp:term":[{"taxonomy":"category","embeddable":true,"href":"http:\/\/piekarscy.com.pl\/index.php?rest_route=%2Fwp%2Fv2%2Fcategories&post=14376"},{"taxonomy":"post_tag","embeddable":true,"href":"http:\/\/piekarscy.com.pl\/index.php?rest_route=%2Fwp%2Fv2%2Ftags&post=14376"}],"curies":[{"name":"wp","href":"https:\/\/api.w.org\/{rel}","templated":true}]}}