{"id":14390,"date":"2021-10-18T21:24:03","date_gmt":"2021-10-18T19:24:03","guid":{"rendered":"http:\/\/piekarscy.com.pl\/?p=14390"},"modified":"2021-10-18T21:24:42","modified_gmt":"2021-10-18T19:24:42","slug":"waclaw-chodkowski-z-rodzina","status":"publish","type":"post","link":"http:\/\/piekarscy.com.pl\/?p=14390","title":{"rendered":"Wac\u0142aw Chodkowski z rodzin\u0105"},"content":{"rendered":"<p>Wac\u0142aw Chodkowski, czyli szwagier mojej prababci z rodzin\u0105. Na zdj\u0119ciu on stoi pierwszy z lewej, wysoki z w\u0105sami. Siedzi &#8211; prawdopodobnie jego \u017cona Helena, ale pewno\u015bci brak. Co do reszty to&#8230;Na krze\u015ble siedzi W\u0142adys\u0142aw Przybytkowski &#8211; te\u015b\u0107, a m\u00f3j prapradziadek.\u00a0 Stoj\u0105?\u00a0 Nie\u00a0 mam\u00a0 poj\u0119cia kto.<a href=\"http:\/\/piekarscy.com.pl\/wp-content\/uploads\/2021\/10\/Photo593928754130_inner_90-39-603-27-55-843-603-855.jpg\"><img loading=\"lazy\" decoding=\"async\" class=\"aligncenter wp-image-14392 size-medium\" src=\"http:\/\/piekarscy.com.pl\/wp-content\/uploads\/2021\/10\/Photo593928754130_inner_90-39-603-27-55-843-603-855-300x195.jpg\" alt=\"\" width=\"300\" height=\"195\" srcset=\"http:\/\/piekarscy.com.pl\/wp-content\/uploads\/2021\/10\/Photo593928754130_inner_90-39-603-27-55-843-603-855-300x195.jpg 300w, http:\/\/piekarscy.com.pl\/wp-content\/uploads\/2021\/10\/Photo593928754130_inner_90-39-603-27-55-843-603-855-624x406.jpg 624w, http:\/\/piekarscy.com.pl\/wp-content\/uploads\/2021\/10\/Photo593928754130_inner_90-39-603-27-55-843-603-855.jpg 640w\" sizes=\"auto, (max-width: 300px) 100vw, 300px\" \/><\/a><\/p>\n","protected":false},"excerpt":{"rendered":"<p>Wac\u0142aw Chodkowski, czyli szwagier mojej prababci z rodzin\u0105. Na zdj\u0119ciu on stoi pierwszy z lewej, wysoki z w\u0105sami. Siedzi &#8211; prawdopodobnie jego \u017cona Helena, ale pewno\u015bci brak. Co do reszty to&#8230;Na krze\u015ble siedzi W\u0142adys\u0142aw Przybytkowski &#8211; te\u015b\u0107, a m\u00f3j prapradziadek.\u00a0 Stoj\u0105?\u00a0 Nie\u00a0 mam\u00a0 poj\u0119cia kto.<\/p>\n","protected":false},"author":1,"featured_media":0,"comment_status":"closed","ping_status":"closed","sticky":false,"template":"","format":"standard","meta":{"footnotes":""},"categories":[115,7],"tags":[102,116,52],"class_list":["post-14390","post","type-post","status-publish","format-standard","hentry","category-chodkowscy","category-przybytkowscy","tag-fotografia","tag-waclaw-chodkowski","tag-wladyslaw-przybytkowski"],"_links":{"self":[{"href":"http:\/\/piekarscy.com.pl\/index.php?rest_route=\/wp\/v2\/posts\/14390","targetHints":{"allow":["GET"]}}],"collection":[{"href":"http:\/\/piekarscy.com.pl\/index.php?rest_route=\/wp\/v2\/posts"}],"about":[{"href":"http:\/\/piekarscy.com.pl\/index.php?rest_route=\/wp\/v2\/types\/post"}],"author":[{"embeddable":true,"href":"http:\/\/piekarscy.com.pl\/index.php?rest_route=\/wp\/v2\/users\/1"}],"replies":[{"embeddable":true,"href":"http:\/\/piekarscy.com.pl\/index.php?rest_route=%2Fwp%2Fv2%2Fcomments&post=14390"}],"version-history":[{"count":2,"href":"http:\/\/piekarscy.com.pl\/index.php?rest_route=\/wp\/v2\/posts\/14390\/revisions"}],"predecessor-version":[{"id":14394,"href":"http:\/\/piekarscy.com.pl\/index.php?rest_route=\/wp\/v2\/posts\/14390\/revisions\/14394"}],"wp:attachment":[{"href":"http:\/\/piekarscy.com.pl\/index.php?rest_route=%2Fwp%2Fv2%2Fmedia&parent=14390"}],"wp:term":[{"taxonomy":"category","embeddable":true,"href":"http:\/\/piekarscy.com.pl\/index.php?rest_route=%2Fwp%2Fv2%2Fcategories&post=14390"},{"taxonomy":"post_tag","embeddable":true,"href":"http:\/\/piekarscy.com.pl\/index.php?rest_route=%2Fwp%2Fv2%2Ftags&post=14390"}],"curies":[{"name":"wp","href":"https:\/\/api.w.org\/{rel}","templated":true}]}}