{"id":146,"date":"2013-12-07T00:40:31","date_gmt":"2013-12-07T00:40:31","guid":{"rendered":"http:\/\/piekarscy.com.pl\/?p=146"},"modified":"2013-12-07T15:46:16","modified_gmt":"2013-12-07T15:46:16","slug":"laurka-ludwika","status":"publish","type":"post","link":"http:\/\/piekarscy.com.pl\/?p=146","title":{"rendered":"Laurka Ludwika"},"content":{"rendered":"<p>Po moim pradziadku Ludwiku Rochu Piekarskim (1869-1945) zosta\u0142o sporo pami\u0105tek. Niekt\u00f3re s\u0105 zabawne &#8211; inne mniej. Ta nale\u017cy zdecydowanie do tych zabawnych. Oto laurka, kt\u00f3r\u0105 ma\u0142y (w\u00f3wczas 7-letni) Lucek napisa\u0142 dla swojego Ojca Micha\u0142a Franciszka Piekarskiego.<\/p>\n<p><a href=\"http:\/\/piekarscy.com.pl\/wp-content\/uploads\/2013\/12\/CCF22032011_00001.jpg\"><img loading=\"lazy\" decoding=\"async\" class=\"aligncenter size-medium wp-image-147\" alt=\"CCF22032011_00001\" src=\"http:\/\/piekarscy.com.pl\/wp-content\/uploads\/2013\/12\/CCF22032011_00001-203x300.jpg\" width=\"203\" height=\"300\" srcset=\"http:\/\/piekarscy.com.pl\/wp-content\/uploads\/2013\/12\/CCF22032011_00001-203x300.jpg 203w, http:\/\/piekarscy.com.pl\/wp-content\/uploads\/2013\/12\/CCF22032011_00001-695x1024.jpg 695w, http:\/\/piekarscy.com.pl\/wp-content\/uploads\/2013\/12\/CCF22032011_00001-624x918.jpg 624w, http:\/\/piekarscy.com.pl\/wp-content\/uploads\/2013\/12\/CCF22032011_00001.jpg 1712w\" sizes=\"auto, (max-width: 203px) 100vw, 203px\" \/><\/a><\/p>\n<p>Czy Pomyli\u0142 si\u0119 w nazwisku? Czy zrobi\u0142 pod imieniem kleksa? Nie wiem. Pami\u0105tka ma bowiem wyci\u0119ta na wylot no\u017cyczkami lub \u017cyletk\u0105 dziur\u0119. I to jest ca\u0142y jej urok!<\/p>\n<p><a href=\"http:\/\/piekarscy.com.pl\/wp-content\/uploads\/2013\/12\/CCF22032011_00002.jpg\"><img loading=\"lazy\" decoding=\"async\" class=\"aligncenter size-medium wp-image-148\" alt=\"CCF22032011_00002\" src=\"http:\/\/piekarscy.com.pl\/wp-content\/uploads\/2013\/12\/CCF22032011_00002-202x300.jpg\" width=\"202\" height=\"300\" srcset=\"http:\/\/piekarscy.com.pl\/wp-content\/uploads\/2013\/12\/CCF22032011_00002-202x300.jpg 202w, http:\/\/piekarscy.com.pl\/wp-content\/uploads\/2013\/12\/CCF22032011_00002-692x1024.jpg 692w, http:\/\/piekarscy.com.pl\/wp-content\/uploads\/2013\/12\/CCF22032011_00002.jpg 1603w\" sizes=\"auto, (max-width: 202px) 100vw, 202px\" \/><\/a><\/p>\n","protected":false},"excerpt":{"rendered":"<p>Po moim pradziadku Ludwiku Rochu Piekarskim (1869-1945) zosta\u0142o sporo pami\u0105tek. Niekt\u00f3re s\u0105 zabawne &#8211; inne mniej. Ta nale\u017cy zdecydowanie do tych zabawnych. Oto laurka, kt\u00f3r\u0105 ma\u0142y (w\u00f3wczas 7-letni) Lucek napisa\u0142 dla swojego Ojca Micha\u0142a Franciszka Piekarskiego. Czy Pomyli\u0142 si\u0119 w nazwisku? Czy zrobi\u0142 pod imieniem kleksa? Nie wiem. Pami\u0105tka ma bowiem wyci\u0119ta na wylot no\u017cyczkami [&hellip;]<\/p>\n","protected":false},"author":1,"featured_media":0,"comment_status":"closed","ping_status":"open","sticky":false,"template":"","format":"standard","meta":{"footnotes":""},"categories":[3],"tags":[79,32,29,30,33,50],"class_list":["post-146","post","type-post","status-publish","format-standard","hentry","category-piekarscy","tag-laurka","tag-ludwik-piekarski","tag-ludwik-roch-piekarski","tag-michal-franciszek-piekarski","tag-michal-piekarski","tag-pamiatka"],"_links":{"self":[{"href":"http:\/\/piekarscy.com.pl\/index.php?rest_route=\/wp\/v2\/posts\/146","targetHints":{"allow":["GET"]}}],"collection":[{"href":"http:\/\/piekarscy.com.pl\/index.php?rest_route=\/wp\/v2\/posts"}],"about":[{"href":"http:\/\/piekarscy.com.pl\/index.php?rest_route=\/wp\/v2\/types\/post"}],"author":[{"embeddable":true,"href":"http:\/\/piekarscy.com.pl\/index.php?rest_route=\/wp\/v2\/users\/1"}],"replies":[{"embeddable":true,"href":"http:\/\/piekarscy.com.pl\/index.php?rest_route=%2Fwp%2Fv2%2Fcomments&post=146"}],"version-history":[{"count":2,"href":"http:\/\/piekarscy.com.pl\/index.php?rest_route=\/wp\/v2\/posts\/146\/revisions"}],"predecessor-version":[{"id":165,"href":"http:\/\/piekarscy.com.pl\/index.php?rest_route=\/wp\/v2\/posts\/146\/revisions\/165"}],"wp:attachment":[{"href":"http:\/\/piekarscy.com.pl\/index.php?rest_route=%2Fwp%2Fv2%2Fmedia&parent=146"}],"wp:term":[{"taxonomy":"category","embeddable":true,"href":"http:\/\/piekarscy.com.pl\/index.php?rest_route=%2Fwp%2Fv2%2Fcategories&post=146"},{"taxonomy":"post_tag","embeddable":true,"href":"http:\/\/piekarscy.com.pl\/index.php?rest_route=%2Fwp%2Fv2%2Ftags&post=146"}],"curies":[{"name":"wp","href":"https:\/\/api.w.org\/{rel}","templated":true}]}}