{"id":1489,"date":"2014-03-16T09:38:55","date_gmt":"2014-03-16T09:38:55","guid":{"rendered":"http:\/\/piekarscy.com.pl\/?p=1489"},"modified":"2014-03-16T09:37:12","modified_gmt":"2014-03-16T09:37:12","slug":"1489","status":"publish","type":"post","link":"http:\/\/piekarscy.com.pl\/?p=1489","title":{"rendered":"\u201ePlotki rodzinne\u201d cioci Steni cz. 4"},"content":{"rendered":"<p>Kolejna cz\u0119\u015b\u0107 plotek rodzinnych cioci Steni z Ruszczykowskich Krosnowskiej spisanych w latach 70-tych XX wieku w czerwonym notesie-kalendarzu.<\/p>\n<p style=\"text-align: center;\"><a href=\"http:\/\/piekarscy.com.pl\/wp-content\/uploads\/2014\/02\/2014-02-08-19.32.31.jpg\"><img loading=\"lazy\" decoding=\"async\" class=\"aligncenter\" alt=\"2014-02-08 19.32.31\" src=\"http:\/\/piekarscy.com.pl\/wp-content\/uploads\/2014\/02\/2014-02-08-19.32.31-300x225.jpg\" width=\"300\" height=\"225\" \/><\/a><\/p>\n<p style=\"text-align: center;\"><a href=\"http:\/\/piekarscy.com.pl\/wp-content\/uploads\/2014\/03\/20140228_141418.jpg\"><img loading=\"lazy\" decoding=\"async\" class=\"aligncenter size-medium wp-image-1827\" alt=\"20140228_141418\" src=\"http:\/\/piekarscy.com.pl\/wp-content\/uploads\/2014\/03\/20140228_141418-225x300.jpg\" width=\"225\" height=\"300\" srcset=\"http:\/\/piekarscy.com.pl\/wp-content\/uploads\/2014\/03\/20140228_141418-225x300.jpg 225w, http:\/\/piekarscy.com.pl\/wp-content\/uploads\/2014\/03\/20140228_141418-768x1024.jpg 768w, http:\/\/piekarscy.com.pl\/wp-content\/uploads\/2014\/03\/20140228_141418-624x832.jpg 624w\" sizes=\"auto, (max-width: 225px) 100vw, 225px\" \/><\/a> <a href=\"http:\/\/piekarscy.com.pl\/wp-content\/uploads\/2014\/03\/20140228_141430.jpg\"><img loading=\"lazy\" decoding=\"async\" class=\"aligncenter size-medium wp-image-1828\" alt=\"20140228_141430\" src=\"http:\/\/piekarscy.com.pl\/wp-content\/uploads\/2014\/03\/20140228_141430-225x300.jpg\" width=\"225\" height=\"300\" srcset=\"http:\/\/piekarscy.com.pl\/wp-content\/uploads\/2014\/03\/20140228_141430-225x300.jpg 225w, http:\/\/piekarscy.com.pl\/wp-content\/uploads\/2014\/03\/20140228_141430-768x1024.jpg 768w, http:\/\/piekarscy.com.pl\/wp-content\/uploads\/2014\/03\/20140228_141430-624x832.jpg 624w\" sizes=\"auto, (max-width: 225px) 100vw, 225px\" \/><\/a> <a href=\"http:\/\/piekarscy.com.pl\/wp-content\/uploads\/2014\/03\/20140228_141440.jpg\"><img loading=\"lazy\" decoding=\"async\" class=\"aligncenter size-medium wp-image-1829\" alt=\"20140228_141440\" src=\"http:\/\/piekarscy.com.pl\/wp-content\/uploads\/2014\/03\/20140228_141440-225x300.jpg\" width=\"225\" height=\"300\" srcset=\"http:\/\/piekarscy.com.pl\/wp-content\/uploads\/2014\/03\/20140228_141440-225x300.jpg 225w, http:\/\/piekarscy.com.pl\/wp-content\/uploads\/2014\/03\/20140228_141440-768x1024.jpg 768w, http:\/\/piekarscy.com.pl\/wp-content\/uploads\/2014\/03\/20140228_141440-624x832.jpg 624w\" sizes=\"auto, (max-width: 225px) 100vw, 225px\" \/><\/a> <a href=\"http:\/\/piekarscy.com.pl\/wp-content\/uploads\/2014\/03\/20140228_141445.jpg\"><img loading=\"lazy\" decoding=\"async\" class=\"aligncenter size-medium wp-image-1830\" alt=\"20140228_141445\" src=\"http:\/\/piekarscy.com.pl\/wp-content\/uploads\/2014\/03\/20140228_141445-225x300.jpg\" width=\"225\" height=\"300\" srcset=\"http:\/\/piekarscy.com.pl\/wp-content\/uploads\/2014\/03\/20140228_141445-225x300.jpg 225w, http:\/\/piekarscy.com.pl\/wp-content\/uploads\/2014\/03\/20140228_141445-768x1024.jpg 768w, http:\/\/piekarscy.com.pl\/wp-content\/uploads\/2014\/03\/20140228_141445-624x832.jpg 624w\" sizes=\"auto, (max-width: 225px) 100vw, 225px\" \/><\/a><\/p>\n<p><em><b>Konrad Doruchowski<\/b><\/em><\/p>\n<p><em>W powstaniu styczniowym zosta\u0142 ranny w r\u0119k\u0119 \u2013 trzeba by\u0142o amputowa\u0107 d\u0142o\u0144. Operacja odbywa\u0142a si\u0119 w le\u015bnicz\u00f3wce \u2013 nie by\u0142o \u017cadnych \u015brodk\u00f3w znieczulaj\u0105cych nie m\u00f3wi\u0105c o narkozie. W czasie amputacji zdrow\u0105 r\u0119k\u0105 nabiera\u0142 landrynki i jad\u0142 je \u2013 nikt nie us\u0142ysza\u0142 nawet j\u0119ku.<\/em><\/p>\n<p><em>Mia\u0142am jego fotografi\u0119: przystojny m\u0119\u017cczyzna w sile wieku o pi\u0119knej postawie \u2013 jedna r\u0119ka by\u0142a w kieszeni\u2026. Ta bez d\u0142oni.<\/em><\/p>\n<p><em>\u00a0<b>Franciszek Gorczycki h. Jastrz\u0119biec\u00a0<\/b><\/em><\/p>\n<div id=\"attachment_1445\" style=\"width: 223px\" class=\"wp-caption alignleft\"><a href=\"http:\/\/piekarscy.com.pl\/wp-content\/uploads\/2014\/02\/franciszek-Gorczycki.jpg\"><img loading=\"lazy\" decoding=\"async\" aria-describedby=\"caption-attachment-1445\" class=\"size-medium wp-image-1445  \" alt=\"franciszek Gorczycki\" src=\"http:\/\/piekarscy.com.pl\/wp-content\/uploads\/2014\/02\/franciszek-Gorczycki-213x300.jpg\" width=\"213\" height=\"300\" srcset=\"http:\/\/piekarscy.com.pl\/wp-content\/uploads\/2014\/02\/franciszek-Gorczycki-213x300.jpg 213w, http:\/\/piekarscy.com.pl\/wp-content\/uploads\/2014\/02\/franciszek-Gorczycki-624x877.jpg 624w, http:\/\/piekarscy.com.pl\/wp-content\/uploads\/2014\/02\/franciszek-Gorczycki.jpg 728w\" sizes=\"auto, (max-width: 213px) 100vw, 213px\" \/><\/a><p id=\"caption-attachment-1445\" class=\"wp-caption-text\"><em>Franciszek Gorczycki<\/em><br \/><em>fot. z okresu Powstania Styczniowego<\/em><\/p><\/div>\n<div id=\"attachment_1444\" style=\"width: 199px\" class=\"wp-caption alignright\"><a href=\"http:\/\/piekarscy.com.pl\/wp-content\/uploads\/2014\/02\/franciszek-gorczycki-powstaniec-1863-brat-stansislawy-anny-sabiny-syn-jozefa-faustyna.jpg\"><img loading=\"lazy\" decoding=\"async\" aria-describedby=\"caption-attachment-1444\" class=\" wp-image-1444 \" alt=\"franciszek gorczycki powstaniec 1863 brat stansislawy anny sabiny syn jozefa faustyna\" src=\"http:\/\/piekarscy.com.pl\/wp-content\/uploads\/2014\/02\/franciszek-gorczycki-powstaniec-1863-brat-stansislawy-anny-sabiny-syn-jozefa-faustyna-189x300.jpg\" width=\"189\" height=\"300\" srcset=\"http:\/\/piekarscy.com.pl\/wp-content\/uploads\/2014\/02\/franciszek-gorczycki-powstaniec-1863-brat-stansislawy-anny-sabiny-syn-jozefa-faustyna-189x300.jpg 189w, http:\/\/piekarscy.com.pl\/wp-content\/uploads\/2014\/02\/franciszek-gorczycki-powstaniec-1863-brat-stansislawy-anny-sabiny-syn-jozefa-faustyna-648x1024.jpg 648w\" sizes=\"auto, (max-width: 189px) 100vw, 189px\" \/><\/a><p id=\"caption-attachment-1444\" class=\"wp-caption-text\"><em>Franciszek Gorczycki<\/em><\/p><\/div>\n<p><em>To, co ja wiem z tradycji rodzinnej r\u00f3\u017cni si\u0119 od jego w\u0142asnych wspomnie\u0144 wydanych w ksi\u0105\u017cce: \u201eSpiskowcy i partyzanci 1863r.\u201d<a title=\"\" href=\"file:\/\/\/D:\/MKP\/literat\/literatura\/rodzina\/pa%C5%82eczka%20pokole%C5%84%20-%20stenia%20ruszczykowska'.doc#_ftn1\">[1]<\/a> Wiem, \u017ce nie lubi\u0142 m\u00f3wi\u0107 o Powstaniu \u2013 mo\u017ce dlatego, \u017ce Powstanie upad\u0142o \u2013 tak twierdzi\u0142 Wuj Skawi\u0144ski. A mo\u017ce dlatego, \u017ce si\u0119 po prostu ba\u0142 &#8211; nie doczeka\u0142 przecie\u017c Niepodleg\u0142o\u015bci \u2013 taka by\u0142a supozycja mojej matki. W ka\u017cdym razie widzia\u0142am notatk\u0119 robion\u0105 jego r\u0119k\u0105: \u201e20 stycznia 1863 roku wyszed\u0142em ze szk\u00f3\u0142 do Powstania.\u201d. Toby znaczy\u0142o, \u017ce by\u0142 w tajnej organizacji, skoro wyszed\u0142 do Powstania na 2 dni przed jego wybuchem. Bra\u0142 udzia\u0142 w bitwie pod Miechowem \u2013 by\u0142 jednym z pi\u0119ciu, kt\u00f3rzy z niej wyszli ca\u0142o \u2013 ci, kt\u00f3rzy mieli najlepsze konie. Kiedy zsiada\u0142 z konia stwierdzi\u0142, ze obie po\u0142y ko\u017cuszka by\u0142y poprzestrzeliwane na wylot \u2013 sam by\u0142 nietkni\u0119ty. Jaki\u015b czas walczy\u0142 pod wodz\u0105 Francesco Nullo. Bi\u0142 si\u0119 do ko\u0144ca Powstania. Po jego upadku i powrocie do domu \u2013 szk\u00f3\u0142 nie ko\u0144czy\u0142 \u2013 usamodzielni\u0142 si\u0119. Pierwsz\u0105 jego prac\u0105 by\u0142o rz\u0105dcostwo w maj\u0105tku. Zakocha\u0142 si\u0119 w swej stryjecznej siostrze Natalii Gorczyckiej (p\u00f3\u017aniejszej Janowej de Tilly). O\u015bwiadczy\u0142 si\u0119 o jej r\u0119k\u0119, ale odmowa rodzonego stryja brzmia\u0142a: \u201eM\u00f3j drogi, je\u017celi najstarsz\u0105 c\u00f3rk\u0119 wydam za rz\u0105dc\u0119, to m\u0142odsza chyba za ekonom\u00f3w.\u201d Franciszek Gorczycki o\u017ceni\u0142 si\u0119 p\u00f3\u017aniej z Kazimier\u0105 Brzezi\u0144sk\u0105. By\u0142 w\u0142a\u015bcicielem maj\u0105tku Tomiszowice, potem Lgotka.<\/em><\/p>\n<div>\n<hr align=\"left\" size=\"1\" width=\"33%\" \/>\n<div>\n<p><em><a title=\"\" href=\"file:\/\/\/D:\/MKP\/literat\/literatura\/rodzina\/pa%C5%82eczka%20pokole%C5%84%20-%20stenia%20ruszczykowska'.doc#_ftnref1\">[1]<\/a> Spiskowcy i partyzanci 1863 roku: Adolf Pie\u0144kowski, J\u00f3zef Zajac\u0328zkowski, Jan \u0141ukasz Borkowski, Franciszek \u0141uczy\u0144ski, Jan S\u0142owacki, Henryk Wiercie\u0144ski, Franciszek \u1e60liwicki, Stanis\u0142aw Rybicki, August Helle, Boles\u0142aw Rogowicz, Telesfor Tabaczy\u0144ski, Stanis\u0142aw Cholewi\u0144ski, Franciszek Gorczycki&#8230;<\/em><br \/>\n<em> Redaktorzy: Stefan Kieniewicz, Anna Borkiewicz-Celi\u0144ska<\/em><br \/>\n<em> Wydawca: Pa\u0144stwowe Wydawn. Naukowe, 1967<\/em><\/p>\n<\/div>\n<\/div>\n","protected":false},"excerpt":{"rendered":"<p>Kolejna cz\u0119\u015b\u0107 plotek rodzinnych cioci Steni z Ruszczykowskich Krosnowskiej spisanych w latach 70-tych XX wieku w czerwonym notesie-kalendarzu. Konrad Doruchowski W powstaniu styczniowym zosta\u0142 ranny w r\u0119k\u0119 \u2013 trzeba by\u0142o amputowa\u0107 d\u0142o\u0144. Operacja odbywa\u0142a si\u0119 w le\u015bnicz\u00f3wce \u2013 nie by\u0142o \u017cadnych \u015brodk\u00f3w znieczulaj\u0105cych nie m\u00f3wi\u0105c o narkozie. W czasie amputacji zdrow\u0105 r\u0119k\u0105 nabiera\u0142 landrynki i [&hellip;]<\/p>\n","protected":false},"author":1,"featured_media":0,"comment_status":"closed","ping_status":"closed","sticky":false,"template":"","format":"standard","meta":{"footnotes":""},"categories":[235,6],"tags":[236,237,290],"class_list":["post-1489","post","type-post","status-publish","format-standard","hentry","category-doruchowscy","category-gorczyccy","tag-franciszek-gorczycki","tag-konrad-doruchowski","tag-powstanie-styczniowe"],"_links":{"self":[{"href":"http:\/\/piekarscy.com.pl\/index.php?rest_route=\/wp\/v2\/posts\/1489","targetHints":{"allow":["GET"]}}],"collection":[{"href":"http:\/\/piekarscy.com.pl\/index.php?rest_route=\/wp\/v2\/posts"}],"about":[{"href":"http:\/\/piekarscy.com.pl\/index.php?rest_route=\/wp\/v2\/types\/post"}],"author":[{"embeddable":true,"href":"http:\/\/piekarscy.com.pl\/index.php?rest_route=\/wp\/v2\/users\/1"}],"replies":[{"embeddable":true,"href":"http:\/\/piekarscy.com.pl\/index.php?rest_route=%2Fwp%2Fv2%2Fcomments&post=1489"}],"version-history":[{"count":9,"href":"http:\/\/piekarscy.com.pl\/index.php?rest_route=\/wp\/v2\/posts\/1489\/revisions"}],"predecessor-version":[{"id":1832,"href":"http:\/\/piekarscy.com.pl\/index.php?rest_route=\/wp\/v2\/posts\/1489\/revisions\/1832"}],"wp:attachment":[{"href":"http:\/\/piekarscy.com.pl\/index.php?rest_route=%2Fwp%2Fv2%2Fmedia&parent=1489"}],"wp:term":[{"taxonomy":"category","embeddable":true,"href":"http:\/\/piekarscy.com.pl\/index.php?rest_route=%2Fwp%2Fv2%2Fcategories&post=1489"},{"taxonomy":"post_tag","embeddable":true,"href":"http:\/\/piekarscy.com.pl\/index.php?rest_route=%2Fwp%2Fv2%2Ftags&post=1489"}],"curies":[{"name":"wp","href":"https:\/\/api.w.org\/{rel}","templated":true}]}}