{"id":150,"date":"2013-12-08T00:49:33","date_gmt":"2013-12-08T00:49:33","guid":{"rendered":"http:\/\/piekarscy.com.pl\/?p=150"},"modified":"2013-12-05T13:54:25","modified_gmt":"2013-12-05T13:54:25","slug":"tak-kochal-moj-pradziadek","status":"publish","type":"post","link":"http:\/\/piekarscy.com.pl\/?p=150","title":{"rendered":"Tak kocha\u0142 m\u00f3j pradziadek"},"content":{"rendered":"<p><span style=\"line-height: 1.714285714; font-size: 1rem;\">O mi\u0142o\u015bci pradziadka Antoniego Adamskiego (1884-1922) do prababci Leokadii Karoliny z Przybytkowskich Adamskiej (1884-1969) napisa\u0142am sporo. Jej zreszt\u0105 po\u015bwi\u0119cony jest monodram mojego m\u0119\u017ca <\/span><a style=\"line-height: 1.714285714; font-size: 1rem;\" href=\"http:\/\/zmuszynski.eu\" target=\"_blank\">Zacharjasza Muszy\u0144skiego<\/a><span style=\"line-height: 1.714285714; font-size: 1rem;\">\u00a0pt. <\/span><a style=\"line-height: 1.714285714; font-size: 1rem;\" href=\"http:\/\/listydoskrecipitki.blog.pl\/\" target=\"_blank\">&#8222;Listy do Skr\u0119cipitki&#8221;<\/a><span style=\"line-height: 1.714285714; font-size: 1rem;\">. To pami\u0105tki po tej mi\u0142o\u015bci, kt\u00f3re zawsze mnie rozczulaj\u0105&#8230; R\u0119czne laurki. Ach! jak on j\u0105 kocha\u0142!\u00a0<\/span><\/p>\n<p><a href=\"http:\/\/piekarscy.com.pl\/wp-content\/uploads\/2013\/12\/CCF07022011_00001.jpg\"><img loading=\"lazy\" decoding=\"async\" class=\"aligncenter size-medium wp-image-151\" alt=\"CCF07022011_00001\" src=\"http:\/\/piekarscy.com.pl\/wp-content\/uploads\/2013\/12\/CCF07022011_00001-300x199.jpg\" width=\"300\" height=\"199\" srcset=\"http:\/\/piekarscy.com.pl\/wp-content\/uploads\/2013\/12\/CCF07022011_00001-300x199.jpg 300w, http:\/\/piekarscy.com.pl\/wp-content\/uploads\/2013\/12\/CCF07022011_00001-1024x681.jpg 1024w, http:\/\/piekarscy.com.pl\/wp-content\/uploads\/2013\/12\/CCF07022011_00001-624x415.jpg 624w, http:\/\/piekarscy.com.pl\/wp-content\/uploads\/2013\/12\/CCF07022011_00001.jpg 1703w\" sizes=\"auto, (max-width: 300px) 100vw, 300px\" \/><\/a> <a href=\"http:\/\/piekarscy.com.pl\/wp-content\/uploads\/2013\/12\/CCF07022011_00002.jpg\"><img loading=\"lazy\" decoding=\"async\" class=\"aligncenter size-medium wp-image-152\" alt=\"CCF07022011_00002\" src=\"http:\/\/piekarscy.com.pl\/wp-content\/uploads\/2013\/12\/CCF07022011_00002-300x180.jpg\" width=\"300\" height=\"180\" srcset=\"http:\/\/piekarscy.com.pl\/wp-content\/uploads\/2013\/12\/CCF07022011_00002-300x180.jpg 300w, http:\/\/piekarscy.com.pl\/wp-content\/uploads\/2013\/12\/CCF07022011_00002-1024x614.jpg 1024w, http:\/\/piekarscy.com.pl\/wp-content\/uploads\/2013\/12\/CCF07022011_00002-624x374.jpg 624w, http:\/\/piekarscy.com.pl\/wp-content\/uploads\/2013\/12\/CCF07022011_00002.jpg 1740w\" sizes=\"auto, (max-width: 300px) 100vw, 300px\" \/><\/a><\/p>\n","protected":false},"excerpt":{"rendered":"<p>O mi\u0142o\u015bci pradziadka Antoniego Adamskiego (1884-1922) do prababci Leokadii Karoliny z Przybytkowskich Adamskiej (1884-1969) napisa\u0142am sporo. Jej zreszt\u0105 po\u015bwi\u0119cony jest monodram mojego m\u0119\u017ca Zacharjasza Muszy\u0144skiego\u00a0pt. &#8222;Listy do Skr\u0119cipitki&#8221;. To pami\u0105tki po tej mi\u0142o\u015bci, kt\u00f3re zawsze mnie rozczulaj\u0105&#8230; R\u0119czne laurki. Ach! jak on j\u0105 kocha\u0142!\u00a0<\/p>\n","protected":false},"author":1,"featured_media":0,"comment_status":"closed","ping_status":"open","sticky":false,"template":"","format":"standard","meta":{"footnotes":""},"categories":[5,7],"tags":[28,79,27,25,26,50],"class_list":["post-150","post","type-post","status-publish","format-standard","hentry","category-adamscy","category-przybytkowscy","tag-antoni-adamski","tag-laurka","tag-leokadia-karolina-adamska","tag-leokadia-karolina-przybytkowska","tag-leokadia-karolina-z-przybytkowskich-adamska","tag-pamiatka"],"_links":{"self":[{"href":"http:\/\/piekarscy.com.pl\/index.php?rest_route=\/wp\/v2\/posts\/150","targetHints":{"allow":["GET"]}}],"collection":[{"href":"http:\/\/piekarscy.com.pl\/index.php?rest_route=\/wp\/v2\/posts"}],"about":[{"href":"http:\/\/piekarscy.com.pl\/index.php?rest_route=\/wp\/v2\/types\/post"}],"author":[{"embeddable":true,"href":"http:\/\/piekarscy.com.pl\/index.php?rest_route=\/wp\/v2\/users\/1"}],"replies":[{"embeddable":true,"href":"http:\/\/piekarscy.com.pl\/index.php?rest_route=%2Fwp%2Fv2%2Fcomments&post=150"}],"version-history":[{"count":2,"href":"http:\/\/piekarscy.com.pl\/index.php?rest_route=\/wp\/v2\/posts\/150\/revisions"}],"predecessor-version":[{"id":154,"href":"http:\/\/piekarscy.com.pl\/index.php?rest_route=\/wp\/v2\/posts\/150\/revisions\/154"}],"wp:attachment":[{"href":"http:\/\/piekarscy.com.pl\/index.php?rest_route=%2Fwp%2Fv2%2Fmedia&parent=150"}],"wp:term":[{"taxonomy":"category","embeddable":true,"href":"http:\/\/piekarscy.com.pl\/index.php?rest_route=%2Fwp%2Fv2%2Fcategories&post=150"},{"taxonomy":"post_tag","embeddable":true,"href":"http:\/\/piekarscy.com.pl\/index.php?rest_route=%2Fwp%2Fv2%2Ftags&post=150"}],"curies":[{"name":"wp","href":"https:\/\/api.w.org\/{rel}","templated":true}]}}