{"id":1641,"date":"2014-04-18T00:02:49","date_gmt":"2014-04-18T00:02:49","guid":{"rendered":"http:\/\/piekarscy.com.pl\/?p=1641"},"modified":"2014-02-28T16:44:46","modified_gmt":"2014-02-28T16:44:46","slug":"plotki-rodzinne-cioci-steni-cz-11","status":"publish","type":"post","link":"http:\/\/piekarscy.com.pl\/?p=1641","title":{"rendered":"\u201ePlotki rodzinne\u201d cioci Steni cz. 11"},"content":{"rendered":"<p>Czas na dalszy ci\u0105g rodzinnych plotek spisanych w latach 70-tych przez Cioci\u0119 Stefani\u0119 z Ruszczykowskich Krosnowsk\u0105.<\/p>\n<p><a href=\"http:\/\/piekarscy.com.pl\/wp-content\/uploads\/2014\/02\/2014-02-08-19.32.31.jpg\"><img loading=\"lazy\" decoding=\"async\" class=\"aligncenter size-medium wp-image-1455\" alt=\"2014-02-08 19.32.31\" src=\"http:\/\/piekarscy.com.pl\/wp-content\/uploads\/2014\/02\/2014-02-08-19.32.31-300x225.jpg\" width=\"300\" height=\"225\" srcset=\"http:\/\/piekarscy.com.pl\/wp-content\/uploads\/2014\/02\/2014-02-08-19.32.31-300x225.jpg 300w, http:\/\/piekarscy.com.pl\/wp-content\/uploads\/2014\/02\/2014-02-08-19.32.31-1024x768.jpg 1024w, http:\/\/piekarscy.com.pl\/wp-content\/uploads\/2014\/02\/2014-02-08-19.32.31-624x467.jpg 624w\" sizes=\"auto, (max-width: 300px) 100vw, 300px\" \/><\/a><\/p>\n<p><a href=\"http:\/\/piekarscy.com.pl\/wp-content\/uploads\/2014\/04\/20140228_142037.jpg\"><img loading=\"lazy\" decoding=\"async\" class=\"aligncenter size-medium wp-image-1870\" alt=\"20140228_142037\" src=\"http:\/\/piekarscy.com.pl\/wp-content\/uploads\/2014\/04\/20140228_142037-225x300.jpg\" width=\"225\" height=\"300\" srcset=\"http:\/\/piekarscy.com.pl\/wp-content\/uploads\/2014\/04\/20140228_142037-225x300.jpg 225w, http:\/\/piekarscy.com.pl\/wp-content\/uploads\/2014\/04\/20140228_142037-768x1024.jpg 768w, http:\/\/piekarscy.com.pl\/wp-content\/uploads\/2014\/04\/20140228_142037-624x832.jpg 624w\" sizes=\"auto, (max-width: 225px) 100vw, 225px\" \/><\/a> <a href=\"http:\/\/piekarscy.com.pl\/wp-content\/uploads\/2014\/04\/20140228_142046.jpg\"><img loading=\"lazy\" decoding=\"async\" class=\"aligncenter size-medium wp-image-1871\" alt=\"20140228_142046\" src=\"http:\/\/piekarscy.com.pl\/wp-content\/uploads\/2014\/04\/20140228_142046-225x300.jpg\" width=\"225\" height=\"300\" srcset=\"http:\/\/piekarscy.com.pl\/wp-content\/uploads\/2014\/04\/20140228_142046-225x300.jpg 225w, http:\/\/piekarscy.com.pl\/wp-content\/uploads\/2014\/04\/20140228_142046-768x1024.jpg 768w, http:\/\/piekarscy.com.pl\/wp-content\/uploads\/2014\/04\/20140228_142046-624x832.jpg 624w\" sizes=\"auto, (max-width: 225px) 100vw, 225px\" \/><\/a> <a href=\"http:\/\/piekarscy.com.pl\/wp-content\/uploads\/2014\/04\/20140228_142052.jpg\"><img loading=\"lazy\" decoding=\"async\" class=\"aligncenter size-medium wp-image-1872\" alt=\"20140228_142052\" src=\"http:\/\/piekarscy.com.pl\/wp-content\/uploads\/2014\/04\/20140228_142052-225x300.jpg\" width=\"225\" height=\"300\" srcset=\"http:\/\/piekarscy.com.pl\/wp-content\/uploads\/2014\/04\/20140228_142052-225x300.jpg 225w, http:\/\/piekarscy.com.pl\/wp-content\/uploads\/2014\/04\/20140228_142052-768x1024.jpg 768w, http:\/\/piekarscy.com.pl\/wp-content\/uploads\/2014\/04\/20140228_142052-624x832.jpg 624w\" sizes=\"auto, (max-width: 225px) 100vw, 225px\" \/><\/a> <a href=\"http:\/\/piekarscy.com.pl\/wp-content\/uploads\/2014\/04\/20140228_142106.jpg\"><img loading=\"lazy\" decoding=\"async\" class=\"aligncenter size-medium wp-image-1873\" alt=\"20140228_142106\" src=\"http:\/\/piekarscy.com.pl\/wp-content\/uploads\/2014\/04\/20140228_142106-225x300.jpg\" width=\"225\" height=\"300\" srcset=\"http:\/\/piekarscy.com.pl\/wp-content\/uploads\/2014\/04\/20140228_142106-225x300.jpg 225w, http:\/\/piekarscy.com.pl\/wp-content\/uploads\/2014\/04\/20140228_142106-768x1024.jpg 768w, http:\/\/piekarscy.com.pl\/wp-content\/uploads\/2014\/04\/20140228_142106-624x832.jpg 624w\" sizes=\"auto, (max-width: 225px) 100vw, 225px\" \/><\/a> <a href=\"http:\/\/piekarscy.com.pl\/wp-content\/uploads\/2014\/04\/20140228_142107.jpg\"><img loading=\"lazy\" decoding=\"async\" class=\"aligncenter size-medium wp-image-1874\" alt=\"20140228_142107\" src=\"http:\/\/piekarscy.com.pl\/wp-content\/uploads\/2014\/04\/20140228_142107-225x300.jpg\" width=\"225\" height=\"300\" srcset=\"http:\/\/piekarscy.com.pl\/wp-content\/uploads\/2014\/04\/20140228_142107-225x300.jpg 225w, http:\/\/piekarscy.com.pl\/wp-content\/uploads\/2014\/04\/20140228_142107-768x1024.jpg 768w, http:\/\/piekarscy.com.pl\/wp-content\/uploads\/2014\/04\/20140228_142107-624x832.jpg 624w\" sizes=\"auto, (max-width: 225px) 100vw, 225px\" \/><\/a> <a href=\"http:\/\/piekarscy.com.pl\/wp-content\/uploads\/2014\/04\/20140228_142112.jpg\"><img loading=\"lazy\" decoding=\"async\" class=\"aligncenter size-medium wp-image-1875\" alt=\"20140228_142112\" src=\"http:\/\/piekarscy.com.pl\/wp-content\/uploads\/2014\/04\/20140228_142112-225x300.jpg\" width=\"225\" height=\"300\" srcset=\"http:\/\/piekarscy.com.pl\/wp-content\/uploads\/2014\/04\/20140228_142112-225x300.jpg 225w, http:\/\/piekarscy.com.pl\/wp-content\/uploads\/2014\/04\/20140228_142112-768x1024.jpg 768w, http:\/\/piekarscy.com.pl\/wp-content\/uploads\/2014\/04\/20140228_142112-624x832.jpg 624w\" sizes=\"auto, (max-width: 225px) 100vw, 225px\" \/><\/a> <a href=\"http:\/\/piekarscy.com.pl\/wp-content\/uploads\/2014\/04\/20140228_142123.jpg\"><img loading=\"lazy\" decoding=\"async\" class=\"aligncenter size-medium wp-image-1876\" alt=\"20140228_142123\" src=\"http:\/\/piekarscy.com.pl\/wp-content\/uploads\/2014\/04\/20140228_142123-225x300.jpg\" width=\"225\" height=\"300\" srcset=\"http:\/\/piekarscy.com.pl\/wp-content\/uploads\/2014\/04\/20140228_142123-225x300.jpg 225w, http:\/\/piekarscy.com.pl\/wp-content\/uploads\/2014\/04\/20140228_142123-768x1024.jpg 768w, http:\/\/piekarscy.com.pl\/wp-content\/uploads\/2014\/04\/20140228_142123-624x832.jpg 624w\" sizes=\"auto, (max-width: 225px) 100vw, 225px\" \/><\/a> <a href=\"http:\/\/piekarscy.com.pl\/wp-content\/uploads\/2014\/04\/20140228_142127.jpg\"><img loading=\"lazy\" decoding=\"async\" class=\"aligncenter size-medium wp-image-1877\" alt=\"20140228_142127\" src=\"http:\/\/piekarscy.com.pl\/wp-content\/uploads\/2014\/04\/20140228_142127-225x300.jpg\" width=\"225\" height=\"300\" srcset=\"http:\/\/piekarscy.com.pl\/wp-content\/uploads\/2014\/04\/20140228_142127-225x300.jpg 225w, http:\/\/piekarscy.com.pl\/wp-content\/uploads\/2014\/04\/20140228_142127-768x1024.jpg 768w, http:\/\/piekarscy.com.pl\/wp-content\/uploads\/2014\/04\/20140228_142127-624x832.jpg 624w\" sizes=\"auto, (max-width: 225px) 100vw, 225px\" \/><\/a> <a href=\"http:\/\/piekarscy.com.pl\/wp-content\/uploads\/2014\/04\/20140228_142135.jpg\"><img loading=\"lazy\" decoding=\"async\" class=\"aligncenter size-medium wp-image-1879\" alt=\"20140228_142135\" src=\"http:\/\/piekarscy.com.pl\/wp-content\/uploads\/2014\/04\/20140228_142135-225x300.jpg\" width=\"225\" height=\"300\" srcset=\"http:\/\/piekarscy.com.pl\/wp-content\/uploads\/2014\/04\/20140228_142135-225x300.jpg 225w, http:\/\/piekarscy.com.pl\/wp-content\/uploads\/2014\/04\/20140228_142135-768x1024.jpg 768w, http:\/\/piekarscy.com.pl\/wp-content\/uploads\/2014\/04\/20140228_142135-624x832.jpg 624w\" sizes=\"auto, (max-width: 225px) 100vw, 225px\" \/><\/a> <a href=\"http:\/\/piekarscy.com.pl\/wp-content\/uploads\/2014\/04\/20140228_142139.jpg\"><img loading=\"lazy\" decoding=\"async\" class=\"aligncenter size-medium wp-image-1881\" alt=\"20140228_142139\" src=\"http:\/\/piekarscy.com.pl\/wp-content\/uploads\/2014\/04\/20140228_142139-225x300.jpg\" width=\"225\" height=\"300\" srcset=\"http:\/\/piekarscy.com.pl\/wp-content\/uploads\/2014\/04\/20140228_142139-225x300.jpg 225w, http:\/\/piekarscy.com.pl\/wp-content\/uploads\/2014\/04\/20140228_142139-768x1024.jpg 768w, http:\/\/piekarscy.com.pl\/wp-content\/uploads\/2014\/04\/20140228_142139-624x832.jpg 624w\" sizes=\"auto, (max-width: 225px) 100vw, 225px\" \/><\/a> <a href=\"http:\/\/piekarscy.com.pl\/wp-content\/uploads\/2014\/04\/20140228_142145.jpg\"><img loading=\"lazy\" decoding=\"async\" class=\"aligncenter size-medium wp-image-1883\" alt=\"20140228_142145\" src=\"http:\/\/piekarscy.com.pl\/wp-content\/uploads\/2014\/04\/20140228_142145-225x300.jpg\" width=\"225\" height=\"300\" srcset=\"http:\/\/piekarscy.com.pl\/wp-content\/uploads\/2014\/04\/20140228_142145-225x300.jpg 225w, http:\/\/piekarscy.com.pl\/wp-content\/uploads\/2014\/04\/20140228_142145-768x1024.jpg 768w, http:\/\/piekarscy.com.pl\/wp-content\/uploads\/2014\/04\/20140228_142145-624x832.jpg 624w\" sizes=\"auto, (max-width: 225px) 100vw, 225px\" \/><\/a><\/p>\n<div id=\"attachment_1594\" style=\"width: 211px\" class=\"wp-caption alignleft\"><a href=\"http:\/\/piekarscy.com.pl\/wp-content\/uploads\/2014\/02\/antoni-skrzynecki-z-corka.jpg\"><img loading=\"lazy\" decoding=\"async\" aria-describedby=\"caption-attachment-1594\" class=\"size-medium wp-image-1594 \" alt=\"antoni skrzynecki z corka\" src=\"http:\/\/piekarscy.com.pl\/wp-content\/uploads\/2014\/02\/antoni-skrzynecki-z-corka-201x300.jpg\" width=\"201\" height=\"300\" srcset=\"http:\/\/piekarscy.com.pl\/wp-content\/uploads\/2014\/02\/antoni-skrzynecki-z-corka-201x300.jpg 201w, http:\/\/piekarscy.com.pl\/wp-content\/uploads\/2014\/02\/antoni-skrzynecki-z-corka-624x927.jpg 624w, http:\/\/piekarscy.com.pl\/wp-content\/uploads\/2014\/02\/antoni-skrzynecki-z-corka.jpg 689w\" sizes=\"auto, (max-width: 201px) 100vw, 201px\" \/><\/a><p id=\"caption-attachment-1594\" class=\"wp-caption-text\">Antoni Skrzynecki z c\u00f3rk\u0105 Zofi\u0105<\/p><\/div>\n<p><em><b>Antoni Skrzynecki h. Bo\u0144cza<br \/>\n<\/b><\/em><em>Ur. 14.VI.1853 \u2013 zm. 8.VI.1923<br \/>\n<\/em><em>By\u0142 bratankiem dalszego stopnia gen. Jana Zygmunta Skrzyneckiego. Babka jego Marianna z Gorczy\u0144skich Wojciechowa Skrzynecka z ojcem jego pod\u00f3wczas 14-stoletnim Adamem Skrzyneckim w okresie Powstania Listopadowego odwiedzi\u0142a genera\u0142a w obozie wojennym przywo\u017c\u0105c dotacje na cele Powstania.<br \/>\n<\/em><em>By\u0142y w rodzinie listy genera\u0142a do Wojciecha Skrzyneckiego pisane przez \u201estryj\u201d z podzi\u0119kowaniami. Natomiast Adam Skrzynecki zapytany przez genera\u0142a czy w przysz\u0142o\u015bci chce zosta\u0107 oficerem \u2013 nie \u015bmia\u0142 m\u00f3wi\u0107 stryjecznemu bratu po imieniu, odpowiedzia\u0142:<br \/>\n<\/em><em>&#8211; Ja si\u0119 wol\u0119 uczy\u0107 panie generale.<br \/>\n<\/em><em>Adam Skrzynecki uko\u0144czy\u0142 prawo \u2013 po co? Ca\u0142e \u017cycie sp\u0119dzi\u0142 na wsi \u2013 mia\u0142 maj\u0105tki Skrzynki i B\u0142onie w \u0141\u0119czyckiem \u2013 gospodarowa\u0107 nie umia\u0142 \u2013 umieraj\u0105c zostawi\u0142 hipotek\u0119 tak obd\u0142u\u017con\u0105, \u017ce po sprzeda\u017cy ziemi z budynkami i inwentarzem ledwie starczy\u0142o na pokrycie d\u0142ug\u00f3w. Natomiast Antoni Skrzynecki, odziedziczywszy po ojcu zami\u0142owania intelektualne nie pr\u00f3bowa\u0142 gospodarowa\u0107. Po uko\u0144czeniu gimnazjum w Kaliszu pod wp\u0142ywem bardzo pobo\u017cnej matki Anny z Korzeniowskich wst\u0105pi\u0142 do seminarium duchownego. Rych\u0142o przekona\u0142 si\u0119, \u017ce mu stan duchowny nie odpowiada. Po otrzymaniu 4 \u015bwi\u0119ce\u0144 mniejszych wyst\u0105pi\u0142 z seminarium, co nie oznacza\u0142o zerwania z ko\u015bcio\u0142em. By\u0142 zreszt\u0105 do ko\u0144ca \u017cycia bardzo religijny. Odmawia\u0142 np. brewiarz, s\u0142u\u017cy\u0142 ko\u015bcio\u0142owi pi\u00f3rem, jako literat i dziennikarz katolicki.<br \/>\n<\/em><em>Po wyst\u0105pieniu z seminarium wst\u0105pi\u0142 na wydzia\u0142 przyrodniczy na Uniwersytecie jagiello\u0144skim (w\u00f3wczas zagranic\u0105) \u2013 studi\u00f3w nie uko\u0144czy\u0142. Pracowa\u0142 kilkana\u015bcie lat w \u201eKurierze Warszawskim\u201d, wsp\u00f3\u0142redagowa\u0142 \u201eRol\u0119\u201d Jana Jele\u0144skiego (pismo antysemickie), by\u0142 redaktorem \u201eKuriera Zag\u0142\u0119bia\u201d.<br \/>\n<\/em><em>Napisa\u0142 kilka powie\u015bci:<br \/>\n<\/em><em>\u201eWierz\u0119 w Boga\u201d \u2013 prototypem bohatera \u2013 ateisty \u2013 by\u0142 Aleksander \u015awi\u0119tochowski, kt\u00f3ry zreszt\u0105 wiele lat p\u00f3\u017aniej odzyska\u0142 wiar\u0119, co Antoni Skrzynecki w powie\u015bci przewidzia\u0142.<br \/>\n<\/em><em>Ci\u0105g dalszy \u201eSpiritus flat\u201d nie ukaza\u0142 si\u0119 w wydaniu ksi\u0105\u017ckowym.<br \/>\n<\/em><em>\u201eSkarby jasnog\u00f3rskie\u201d powie\u015b\u0107 historyczna z czas\u00f3w wojny francusko-pruskiej.<br \/>\n<\/em><em>\u201ePod czerwon\u0105 mask\u0105\u201d (tytu\u0142 odautorski \u201eCzerwone jarmu\u0142ki\u201d zmieniony przez wydawc\u0119) \u2013 odnosi si\u0119 do wypadk\u00f3w 1905 r.<br \/>\n<\/em><em>\u201eMuchy\u201d \u2013 o finansjerze \u017cydowskiej \u2013 stanowi jakby dalszy ci\u0105g powie\u015bci Jeske-Choi\u0144skiego<a title=\"\" href=\"file:\/\/\/D:\/MKP\/literat\/literatura\/rodzina\/pa%C5%82eczka%20pokole%C5%84%20-%20stenia%20ruszczykowska'.doc#_ftn1\">[1]<\/a> \u201epaj\u0105ki\u201d.<br \/>\n<\/em><em>Antoni Skrzynecki by\u0142 dalekowidzem \u2013 po pi\u0119\u0107dziesi\u0105tce o\u015blep\u0142 \u2013 przez kilkadziesi\u0105t lat rozwija\u0142 dalej tw\u00f3rczo\u015b\u0107 dziennikarsk\u0105 i literack\u0105 dyktuj\u0105c \u017conie \u2013 Marii z Gorczyckich. Do ko\u0144ca \u017cycia zachowa\u0142 jasno\u015b\u0107 umys\u0142u.<br \/>\n<\/em><em>By\u0142 postaci\u0105 bardzo popularn\u0105, bywa\u0142 na \u201eczwartkach u Deotymy\u201d \u2013 zna\u0142 wszystkich luminarzy kultury polskiej. W \u201eMusze\u201d Buchnera<a title=\"\" href=\"file:\/\/\/D:\/MKP\/literat\/literatura\/rodzina\/pa%C5%82eczka%20pokole%C5%84%20-%20stenia%20ruszczykowska'.doc#_ftn2\">[2]<\/a> w cyklu \u201eKto to?\u201d ukaza\u0142a si\u0119 jego karykatura z podpisem:<br \/>\n<\/em><em>\u201eWci\u0105\u017c bie\u017c\u0105ce wiadomo\u015bci<br \/>\n<\/em><em style=\"line-height: 1.714285714; font-size: 1rem;\">Rozmaitej sypie tre\u015bci<br \/>\n<\/em><em style=\"line-height: 1.714285714; font-size: 1rem;\">A gdy miewa wolne chwile<br \/>\n<\/em><em>Tworzy w\u00f3wczas i powie\u015bci.<br \/>\n<\/em><em>M\u00f3wi\u0142 nawet z perskim szachem<br \/>\n<\/em><em>Raz humorek maj\u0105c z\u0142oty,<br \/>\n<\/em><em>Po postaci jego wida\u0107,<br \/>\n<\/em><em>\u017be nie umrze na suchoty.\u201d<br \/>\n<\/em><em>A z Szachem by\u0142o tak. Szach perski by\u0142 w Warszawie, jako go\u015b\u0107 cara rosyjskiego. Antoni Skrzynecki dowiedzia\u0142 si\u0119, \u017ce pewnego dnia szach pojecha\u0142 wy\u0142\u0105cznie z w\u0142asn\u0105 \u015bwit\u0105 do Wilanowa. Przebrawszy si\u0119 we frak i zap\u0142aciwszy potr\u00f3jn\u0105 stawk\u0119 doro\u017ckarzowi, dziennikarz zjawi\u0142 si\u0119 w Wilanowie natychmiast po przybyciu Szacha. Poniewa\u017c wizyta by\u0142a zaimprowizowana personel pa\u0142acowy by\u0142 skonsternowany. Antoni Skrzynecki w\u0142adaj\u0105cy perfect j\u0119zykiem francuskim przedstawi\u0142 si\u0119 szachowi jako polski dziennikarz i podj\u0105\u0142 si\u0119 roli przewodnika. Okaza\u0142o si\u0119, \u017ce szach wiedzia\u0142 co\u015b nieco\u015b o Polsce \u2013 zdawa\u0142 sobie spraw\u0119, \u017ce to nie jaka\u015b prowincja rosyjska, tylko podbite pa\u0144stwo \u2013 w pewnym momencie spyta\u0142:<br \/>\n<\/em><em>&#8211; Czy Polska by\u0142a du\u017ca?<br \/>\n<\/em><em>Antoni Skrzynecki wypali\u0142:<br \/>\n<\/em><em>&#8211; Od morza do morza!<br \/>\n<\/em><em>Gdy w dwadzie\u015bcia kilka lat potem c\u00f3rka i wnuczka, (czyli ja) zwiedza\u0142y pa\u0142ac wilanowski, c\u00f3rka dziennikarza zapyta\u0142a jakiego\u015b starszego dystyngowanego pana, czy nie mo\u017cna zwiedzi\u0107 chi\u0144skich pokoi, us\u0142ysza\u0142a:<br \/>\n<\/em><em>&#8211; Sk\u0105d pani wie o chi\u0144skich pokojach?<br \/>\n<\/em><em>&#8211; Nie pierwszy raz jestem w Wilanowie, a nawet ojciec m\u00f3j oprowadza\u0142 tu szacha perskiego.<br \/>\n<\/em><em>-Co? Pan redaktor Skrzynecki? W tej chwili pani s\u0142u\u017c\u0119.<br \/>\n<\/em><em>Przyni\u00f3s\u0142 klucze &#8211; kilka godzin oprowadza\u0142 \u2013 otwiera\u0142 gabloty \u2013 dawa\u0142 do r\u0119ki drobne zabawki dzieci kr\u00f3lewskich. Okaza\u0142o si\u0119, \u017ce w czasie wizyty szacha by\u0142 m\u0142odym pracownikiem pa\u0142acu i na ca\u0142e \u017cycie zapami\u0119ta\u0142 dziennikarza, kt\u00f3ry zjawi\u0142 si\u0119 w takiej chwili.<br \/>\n<\/em><em>Antoni Skrzynecki u\u017cywa\u0142 wielu pseudonim\u00f3w, najcz\u0119\u015bciej: Antoni Werytus. W Warszawie nazywano go Kr\u00f3lem reporter\u00f3w. By\u0142 jednym z za\u0142o\u017cycieli Towarzystwa Wio\u015blarskiego i Towarzystwa Cyklist\u00f3w, ale sam \u017cadnego sportu nie uprawia\u0142, cho\u0107by ze wzgl\u0119du na tusz\u0119.<br \/>\n<\/em><em>Ubiera\u0142 si\u0119 elegancko, by\u0142 pierwszym Polakiem, kt\u00f3ry nosi\u0142 smoking. Zna\u0142 si\u0119 na winach, ale przede wszystkim na jedzeniu \u2013 by\u0142 wielkim smakoszem.<br \/>\n<\/em><em>Otacza\u0142 si\u0119 lud\u017ami o wielkim intelekcie \u2013 nawet s\u0142u\u017c\u0105ca musia\u0142a by\u0107 inteligentna, to tez d\u0142ugoletnia s\u0142u\u017c\u0105ca Walerka wyra\u017ca\u0142a si\u0119 bardzo poprawnie i mog\u0142a bra\u0107 udzia\u0142 w ka\u017cdej rozmowie. Inna rzecz, \u017ce o to wyrobienie dba\u0142a Maria Skrzynecka, o czym \u015bwiadczy zawiezienie Walerki do Krakowa (w\u00f3wczas zagranica) w celu pokazania jej tej skarbnicy narodowej.<\/em><\/p>\n<div>\n<hr align=\"left\" size=\"1\" width=\"33%\" \/>\n<div>\n<p><em><a title=\"\" href=\"file:\/\/\/D:\/MKP\/literat\/literatura\/rodzina\/pa%C5%82eczka%20pokole%C5%84%20-%20stenia%20ruszczykowska'.doc#_ftnref1\">[1]<\/a> Teodor Jeske-Choi\u0144ski, (1854-1920) intelektualista, pisarz i historyk, publicysta konserwatywny, krytyk teatralny i literacki. Jeden z czo\u0142owych teoretyk\u00f3w i propagator\u00f3w antysemityzmu w Polsce na pocz\u0105tku XX wieku.<\/em><\/p>\n<\/div>\n<div>\n<p><em><a title=\"\" href=\"file:\/\/\/D:\/MKP\/literat\/literatura\/rodzina\/pa%C5%82eczka%20pokole%C5%84%20-%20stenia%20ruszczykowska'.doc#_ftnref2\">[2]<\/a> \u201eMucha\u201d ilustrowane czasopismo satyryczne wydawane w Warszawie w latach 1868-1939 oraz 1946-1952. Pierwszym redaktorem naczelnym i wydawc\u0105 by\u0142 J\u00f3zef Kaufman, w p\u00f3\u017aniejszych latach byli to: Feliks Fryze, W\u0142adys\u0142aw Buchner, Boles\u0142aw Michalski, Antoni Or\u0142owski, Ludwik Nawojewski.<\/em><\/p>\n<\/div>\n<\/div>\n","protected":false},"excerpt":{"rendered":"<p>Czas na dalszy ci\u0105g rodzinnych plotek spisanych w latach 70-tych przez Cioci\u0119 Stefani\u0119 z Ruszczykowskich Krosnowsk\u0105. Antoni Skrzynecki h. Bo\u0144cza Ur. 14.VI.1853 \u2013 zm. 8.VI.1923 By\u0142 bratankiem dalszego stopnia gen. Jana Zygmunta Skrzyneckiego. Babka jego Marianna z Gorczy\u0144skich Wojciechowa Skrzynecka z ojcem jego pod\u00f3wczas 14-stoletnim Adamem Skrzyneckim w okresie Powstania Listopadowego odwiedzi\u0142a genera\u0142a w obozie [&hellip;]<\/p>\n","protected":false},"author":1,"featured_media":0,"comment_status":"closed","ping_status":"closed","sticky":false,"template":"","format":"standard","meta":{"footnotes":""},"categories":[4,60],"tags":[255,65,64,63,193,36,66],"class_list":["post-1641","post","type-post","status-publish","format-standard","hentry","category-ruszczykowscy","category-skrzyneccy","tag-antoni-skrzynecki","tag-stefania-eligia-krosnowska","tag-stefania-eligia-ruszczykowska","tag-stefania-eligia-z-ruszczykowskich-krosnowska","tag-stefania-junosza-krosnowska","tag-zofia-ruszczykowska","tag-zofia-skrzynecka"],"_links":{"self":[{"href":"http:\/\/piekarscy.com.pl\/index.php?rest_route=\/wp\/v2\/posts\/1641","targetHints":{"allow":["GET"]}}],"collection":[{"href":"http:\/\/piekarscy.com.pl\/index.php?rest_route=\/wp\/v2\/posts"}],"about":[{"href":"http:\/\/piekarscy.com.pl\/index.php?rest_route=\/wp\/v2\/types\/post"}],"author":[{"embeddable":true,"href":"http:\/\/piekarscy.com.pl\/index.php?rest_route=\/wp\/v2\/users\/1"}],"replies":[{"embeddable":true,"href":"http:\/\/piekarscy.com.pl\/index.php?rest_route=%2Fwp%2Fv2%2Fcomments&post=1641"}],"version-history":[{"count":3,"href":"http:\/\/piekarscy.com.pl\/index.php?rest_route=\/wp\/v2\/posts\/1641\/revisions"}],"predecessor-version":[{"id":1886,"href":"http:\/\/piekarscy.com.pl\/index.php?rest_route=\/wp\/v2\/posts\/1641\/revisions\/1886"}],"wp:attachment":[{"href":"http:\/\/piekarscy.com.pl\/index.php?rest_route=%2Fwp%2Fv2%2Fmedia&parent=1641"}],"wp:term":[{"taxonomy":"category","embeddable":true,"href":"http:\/\/piekarscy.com.pl\/index.php?rest_route=%2Fwp%2Fv2%2Fcategories&post=1641"},{"taxonomy":"post_tag","embeddable":true,"href":"http:\/\/piekarscy.com.pl\/index.php?rest_route=%2Fwp%2Fv2%2Ftags&post=1641"}],"curies":[{"name":"wp","href":"https:\/\/api.w.org\/{rel}","templated":true}]}}