{"id":1643,"date":"2014-04-22T00:09:19","date_gmt":"2014-04-22T00:09:19","guid":{"rendered":"http:\/\/piekarscy.com.pl\/?p=1643"},"modified":"2014-04-22T08:10:58","modified_gmt":"2014-04-22T08:10:58","slug":"plotki-rodzinne-cioci-steni-cz-12","status":"publish","type":"post","link":"http:\/\/piekarscy.com.pl\/?p=1643","title":{"rendered":"\u201ePlotki rodzinne\u201d cioci Steni cz. 12"},"content":{"rendered":"<p>Czas na dalszy ci\u0105g rodzinnych plotek spisanych w latach 70-tych przez Cioci\u0119 Stefani\u0119 z Ruszczykowskich Krosnowsk\u0105.<\/p>\n<p><a href=\"http:\/\/piekarscy.com.pl\/wp-content\/uploads\/2014\/02\/2014-02-08-19.32.31.jpg\"><img loading=\"lazy\" decoding=\"async\" class=\"aligncenter size-medium wp-image-1455\" src=\"http:\/\/piekarscy.com.pl\/wp-content\/uploads\/2014\/02\/2014-02-08-19.32.31-300x225.jpg\" alt=\"2014-02-08 19.32.31\" width=\"300\" height=\"225\" srcset=\"http:\/\/piekarscy.com.pl\/wp-content\/uploads\/2014\/02\/2014-02-08-19.32.31-300x225.jpg 300w, http:\/\/piekarscy.com.pl\/wp-content\/uploads\/2014\/02\/2014-02-08-19.32.31-1024x768.jpg 1024w, http:\/\/piekarscy.com.pl\/wp-content\/uploads\/2014\/02\/2014-02-08-19.32.31-624x467.jpg 624w\" sizes=\"auto, (max-width: 300px) 100vw, 300px\" \/><\/a><\/p>\n<p><a href=\"http:\/\/piekarscy.com.pl\/wp-content\/uploads\/2014\/04\/20140228_142150.jpg\"><img loading=\"lazy\" decoding=\"async\" class=\"aligncenter size-medium wp-image-1880\" src=\"http:\/\/piekarscy.com.pl\/wp-content\/uploads\/2014\/04\/20140228_142150-225x300.jpg\" alt=\"20140228_142150\" width=\"225\" height=\"300\" srcset=\"http:\/\/piekarscy.com.pl\/wp-content\/uploads\/2014\/04\/20140228_142150-225x300.jpg 225w, http:\/\/piekarscy.com.pl\/wp-content\/uploads\/2014\/04\/20140228_142150-768x1024.jpg 768w, http:\/\/piekarscy.com.pl\/wp-content\/uploads\/2014\/04\/20140228_142150-624x832.jpg 624w\" sizes=\"auto, (max-width: 225px) 100vw, 225px\" \/><\/a> <a href=\"http:\/\/piekarscy.com.pl\/wp-content\/uploads\/2014\/04\/20140228_142158.jpg\"><img loading=\"lazy\" decoding=\"async\" class=\"aligncenter size-medium wp-image-1882\" src=\"http:\/\/piekarscy.com.pl\/wp-content\/uploads\/2014\/04\/20140228_142158-225x300.jpg\" alt=\"20140228_142158\" width=\"225\" height=\"300\" srcset=\"http:\/\/piekarscy.com.pl\/wp-content\/uploads\/2014\/04\/20140228_142158-225x300.jpg 225w, http:\/\/piekarscy.com.pl\/wp-content\/uploads\/2014\/04\/20140228_142158-768x1024.jpg 768w, http:\/\/piekarscy.com.pl\/wp-content\/uploads\/2014\/04\/20140228_142158-624x832.jpg 624w\" sizes=\"auto, (max-width: 225px) 100vw, 225px\" \/><\/a> <a href=\"http:\/\/piekarscy.com.pl\/wp-content\/uploads\/2014\/04\/20140228_142202.jpg\"><img loading=\"lazy\" decoding=\"async\" class=\"aligncenter size-medium wp-image-1884\" src=\"http:\/\/piekarscy.com.pl\/wp-content\/uploads\/2014\/04\/20140228_142202-225x300.jpg\" alt=\"20140228_142202\" width=\"225\" height=\"300\" srcset=\"http:\/\/piekarscy.com.pl\/wp-content\/uploads\/2014\/04\/20140228_142202-225x300.jpg 225w, http:\/\/piekarscy.com.pl\/wp-content\/uploads\/2014\/04\/20140228_142202-768x1024.jpg 768w, http:\/\/piekarscy.com.pl\/wp-content\/uploads\/2014\/04\/20140228_142202-624x832.jpg 624w\" sizes=\"auto, (max-width: 225px) 100vw, 225px\" \/><\/a><\/p>\n<p><em><b>Doruchowscy<br \/>\n<\/b>Franciszka Jasi\u0144ska wysz\u0142a za m\u0105\u017c po raz pierwszy za Antoniego Gorczyckiego<a title=\"\" href=\"file:\/\/\/D:\/MKP\/literat\/literatura\/rodzina\/pa%C5%82eczka%20pokole%C5%84%20-%20stenia%20ruszczykowska'.doc#_ftn1\">[1]<\/a> &#8211; mia\u0142a z nim troje dzieci: Cypriana, J\u00f3zefa-Faustyna i Salome\u0119. Po owdowieniu wysz\u0142a za Teodora Doruchowskiego, z kt\u00f3rym mia\u0142a o\u015bmioro dzieci.<\/em><br \/>\n<em>Z tego wynika, \u017ce mi\u0119dzy Gorczyckimi i Doruchowskimi jest pokrewie\u0144stwo przyrodnie.<\/em><br \/>\n<em>Z niewiadomych powod\u00f3w Doruchowscy wynosili si\u0119 ponad Gorczyckich (byli lepiej sytuowani materialnie \u2013 tak, \u017ce w\u0142a\u015bciwie pow\u00f3d wiadomy)<a title=\"\" href=\"file:\/\/\/D:\/MKP\/literat\/literatura\/rodzina\/pa%C5%82eczka%20pokole%C5%84%20-%20stenia%20ruszczykowska'.doc#_ftn2\">[2]<\/a>, nie mniej pozory by\u0142y zachowane. M.in. zawsze stawiali si\u0119 na pogrzeby. Kiedy\u015b przy jakim\u015b spotkaniu kto\u015b z Doruchowskich zagai\u0142 rozmow\u0105 w \u015bwiatowy spos\u00f3b:<\/em><br \/>\n<em>&#8211; Dawno\u015bmy si\u0119 nie widzieli!<\/em><br \/>\n<em>Na co us\u0142ysza\u0142:<\/em><br \/>\n<em>&#8211; Istotnie, dawno nie by\u0142o \u017cadnego pogrzebu rodzinnego.<\/em><br \/>\n<em>W m\u0142odo\u015bci by\u0142am zar\u0119czona z Zygmuntem Doruchowskim synem Jerzego. Zar\u0119czyny zreszt\u0105 by\u0142y nasz\u0105 w\u0142asno\u015bci\u0105, bo m\u00f3j 21-letni narzeczony robi\u0142 wtedy matur\u0119. Kiedy przedstawi\u0142 mnie swojej matce, ta si\u0119 odezwa\u0142a:<\/em><br \/>\n<em>S\u0142ysza\u0142am o pani od Zygmunta, ale to nie jest pokrewie\u0144stwo, tylko powinowactwo.<\/em><br \/>\n<em>W tamtych latach mia\u0142am ostry j\u0119zyk:<\/em><br \/>\n<em>&#8211; Z pani\u0105 tak, z pani m\u0119\u017cem i synem pokrewie\u0144stwo, bo p\u0142ynie w nas krew wsp\u00f3lnego przodka.<\/em><br \/>\n<em>Narzecze\u0144stwo si\u0119 rozwia\u0142o. W jaki\u015b czas potem zobaczy\u0142am si\u0119 ze swoj\u0105 niedosz\u0142\u0105 te\u015bciow\u0105, kt\u00f3ra zacz\u0119\u0142a u\u017cala\u0107 si\u0119 nade mn\u0105, \u017ce musz\u0119 pracowa\u0107. W dalszej rozmowie co\u015b si\u0119 m\u00f3wi\u0142o o szparga\u0142ach rodzinnych, to mi da\u0142o sposobno\u015b\u0107 odegrania si\u0119:<\/em><br \/>\n<em>&#8211; W\u0142a\u015bnie niedawno w szparga\u0142ach po dziadkach znalaz\u0142am fotografi\u0119 Konrada Doruchowskiego \u2013 tego jedynego Doruchowskiego, kt\u00f3ry by\u0142 w powstaniu.<\/em><br \/>\n<em>Strza\u0142 by\u0142 celny. \u00a0<\/em><\/p>\n<div>\n<hr align=\"left\" size=\"1\" width=\"33%\" \/>\n<div>\n<p><em><a title=\"\" href=\"file:\/\/\/D:\/MKP\/literat\/literatura\/rodzina\/pa%C5%82eczka%20pokole%C5%84%20-%20stenia%20ruszczykowska'.doc#_ftnref1\">[1]<\/a> Antoni Onufry Felicjan Gorczycki (1793-1823)<\/em><\/p>\n<\/div>\n<div>\n<p><em><a title=\"\" href=\"file:\/\/\/D:\/MKP\/literat\/literatura\/rodzina\/pa%C5%82eczka%20pokole%C5%84%20-%20stenia%20ruszczykowska'.doc#_ftnref2\">[2]<\/a> Jadwiga z Gorczyckich Tyblewska w swoim pami\u0119tniku napisa\u0142a co\u015b wr\u0119cz odwrotnego. \u201eOjciec m\u00f3j wcale nie pami\u0119ta\u0142 swego ojca, tylko starszy brat Cyprian, cho\u0107 ma\u0142y jeszcze ch\u0142opiec, cokolwiek przypomina\u0142 sobie. Utkwi\u0142 mu te\u017c \u017cywo w pami\u0119ci \u015blub matki z ojczymem Teodorem Doruchowskim. By\u0142y wtedy jeszcze te troje dzieci bardzo ma\u0142e. Zosta\u0142y w dodatku po swoim ojcu, lecz na to ich mienie liczy\u0142 Teodor Doruchowski. Sam nie maj\u0105c nic zgo\u0142a, o\u017ceni\u0142 si\u0119 z matk\u0105 mojego ojca z Jasi\u0144skich Franciszk\u0105 Gorczyck\u0105, kt\u00f3rej trudno by\u0142o maj\u0105tkiem w\u0142asnym i dzier\u017caw\u0105 samej zarz\u0105dza\u0107. Dlatego zdecydowa\u0142a si\u0119 na to ma\u0142\u017ce\u0144stwo. Nie wierz\u0119, aby Teodor Doruchowski o\u017ceni\u0142 si\u0119 z mi\u0142o\u015bci, nie tylko dlatego, \u017ce wiem, \u017ce p\u00f3\u017aniej \u017con\u0119 zdradza\u0142, ale, \u017ce m\u00f3g\u0142 o sierotach w dzie\u0144 swego \u015blubu odezwa\u0107 si\u0119 tak pogardliwie, \u017ce brat starszy mego Ojca do \u015bmierci to odezwanie pami\u0119ta\u0142, by\u0142 taki ma\u0142y, a tak si\u0119 zrazi\u0142 tak\u0105 brutalno\u015bci\u0105 i brakiem serca, \u017ce go ju\u017c nigdy nie tylko nie kocha\u0142, ale nie lubi\u0142 nawet. Szcz\u0119\u015bliwe te dzieci, gdzie matka nie szuka ju\u017c w\u0142asnego szcz\u0119\u015bcia, a \u017cyje tylko dla dzieci pomimo m\u0142odego wieku swego.\u201d<\/em><\/p>\n<\/div>\n<\/div>\n","protected":false},"excerpt":{"rendered":"<p>Czas na dalszy ci\u0105g rodzinnych plotek spisanych w latach 70-tych przez Cioci\u0119 Stefani\u0119 z Ruszczykowskich Krosnowsk\u0105. Doruchowscy Franciszka Jasi\u0144ska wysz\u0142a za m\u0105\u017c po raz pierwszy za Antoniego Gorczyckiego[1] &#8211; mia\u0142a z nim troje dzieci: Cypriana, J\u00f3zefa-Faustyna i Salome\u0119. Po owdowieniu wysz\u0142a za Teodora Doruchowskiego, z kt\u00f3rym mia\u0142a o\u015bmioro dzieci. Z tego wynika, \u017ce mi\u0119dzy Gorczyckimi [&hellip;]<\/p>\n","protected":false},"author":1,"featured_media":0,"comment_status":"closed","ping_status":"closed","sticky":false,"template":"","format":"standard","meta":{"footnotes":""},"categories":[235,6,238,4],"tags":[264,268,248,267,204,247,265,266],"class_list":["post-1643","post","type-post","status-publish","format-standard","hentry","category-doruchowscy","category-gorczyccy","category-jasinscy","category-ruszczykowscy","tag-antoni-gorczycki","tag-antoni-onufry-felicjan-gorczycki","tag-cyprian-gorczycki","tag-jerzy-doruchowski","tag-jozef-faustyn-gorczycki","tag-salomea-gorczycka","tag-teodor-doruchowski","tag-zygmunt-doruchowski"],"_links":{"self":[{"href":"http:\/\/piekarscy.com.pl\/index.php?rest_route=\/wp\/v2\/posts\/1643","targetHints":{"allow":["GET"]}}],"collection":[{"href":"http:\/\/piekarscy.com.pl\/index.php?rest_route=\/wp\/v2\/posts"}],"about":[{"href":"http:\/\/piekarscy.com.pl\/index.php?rest_route=\/wp\/v2\/types\/post"}],"author":[{"embeddable":true,"href":"http:\/\/piekarscy.com.pl\/index.php?rest_route=\/wp\/v2\/users\/1"}],"replies":[{"embeddable":true,"href":"http:\/\/piekarscy.com.pl\/index.php?rest_route=%2Fwp%2Fv2%2Fcomments&post=1643"}],"version-history":[{"count":6,"href":"http:\/\/piekarscy.com.pl\/index.php?rest_route=\/wp\/v2\/posts\/1643\/revisions"}],"predecessor-version":[{"id":2539,"href":"http:\/\/piekarscy.com.pl\/index.php?rest_route=\/wp\/v2\/posts\/1643\/revisions\/2539"}],"wp:attachment":[{"href":"http:\/\/piekarscy.com.pl\/index.php?rest_route=%2Fwp%2Fv2%2Fmedia&parent=1643"}],"wp:term":[{"taxonomy":"category","embeddable":true,"href":"http:\/\/piekarscy.com.pl\/index.php?rest_route=%2Fwp%2Fv2%2Fcategories&post=1643"},{"taxonomy":"post_tag","embeddable":true,"href":"http:\/\/piekarscy.com.pl\/index.php?rest_route=%2Fwp%2Fv2%2Ftags&post=1643"}],"curies":[{"name":"wp","href":"https:\/\/api.w.org\/{rel}","templated":true}]}}