{"id":1646,"date":"2014-04-26T00:13:26","date_gmt":"2014-04-26T00:13:26","guid":{"rendered":"http:\/\/piekarscy.com.pl\/?p=1646"},"modified":"2014-04-26T06:31:44","modified_gmt":"2014-04-26T06:31:44","slug":"plotki-rodzinne-cioci-steni-cz-13","status":"publish","type":"post","link":"http:\/\/piekarscy.com.pl\/?p=1646","title":{"rendered":"\u201ePlotki rodzinne\u201d cioci Steni cz. 13"},"content":{"rendered":"<p>Czas na dalszy ci\u0105g rodzinnych plotek spisanych w latach 70-tych przez Cioci\u0119 Stefani\u0119 z Ruszczykowskich Krosnowsk\u0105. Teraz przepisane przez ni\u0105 dywagacje wuja Eugeniusza Tyblewskiego, wnuka Jadwigi z Gorczyckich Tyblewskiej, na temat rodu Gorczyckich. Przepisa\u0142am s\u0142owo w s\u0142owo nie zmieniaj\u0105c ani przecinka.<\/p>\n<p><a href=\"http:\/\/piekarscy.com.pl\/wp-content\/uploads\/2014\/02\/2014-02-08-19.32.31.jpg\"><img loading=\"lazy\" decoding=\"async\" class=\"aligncenter size-medium wp-image-1455\" src=\"http:\/\/piekarscy.com.pl\/wp-content\/uploads\/2014\/02\/2014-02-08-19.32.31-300x225.jpg\" alt=\"2014-02-08 19.32.31\" width=\"300\" height=\"225\" srcset=\"http:\/\/piekarscy.com.pl\/wp-content\/uploads\/2014\/02\/2014-02-08-19.32.31-300x225.jpg 300w, http:\/\/piekarscy.com.pl\/wp-content\/uploads\/2014\/02\/2014-02-08-19.32.31-1024x768.jpg 1024w, http:\/\/piekarscy.com.pl\/wp-content\/uploads\/2014\/02\/2014-02-08-19.32.31-624x467.jpg 624w\" sizes=\"auto, (max-width: 300px) 100vw, 300px\" \/><\/a><\/p>\n<p><a href=\"http:\/\/piekarscy.com.pl\/wp-content\/uploads\/2014\/04\/20140228_142212.jpg\"><img loading=\"lazy\" decoding=\"async\" class=\"aligncenter size-medium wp-image-1888\" src=\"http:\/\/piekarscy.com.pl\/wp-content\/uploads\/2014\/04\/20140228_142212-225x300.jpg\" alt=\"20140228_142212\" width=\"225\" height=\"300\" srcset=\"http:\/\/piekarscy.com.pl\/wp-content\/uploads\/2014\/04\/20140228_142212-225x300.jpg 225w, http:\/\/piekarscy.com.pl\/wp-content\/uploads\/2014\/04\/20140228_142212-768x1024.jpg 768w, http:\/\/piekarscy.com.pl\/wp-content\/uploads\/2014\/04\/20140228_142212-624x832.jpg 624w\" sizes=\"auto, (max-width: 225px) 100vw, 225px\" \/><\/a> <a href=\"http:\/\/piekarscy.com.pl\/wp-content\/uploads\/2014\/04\/20140228_142220.jpg\"><img loading=\"lazy\" decoding=\"async\" class=\"aligncenter size-medium wp-image-1889\" src=\"http:\/\/piekarscy.com.pl\/wp-content\/uploads\/2014\/04\/20140228_142220-225x300.jpg\" alt=\"20140228_142220\" width=\"225\" height=\"300\" srcset=\"http:\/\/piekarscy.com.pl\/wp-content\/uploads\/2014\/04\/20140228_142220-225x300.jpg 225w, http:\/\/piekarscy.com.pl\/wp-content\/uploads\/2014\/04\/20140228_142220-768x1024.jpg 768w, http:\/\/piekarscy.com.pl\/wp-content\/uploads\/2014\/04\/20140228_142220-624x832.jpg 624w\" sizes=\"auto, (max-width: 225px) 100vw, 225px\" \/><\/a> <a href=\"http:\/\/piekarscy.com.pl\/wp-content\/uploads\/2014\/04\/20140228_142224.jpg\"><img loading=\"lazy\" decoding=\"async\" class=\"aligncenter size-medium wp-image-1890\" src=\"http:\/\/piekarscy.com.pl\/wp-content\/uploads\/2014\/04\/20140228_142224-225x300.jpg\" alt=\"20140228_142224\" width=\"225\" height=\"300\" srcset=\"http:\/\/piekarscy.com.pl\/wp-content\/uploads\/2014\/04\/20140228_142224-225x300.jpg 225w, http:\/\/piekarscy.com.pl\/wp-content\/uploads\/2014\/04\/20140228_142224-768x1024.jpg 768w, http:\/\/piekarscy.com.pl\/wp-content\/uploads\/2014\/04\/20140228_142224-624x832.jpg 624w\" sizes=\"auto, (max-width: 225px) 100vw, 225px\" \/><\/a><\/p>\n<p><em><b>R\u00f3d Gorczyckich <\/b><\/em><\/p>\n<p><em style=\"line-height: 1.714285714; font-size: 1rem;\">Hipotezy w oparciu o dane heraldyczne. Autor: Eugeniusz Tyblewski<\/em><\/p>\n<ul>\n<li><em>Jan 1558-1617<\/em><br \/>\n<em> W 1590 r. otrzyma\u0142 szlachectwo od Zygmunta III<\/em><br \/>\n<em> W 1596 zosta\u0142 burgrabi\u0105 sandomierskim.<\/em><\/li>\n<li><em>Jakub 1579-1652<\/em><br \/>\n<em> w 1617 dziedzic Mnichowic<\/em><\/li>\n<li><em>Samuel 1610-1683<\/em><br \/>\n<em> 1632 o\u017ceniony z Helen\u0105 Grot\u00f3wn\u0105 (dok)<\/em><br \/>\n<em> 1642<\/em><\/li>\n<li><em>Marcin 1649-1742<\/em><br \/>\n<em> 1698 poj\u0105\u0142 za \u017con\u0119 Ma\u0142gorzat\u0119 Pleci\u0144sk\u0105 (dokument)<\/em><\/li>\n<li><em>Franciszek 1706-1788<\/em><br \/>\n<em> W 1771 osiedlony w Sieradzkim (dok)<\/em><\/li>\n<li><em>Piotr Celestyn 1758-1852<\/em><br \/>\n<em> W 1788 jest burgrabi\u0105 grodzkim sieradzkim<\/em><br \/>\n<em> w 1838 wylegitymowany w Kr\u00f3lestwie<\/em><\/li>\n<li><em>Antoni 1790-1824<\/em><\/li>\n<li><em>J\u00f3zef 1821-1880<\/em><\/li>\n<li><em>Teodor 1850-1934<\/em><\/li>\n<li><em>Eugenia 1892-1975<\/em><\/li>\n<\/ul>\n<p><em style=\"line-height: 1.714285714; font-size: 1rem;\">Przy imionach Gorczyckich poda\u0142em ich hipotetyczne daty urodzenia i \u015bmierci, kieruj\u0105c si\u0119 nast\u0119puj\u0105cymi danymi:<\/em><\/p>\n<ol>\n<li><em>Licz\u0105c od lat najp\u00f3\u017aniejszych daty \u017cycia Eugenii, Teodora, J\u00f3zefa s\u0105 dok\u0142adnie znane.<\/em><\/li>\n<li><em>Daty Antoniego s\u0105 te\u017c prawie pewne, poniewa\u017c babka Jadwiga w swoim pami\u0119tniku pisze, \u017ce kiedy Antoni umar\u0142, to J\u00f3zef \u2013 jego syn \u2013 mia\u0142 zaledwie 3 lata i nie zna\u0142 swego Ojca. (Nie pami\u0119ta\u0142) pami\u0119ta\u0142 go jak przez mg\u0142\u0119 jedynie starszy syn Cyprian, kt\u00f3ry mia\u0142 w\u00f3wczas 7 lat. Babka pisze r\u00f3wnie\u017c, \u017ce Antoni \u017cy\u0142 36 lat. Wobec tego, wychodz\u0105c od roku urodzenia J\u00f3zefa, \u0142atwo obliczy\u0107 lata Antoniego.<\/em><\/li>\n<li><em style=\"line-height: 1.714285714; font-size: 1rem;\">Znalaz\u0142em gdzie\u015b w moich notatkach dat\u0119 \u015bmierci Piotra Celestyna, jako rok 1852, ale przy dacie by\u0142 znak zapytania. Nie wiem dlaczego to zrobi\u0142em. Prawdopodobnie dlatego, \u017ce data ta jest jaka\u015b hipotetyczna i wyliczona z czego\u015b innego.\u00a0<\/em><\/li>\n<\/ol>\n","protected":false},"excerpt":{"rendered":"<p>Czas na dalszy ci\u0105g rodzinnych plotek spisanych w latach 70-tych przez Cioci\u0119 Stefani\u0119 z Ruszczykowskich Krosnowsk\u0105. Teraz przepisane przez ni\u0105 dywagacje wuja Eugeniusza Tyblewskiego, wnuka Jadwigi z Gorczyckich Tyblewskiej, na temat rodu Gorczyckich. Przepisa\u0142am s\u0142owo w s\u0142owo nie zmieniaj\u0105c ani przecinka. R\u00f3d Gorczyckich Hipotezy w oparciu o dane heraldyczne. Autor: Eugeniusz Tyblewski Jan 1558-1617 W [&hellip;]<\/p>\n","protected":false},"author":1,"featured_media":0,"comment_status":"closed","ping_status":"closed","sticky":false,"template":"","format":"standard","meta":{"footnotes":""},"categories":[6,201],"tags":[264,319,279,236,316,315,204,318,209,317,245],"class_list":["post-1646","post","type-post","status-publish","format-standard","hentry","category-gorczyccy","category-tyblewscy","tag-antoni-gorczycki","tag-eugenia-gorczycka","tag-eugeniusz-tyblewski","tag-franciszek-gorczycki","tag-jakub-gorczycki","tag-jan-gorczycki","tag-jozef-faustyn-gorczycki","tag-marcin-gorczycki","tag-piotr-celestyn-gorczycki","tag-samuel-gorczycki","tag-teodor-gorczycki"],"_links":{"self":[{"href":"http:\/\/piekarscy.com.pl\/index.php?rest_route=\/wp\/v2\/posts\/1646","targetHints":{"allow":["GET"]}}],"collection":[{"href":"http:\/\/piekarscy.com.pl\/index.php?rest_route=\/wp\/v2\/posts"}],"about":[{"href":"http:\/\/piekarscy.com.pl\/index.php?rest_route=\/wp\/v2\/types\/post"}],"author":[{"embeddable":true,"href":"http:\/\/piekarscy.com.pl\/index.php?rest_route=\/wp\/v2\/users\/1"}],"replies":[{"embeddable":true,"href":"http:\/\/piekarscy.com.pl\/index.php?rest_route=%2Fwp%2Fv2%2Fcomments&post=1646"}],"version-history":[{"count":5,"href":"http:\/\/piekarscy.com.pl\/index.php?rest_route=\/wp\/v2\/posts\/1646\/revisions"}],"predecessor-version":[{"id":2544,"href":"http:\/\/piekarscy.com.pl\/index.php?rest_route=\/wp\/v2\/posts\/1646\/revisions\/2544"}],"wp:attachment":[{"href":"http:\/\/piekarscy.com.pl\/index.php?rest_route=%2Fwp%2Fv2%2Fmedia&parent=1646"}],"wp:term":[{"taxonomy":"category","embeddable":true,"href":"http:\/\/piekarscy.com.pl\/index.php?rest_route=%2Fwp%2Fv2%2Fcategories&post=1646"},{"taxonomy":"post_tag","embeddable":true,"href":"http:\/\/piekarscy.com.pl\/index.php?rest_route=%2Fwp%2Fv2%2Ftags&post=1646"}],"curies":[{"name":"wp","href":"https:\/\/api.w.org\/{rel}","templated":true}]}}