{"id":166,"date":"2013-12-10T00:15:55","date_gmt":"2013-12-10T00:15:55","guid":{"rendered":"http:\/\/piekarscy.com.pl\/?p=166"},"modified":"2013-12-07T17:30:20","modified_gmt":"2013-12-07T17:30:20","slug":"moj-dziadek-bohater-znad-wieprza","status":"publish","type":"post","link":"http:\/\/piekarscy.com.pl\/?p=166","title":{"rendered":"M\u00f3j dziadek &#8211; bohater znad Wieprza"},"content":{"rendered":"<p><span style=\"line-height: 1.714285714; font-size: 1rem;\">O ojcu mojej mamy, a moim dziadku Julianie Stecu (1886-1960) wiem, \u017ce bra\u0142 udzia\u0142 w wojnie polsko-bolszewickiej. By\u0142 \u017co\u0142nierzem J\u00f3zefa PI\u0142sudskiego w czasie uderzenia jego armii znad Wieprza. Zosta\u0142a po nim m.in. ksi\u0105\u017ceczka wojskowa. Taki namacalny i pisany dow\u00f3d, \u017ce bra\u0142 udzia\u0142 w wojnie polsko-bolszewickiej. Wiem te\u017c, \u017ce wcze\u015bniej by\u0142 \u017co\u0142nierzem na froncie I wojny \u015awiatowej. Ksi\u0105\u017ceczka to mn\u00f3stwo informacji o Polsce w og\u00f3le. Wystarczy popatrze\u0107 na nazwiska dow\u00f3dc\u00f3w z wojny polsko-bolszewickiej, poszuka\u0107 informacji o nich cho\u0107by w internecie, \u00a0by stwierdzi\u0107, \u017ce prawd\u0105 jest, \u017ce tych, kt\u00f3rzy brali wtedy udzia\u0142 w walkach Stalin szczeg\u00f3lnie nienawidzi\u0142. Ci z ksi\u0105\u017ceczki wojskowej dziadka zgin\u0119li w Katyniu.\u00a0<\/span><\/p>\n<p><a href=\"http:\/\/piekarscy.com.pl\/wp-content\/uploads\/2013\/12\/skanuj0001.jpg\"><img loading=\"lazy\" decoding=\"async\" class=\"aligncenter size-medium wp-image-167\" alt=\"skanuj0001\" src=\"http:\/\/piekarscy.com.pl\/wp-content\/uploads\/2013\/12\/skanuj0001-207x300.jpg\" width=\"207\" height=\"300\" srcset=\"http:\/\/piekarscy.com.pl\/wp-content\/uploads\/2013\/12\/skanuj0001-207x300.jpg 207w, http:\/\/piekarscy.com.pl\/wp-content\/uploads\/2013\/12\/skanuj0001-708x1024.jpg 708w, http:\/\/piekarscy.com.pl\/wp-content\/uploads\/2013\/12\/skanuj0001-624x901.jpg 624w, http:\/\/piekarscy.com.pl\/wp-content\/uploads\/2013\/12\/skanuj0001.jpg 758w\" sizes=\"auto, (max-width: 207px) 100vw, 207px\" \/><\/a> <a href=\"http:\/\/piekarscy.com.pl\/wp-content\/uploads\/2013\/12\/skanuj0002.jpg\"><img loading=\"lazy\" decoding=\"async\" class=\"aligncenter size-medium wp-image-168\" alt=\"skanuj0002\" src=\"http:\/\/piekarscy.com.pl\/wp-content\/uploads\/2013\/12\/skanuj0002-300x217.jpg\" width=\"300\" height=\"217\" srcset=\"http:\/\/piekarscy.com.pl\/wp-content\/uploads\/2013\/12\/skanuj0002-300x217.jpg 300w, http:\/\/piekarscy.com.pl\/wp-content\/uploads\/2013\/12\/skanuj0002-1024x742.jpg 1024w, http:\/\/piekarscy.com.pl\/wp-content\/uploads\/2013\/12\/skanuj0002-624x452.jpg 624w, http:\/\/piekarscy.com.pl\/wp-content\/uploads\/2013\/12\/skanuj0002.jpg 1504w\" sizes=\"auto, (max-width: 300px) 100vw, 300px\" \/><\/a> <a href=\"http:\/\/piekarscy.com.pl\/wp-content\/uploads\/2013\/12\/skanuj0003.jpg\"><img loading=\"lazy\" decoding=\"async\" class=\"aligncenter size-medium wp-image-169\" alt=\"skanuj0003\" src=\"http:\/\/piekarscy.com.pl\/wp-content\/uploads\/2013\/12\/skanuj0003-300x215.jpg\" width=\"300\" height=\"215\" srcset=\"http:\/\/piekarscy.com.pl\/wp-content\/uploads\/2013\/12\/skanuj0003-300x215.jpg 300w, http:\/\/piekarscy.com.pl\/wp-content\/uploads\/2013\/12\/skanuj0003-1024x734.jpg 1024w, http:\/\/piekarscy.com.pl\/wp-content\/uploads\/2013\/12\/skanuj0003-624x447.jpg 624w, http:\/\/piekarscy.com.pl\/wp-content\/uploads\/2013\/12\/skanuj0003.jpg 1488w\" sizes=\"auto, (max-width: 300px) 100vw, 300px\" \/><\/a> <a href=\"http:\/\/piekarscy.com.pl\/wp-content\/uploads\/2013\/12\/skanuj0004.jpg\"><img loading=\"lazy\" decoding=\"async\" class=\"aligncenter size-medium wp-image-170\" alt=\"skanuj0004\" src=\"http:\/\/piekarscy.com.pl\/wp-content\/uploads\/2013\/12\/skanuj0004-300x218.jpg\" width=\"300\" height=\"218\" srcset=\"http:\/\/piekarscy.com.pl\/wp-content\/uploads\/2013\/12\/skanuj0004-300x218.jpg 300w, http:\/\/piekarscy.com.pl\/wp-content\/uploads\/2013\/12\/skanuj0004-1024x745.jpg 1024w, http:\/\/piekarscy.com.pl\/wp-content\/uploads\/2013\/12\/skanuj0004-624x454.jpg 624w, http:\/\/piekarscy.com.pl\/wp-content\/uploads\/2013\/12\/skanuj0004.jpg 1504w\" sizes=\"auto, (max-width: 300px) 100vw, 300px\" \/><\/a> <a href=\"http:\/\/piekarscy.com.pl\/wp-content\/uploads\/2013\/12\/skanuj0005.jpg\"><img loading=\"lazy\" decoding=\"async\" class=\"aligncenter size-medium wp-image-171\" alt=\"skanuj0005\" src=\"http:\/\/piekarscy.com.pl\/wp-content\/uploads\/2013\/12\/skanuj0005-300x218.jpg\" width=\"300\" height=\"218\" srcset=\"http:\/\/piekarscy.com.pl\/wp-content\/uploads\/2013\/12\/skanuj0005-300x218.jpg 300w, http:\/\/piekarscy.com.pl\/wp-content\/uploads\/2013\/12\/skanuj0005-1024x747.jpg 1024w, http:\/\/piekarscy.com.pl\/wp-content\/uploads\/2013\/12\/skanuj0005-624x455.jpg 624w, http:\/\/piekarscy.com.pl\/wp-content\/uploads\/2013\/12\/skanuj0005.jpg 1484w\" sizes=\"auto, (max-width: 300px) 100vw, 300px\" \/><\/a><\/p>\n","protected":false},"excerpt":{"rendered":"<p>O ojcu mojej mamy, a moim dziadku Julianie Stecu (1886-1960) wiem, \u017ce bra\u0142 udzia\u0142 w wojnie polsko-bolszewickiej. By\u0142 \u017co\u0142nierzem J\u00f3zefa PI\u0142sudskiego w czasie uderzenia jego armii znad Wieprza. Zosta\u0142a po nim m.in. ksi\u0105\u017ceczka wojskowa. Taki namacalny i pisany dow\u00f3d, \u017ce bra\u0142 udzia\u0142 w wojnie polsko-bolszewickiej. Wiem te\u017c, \u017ce wcze\u015bniej by\u0142 \u017co\u0142nierzem na froncie I wojny [&hellip;]<\/p>\n","protected":false},"author":1,"featured_media":0,"comment_status":"closed","ping_status":"open","sticky":false,"template":"","format":"standard","meta":{"footnotes":""},"categories":[12],"tags":[82,83,50],"class_list":["post-166","post","type-post","status-publish","format-standard","hentry","category-stec","tag-julian-stec","tag-ksiazeczka-wojskowa","tag-pamiatka"],"_links":{"self":[{"href":"http:\/\/piekarscy.com.pl\/index.php?rest_route=\/wp\/v2\/posts\/166","targetHints":{"allow":["GET"]}}],"collection":[{"href":"http:\/\/piekarscy.com.pl\/index.php?rest_route=\/wp\/v2\/posts"}],"about":[{"href":"http:\/\/piekarscy.com.pl\/index.php?rest_route=\/wp\/v2\/types\/post"}],"author":[{"embeddable":true,"href":"http:\/\/piekarscy.com.pl\/index.php?rest_route=\/wp\/v2\/users\/1"}],"replies":[{"embeddable":true,"href":"http:\/\/piekarscy.com.pl\/index.php?rest_route=%2Fwp%2Fv2%2Fcomments&post=166"}],"version-history":[{"count":3,"href":"http:\/\/piekarscy.com.pl\/index.php?rest_route=\/wp\/v2\/posts\/166\/revisions"}],"predecessor-version":[{"id":174,"href":"http:\/\/piekarscy.com.pl\/index.php?rest_route=\/wp\/v2\/posts\/166\/revisions\/174"}],"wp:attachment":[{"href":"http:\/\/piekarscy.com.pl\/index.php?rest_route=%2Fwp%2Fv2%2Fmedia&parent=166"}],"wp:term":[{"taxonomy":"category","embeddable":true,"href":"http:\/\/piekarscy.com.pl\/index.php?rest_route=%2Fwp%2Fv2%2Fcategories&post=166"},{"taxonomy":"post_tag","embeddable":true,"href":"http:\/\/piekarscy.com.pl\/index.php?rest_route=%2Fwp%2Fv2%2Ftags&post=166"}],"curies":[{"name":"wp","href":"https:\/\/api.w.org\/{rel}","templated":true}]}}