{"id":1676,"date":"2014-05-09T00:01:02","date_gmt":"2014-05-09T00:01:02","guid":{"rendered":"http:\/\/piekarscy.com.pl\/?p=1676"},"modified":"2014-02-28T17:26:44","modified_gmt":"2014-02-28T17:26:44","slug":"plotki-rodzinne-cioci-steni-cz-16","status":"publish","type":"post","link":"http:\/\/piekarscy.com.pl\/?p=1676","title":{"rendered":"\u201ePlotki rodzinne\u201d cioci Steni cz. 16"},"content":{"rendered":"<p>Czas na dalszy ci\u0105g rodzinnych plotek spisanych w latach 70-tych przez Cioci\u0119 Stefani\u0119 z Ruszczykowskich Krosnowsk\u0105. Teraz przepisane przez ni\u0105 dywagacje wuja Eugeniusza Tyblewskiego, wnuka Jadwigi z Gorczyckich Tyblewskiej, na temat rodu Gorczyckich. Przepisa\u0142am s\u0142owo w s\u0142owo nie zmieniaj\u0105c ani przecinka.<\/p>\n<p><em><a href=\"http:\/\/piekarscy.com.pl\/wp-content\/uploads\/2014\/02\/2014-02-08-19.32.31.jpg\"><img loading=\"lazy\" decoding=\"async\" class=\"aligncenter\" alt=\"2014-02-08 19.32.31\" src=\"http:\/\/piekarscy.com.pl\/wp-content\/uploads\/2014\/02\/2014-02-08-19.32.31-300x225.jpg\" width=\"300\" height=\"225\" \/><\/a><\/em><\/p>\n<p><a href=\"http:\/\/piekarscy.com.pl\/wp-content\/uploads\/2014\/05\/20140228_142428.jpg\"><img loading=\"lazy\" decoding=\"async\" class=\"aligncenter size-medium wp-image-1915\" alt=\"20140228_142428\" src=\"http:\/\/piekarscy.com.pl\/wp-content\/uploads\/2014\/05\/20140228_142428-225x300.jpg\" width=\"225\" height=\"300\" srcset=\"http:\/\/piekarscy.com.pl\/wp-content\/uploads\/2014\/05\/20140228_142428-225x300.jpg 225w, http:\/\/piekarscy.com.pl\/wp-content\/uploads\/2014\/05\/20140228_142428-768x1024.jpg 768w, http:\/\/piekarscy.com.pl\/wp-content\/uploads\/2014\/05\/20140228_142428-624x832.jpg 624w\" sizes=\"auto, (max-width: 225px) 100vw, 225px\" \/><\/a><\/p>\n<p><a href=\"http:\/\/piekarscy.com.pl\/wp-content\/uploads\/2014\/05\/20140228_142431.jpg\"><img loading=\"lazy\" decoding=\"async\" class=\"aligncenter size-medium wp-image-1919\" alt=\"20140228_142431\" src=\"http:\/\/piekarscy.com.pl\/wp-content\/uploads\/2014\/05\/20140228_142431-225x300.jpg\" width=\"225\" height=\"300\" srcset=\"http:\/\/piekarscy.com.pl\/wp-content\/uploads\/2014\/05\/20140228_142431-225x300.jpg 225w, http:\/\/piekarscy.com.pl\/wp-content\/uploads\/2014\/05\/20140228_142431-768x1024.jpg 768w, http:\/\/piekarscy.com.pl\/wp-content\/uploads\/2014\/05\/20140228_142431-624x832.jpg 624w\" sizes=\"auto, (max-width: 225px) 100vw, 225px\" \/><\/a> <a href=\"http:\/\/piekarscy.com.pl\/wp-content\/uploads\/2014\/05\/20140228_142437.jpg\"><img loading=\"lazy\" decoding=\"async\" class=\"aligncenter size-medium wp-image-1920\" alt=\"20140228_142437\" src=\"http:\/\/piekarscy.com.pl\/wp-content\/uploads\/2014\/05\/20140228_142437-225x300.jpg\" width=\"225\" height=\"300\" srcset=\"http:\/\/piekarscy.com.pl\/wp-content\/uploads\/2014\/05\/20140228_142437-225x300.jpg 225w, http:\/\/piekarscy.com.pl\/wp-content\/uploads\/2014\/05\/20140228_142437-768x1024.jpg 768w, http:\/\/piekarscy.com.pl\/wp-content\/uploads\/2014\/05\/20140228_142437-624x832.jpg 624w\" sizes=\"auto, (max-width: 225px) 100vw, 225px\" \/><\/a> <a href=\"http:\/\/piekarscy.com.pl\/wp-content\/uploads\/2014\/05\/20140228_142439.jpg\"><img loading=\"lazy\" decoding=\"async\" class=\"aligncenter size-medium wp-image-1921\" alt=\"20140228_142439\" src=\"http:\/\/piekarscy.com.pl\/wp-content\/uploads\/2014\/05\/20140228_142439-225x300.jpg\" width=\"225\" height=\"300\" srcset=\"http:\/\/piekarscy.com.pl\/wp-content\/uploads\/2014\/05\/20140228_142439-225x300.jpg 225w, http:\/\/piekarscy.com.pl\/wp-content\/uploads\/2014\/05\/20140228_142439-768x1024.jpg 768w, http:\/\/piekarscy.com.pl\/wp-content\/uploads\/2014\/05\/20140228_142439-624x832.jpg 624w\" sizes=\"auto, (max-width: 225px) 100vw, 225px\" \/><\/a> <a href=\"http:\/\/piekarscy.com.pl\/wp-content\/uploads\/2014\/05\/20140228_142446.jpg\"><img loading=\"lazy\" decoding=\"async\" class=\"aligncenter size-medium wp-image-1922\" alt=\"20140228_142446\" src=\"http:\/\/piekarscy.com.pl\/wp-content\/uploads\/2014\/05\/20140228_142446-225x300.jpg\" width=\"225\" height=\"300\" srcset=\"http:\/\/piekarscy.com.pl\/wp-content\/uploads\/2014\/05\/20140228_142446-225x300.jpg 225w, http:\/\/piekarscy.com.pl\/wp-content\/uploads\/2014\/05\/20140228_142446-768x1024.jpg 768w, http:\/\/piekarscy.com.pl\/wp-content\/uploads\/2014\/05\/20140228_142446-624x832.jpg 624w\" sizes=\"auto, (max-width: 225px) 100vw, 225px\" \/><\/a><\/p>\n<p><em>Samuel \u017cy\u0142 w niezwykle trudnych czasach i ciekawych. W czasach \u201eOgniem i mieczem\u201d, \u201ePotopu\u201d. Mieszkaj\u0105c w sandomierskiem w Mnichowie lub Korczynie nie do pomy\u015blenia by nie wojowa\u0142 stale. Wiemy, \u017ce by\u0142 okres, w kt\u00f3rym Gorczyccy byli bardzo bogaci. Kt\u00f3\u017c t\u0119 fortun\u0119 m\u00f3g\u0142 zdoby\u0107? Czasy Samuela najbardziej si\u0119 do tego nadawa\u0142y. Samuel to imi\u0119, to imi\u0119 kojarzy mi si\u0119 z innym Samuelem \u2013 \u0141aszczem. By\u0142a to posta\u0107 niezmiernie barwna. Znam t\u0119 posta\u0107 z encyklopedii biograficznej, kt\u00f3r\u0105 stale w zeszytach kupuj\u0119. Nazwisku \u0141aszcza po\u015bwi\u0119cono sporo miejsca. By\u0142 to s\u0142ynny zago\u0144czyk, rycerz nad wyraz odwa\u017cny, niemal nie schodz\u0105cy z konia, chyba tylko po to, by wej\u015b\u0107 do s\u0105du. Tak, niestety, pr\u00f3cz tych zalet \u0141aszcz by\u0142 niespotykanym warcho\u0142em i pieniaczem. Procesowa\u0142 si\u0119 stale. By\u0142 niesko\u0144czenie cz\u0119sto skazywany na banicj\u0119 (o ile pami\u0119tam posiada\u0142 200 wyrok\u00f3w) i 27 co\u015b razy na infami\u0119. Zabiera\u0142 maj\u0105tki wszystkim, komu si\u0119 da\u0142o. Nie pomin\u0105\u0142 nawet rodzonej siostry. Dawnoby zgni\u0142 w wi\u0119zieniu, gdyby nie fakt, \u017ce mia\u0142 jakie\u015b specjalne wzgl\u0119dy w rodzinie Koniecpolskich, a jak wiadomo, by\u0142a to rodzina wp\u0142ywowa. Hetman wybroni\u0142 go wielokrotnie i jako\u015b si\u0119 mu uk\u0142ada\u0142o, \u017ce kiedy by\u0142o z nim ju\u017c bardzo \u017ale, to w\u00f3wczas nadchodzi\u0142a jaka\u015b potrzeba wojenna, \u0141aszcz na ni\u0105 szed\u0142 i wraca\u0142 z kolejnymi triumfami. Szwenda\u0142 si\u0119 po ca\u0142ych Kresach \u2013 Ukrainie, Bia\u0142orusi i nie spos\u00f3b by nie spotka\u0142 Samuela Gorczyckiego<a title=\"\" href=\"file:\/\/\/D:\/MKP\/literat\/literatura\/rodzina\/pa%C5%82eczka%20pokole%C5%84%20-%20stenia%20ruszczykowska.doc#_ftn1\">[1]<\/a>. Mogli si\u0119 tylko widzie\u0107 przelotnie, ale mog\u0142a si\u0119 mi\u0119dzy nimi zadzie\u017cgn\u0105c ni\u0107 przyja\u017ani. Sk\u0105d wi\u0119c wzi\u0119\u0142a si\u0119 ta fortuna Gorczyckich, czy nie z dobrego przyk\u0142adu \u0141aszcza? W tych czasach niestety taki tryb \u017cycia nie by\u0142 nale\u017cycie w Polsce pot\u0119piany. Nie mo\u017cna wykluczy\u0107, \u017ce fortun\u0119 Gorczyckich zrobi\u0142 Samuel.<br \/>\n<\/em><em>Samuel tak\u017ce mia\u0142 burzliwe \u017cycie i nie m\u00f3g\u0142 \u017cy\u0107 d\u0142u\u017cej ni\u017c 73 lata. Poniewa\u017c dokument powiada, \u017ce ju\u017c w 1632 r. by\u0142 \u017conaty z Helen\u0105 Grot\u00f3wn\u0105, przeto nie m\u00f3g\u0142 chyba urodzi\u0107 si\u0119 p\u00f3\u017aniej ni\u017c w 1610 r. Dokument mia\u0142 chyba ju\u017c kilka, kiedy zosta\u0142 sporz\u0105dzony. Nie wiem, ale wydaje mi si\u0119, \u017ce dobrze zrozumia\u0142em zapis heraldyczny. \u00a0Czy m\u00f3g\u0142 jednak urodzi\u0107 si\u0119 wcze\u015bniej? Oczywi\u015bcie m\u00f3g\u0142, ale w\u00f3wczas musia\u0142by \u017cy\u0107 nieprawdopodobnie d\u0142ugo. Skoro dat\u0119 jego urodzenia przyjmujemy na 160 to z tego wynika, ze urodzi\u0142 si\u0119, kiedy jego ojciec mia\u0142 31 lat, to jest bardzo prawdopodobne, poniewa\u017c Samuel mia\u0142 rodze\u0144stwo przed nim urodzone.<\/em><\/p>\n<div>\n<hr align=\"left\" size=\"1\" width=\"33%\" \/>\n<div>\n<p><em><a title=\"\" href=\"file:\/\/\/D:\/MKP\/literat\/literatura\/rodzina\/pa%C5%82eczka%20pokole%C5%84%20-%20stenia%20ruszczykowska.doc#_ftnref1\">[1]<\/a> Tego nie by\u0142abym pewna \u2013 przyp. Stefanii z Ruszczykowskich Krosnowskiej<\/em><\/p>\n<\/div>\n<\/div>\n","protected":false},"excerpt":{"rendered":"<p>Czas na dalszy ci\u0105g rodzinnych plotek spisanych w latach 70-tych przez Cioci\u0119 Stefani\u0119 z Ruszczykowskich Krosnowsk\u0105. Teraz przepisane przez ni\u0105 dywagacje wuja Eugeniusza Tyblewskiego, wnuka Jadwigi z Gorczyckich Tyblewskiej, na temat rodu Gorczyckich. Przepisa\u0142am s\u0142owo w s\u0142owo nie zmieniaj\u0105c ani przecinka. Samuel \u017cy\u0142 w niezwykle trudnych czasach i ciekawych. W czasach \u201eOgniem i mieczem\u201d, \u201ePotopu\u201d. [&hellip;]<\/p>\n","protected":false},"author":1,"featured_media":0,"comment_status":"closed","ping_status":"closed","sticky":false,"template":"","format":"standard","meta":{"footnotes":""},"categories":[6],"tags":[],"class_list":["post-1676","post","type-post","status-publish","format-standard","hentry","category-gorczyccy"],"_links":{"self":[{"href":"http:\/\/piekarscy.com.pl\/index.php?rest_route=\/wp\/v2\/posts\/1676","targetHints":{"allow":["GET"]}}],"collection":[{"href":"http:\/\/piekarscy.com.pl\/index.php?rest_route=\/wp\/v2\/posts"}],"about":[{"href":"http:\/\/piekarscy.com.pl\/index.php?rest_route=\/wp\/v2\/types\/post"}],"author":[{"embeddable":true,"href":"http:\/\/piekarscy.com.pl\/index.php?rest_route=\/wp\/v2\/users\/1"}],"replies":[{"embeddable":true,"href":"http:\/\/piekarscy.com.pl\/index.php?rest_route=%2Fwp%2Fv2%2Fcomments&post=1676"}],"version-history":[{"count":5,"href":"http:\/\/piekarscy.com.pl\/index.php?rest_route=\/wp\/v2\/posts\/1676\/revisions"}],"predecessor-version":[{"id":1923,"href":"http:\/\/piekarscy.com.pl\/index.php?rest_route=\/wp\/v2\/posts\/1676\/revisions\/1923"}],"wp:attachment":[{"href":"http:\/\/piekarscy.com.pl\/index.php?rest_route=%2Fwp%2Fv2%2Fmedia&parent=1676"}],"wp:term":[{"taxonomy":"category","embeddable":true,"href":"http:\/\/piekarscy.com.pl\/index.php?rest_route=%2Fwp%2Fv2%2Fcategories&post=1676"},{"taxonomy":"post_tag","embeddable":true,"href":"http:\/\/piekarscy.com.pl\/index.php?rest_route=%2Fwp%2Fv2%2Ftags&post=1676"}],"curies":[{"name":"wp","href":"https:\/\/api.w.org\/{rel}","templated":true}]}}