{"id":1680,"date":"2014-05-13T00:03:45","date_gmt":"2014-05-13T00:03:45","guid":{"rendered":"http:\/\/piekarscy.com.pl\/?p=1680"},"modified":"2014-02-28T17:30:46","modified_gmt":"2014-02-28T17:30:46","slug":"plotki-rodzinne-cioci-steni-cz-17","status":"publish","type":"post","link":"http:\/\/piekarscy.com.pl\/?p=1680","title":{"rendered":"\u201ePlotki rodzinne\u201d cioci Steni cz. 17"},"content":{"rendered":"<p>Czas na dalszy ci\u0105g rodzinnych plotek spisanych w latach 70-tych przez Cioci\u0119 Stefani\u0119 z Ruszczykowskich Krosnowsk\u0105. Teraz przepisane przez ni\u0105 dywagacje wuja Eugeniusza Tyblewskiego, wnuka Jadwigi z Gorczyckich Tyblewskiej, na temat rodu Gorczyckich. Przepisa\u0142am s\u0142owo w s\u0142owo nie zmieniaj\u0105c ani przecinka.<\/p>\n<p><em><a href=\"http:\/\/piekarscy.com.pl\/wp-content\/uploads\/2014\/02\/2014-02-08-19.32.31.jpg\"><img loading=\"lazy\" decoding=\"async\" class=\"aligncenter\" alt=\"2014-02-08 19.32.31\" src=\"http:\/\/piekarscy.com.pl\/wp-content\/uploads\/2014\/02\/2014-02-08-19.32.31-300x225.jpg\" width=\"300\" height=\"225\" \/><\/a><\/em><\/p>\n<p><a href=\"http:\/\/piekarscy.com.pl\/wp-content\/uploads\/2014\/05\/20140228_142446.jpg\"><img loading=\"lazy\" decoding=\"async\" class=\"aligncenter size-medium wp-image-1922\" alt=\"20140228_142446\" src=\"http:\/\/piekarscy.com.pl\/wp-content\/uploads\/2014\/05\/20140228_142446-225x300.jpg\" width=\"225\" height=\"300\" srcset=\"http:\/\/piekarscy.com.pl\/wp-content\/uploads\/2014\/05\/20140228_142446-225x300.jpg 225w, http:\/\/piekarscy.com.pl\/wp-content\/uploads\/2014\/05\/20140228_142446-768x1024.jpg 768w, http:\/\/piekarscy.com.pl\/wp-content\/uploads\/2014\/05\/20140228_142446-624x832.jpg 624w\" sizes=\"auto, (max-width: 225px) 100vw, 225px\" \/><\/a><\/p>\n<p><a href=\"http:\/\/piekarscy.com.pl\/wp-content\/uploads\/2014\/05\/20140228_142449.jpg\"><img loading=\"lazy\" decoding=\"async\" class=\"aligncenter size-medium wp-image-1925\" alt=\"20140228_142449\" src=\"http:\/\/piekarscy.com.pl\/wp-content\/uploads\/2014\/05\/20140228_142449-225x300.jpg\" width=\"225\" height=\"300\" srcset=\"http:\/\/piekarscy.com.pl\/wp-content\/uploads\/2014\/05\/20140228_142449-225x300.jpg 225w, http:\/\/piekarscy.com.pl\/wp-content\/uploads\/2014\/05\/20140228_142449-768x1024.jpg 768w, http:\/\/piekarscy.com.pl\/wp-content\/uploads\/2014\/05\/20140228_142449-624x832.jpg 624w\" sizes=\"auto, (max-width: 225px) 100vw, 225px\" \/><\/a> <a href=\"http:\/\/piekarscy.com.pl\/wp-content\/uploads\/2014\/05\/20140228_142454.jpg\"><img loading=\"lazy\" decoding=\"async\" class=\"aligncenter size-medium wp-image-1926\" alt=\"20140228_142454\" src=\"http:\/\/piekarscy.com.pl\/wp-content\/uploads\/2014\/05\/20140228_142454-225x300.jpg\" width=\"225\" height=\"300\" srcset=\"http:\/\/piekarscy.com.pl\/wp-content\/uploads\/2014\/05\/20140228_142454-225x300.jpg 225w, http:\/\/piekarscy.com.pl\/wp-content\/uploads\/2014\/05\/20140228_142454-768x1024.jpg 768w, http:\/\/piekarscy.com.pl\/wp-content\/uploads\/2014\/05\/20140228_142454-624x832.jpg 624w\" sizes=\"auto, (max-width: 225px) 100vw, 225px\" \/><\/a> <a href=\"http:\/\/piekarscy.com.pl\/wp-content\/uploads\/2014\/05\/20140228_142457.jpg\"><img loading=\"lazy\" decoding=\"async\" class=\"aligncenter size-medium wp-image-1927\" alt=\"20140228_142457\" src=\"http:\/\/piekarscy.com.pl\/wp-content\/uploads\/2014\/05\/20140228_142457-225x300.jpg\" width=\"225\" height=\"300\" srcset=\"http:\/\/piekarscy.com.pl\/wp-content\/uploads\/2014\/05\/20140228_142457-225x300.jpg 225w, http:\/\/piekarscy.com.pl\/wp-content\/uploads\/2014\/05\/20140228_142457-768x1024.jpg 768w, http:\/\/piekarscy.com.pl\/wp-content\/uploads\/2014\/05\/20140228_142457-624x832.jpg 624w\" sizes=\"auto, (max-width: 225px) 100vw, 225px\" \/><\/a><\/p>\n<p><em>Przyjmujemy, \u017ce Marcin urodzi\u0142 si\u0119 w 1649 r. i \u017cy\u0142 do 1742 r. urodzi\u0142 si\u0119 wi\u0119c w\u00f3wczas, kiedy jego ojciec mia\u0142 39 lat. Czy to mo\u017cliwe? Chyba tak, gdyby przyj\u0105\u0107 wcze\u015bniejsz\u0105 dat\u0119 urodzenia, to jak ju\u017c wy\u017cej powiedzia\u0142em, zabrak\u0142oby nam Gorczyckich do umieszczenia w trzech wiekach. Marcin by\u0142 jedynym (prawdopodobnie) dzieckiem Samuela. Dlaczego? Chyba dlatego, \u017ce Samuel ca\u0142e \u017cycie ugania\u0142 si\u0119 za \u0142upami i wdawa\u0142 si\u0119 w awantury i boje. Nie mia\u0142 po prostu czasu na co innego. Jego zona mog\u0142a by\u0107 osob\u0105 chorowit\u0105, co tak\u017ce nie sprzyja\u0142o sk\u0142onno\u015bciom domatorskim Samuela. Fakt, \u017ce mia\u0142a tylko jedno dziecko, mo\u017ce \u015bwiadczy\u0107 o tym, \u017ce do\u015b\u0107 p\u00f3\u017ano zasz\u0142a w ci\u0105\u017c\u0119 i \u017ce przed tym mia\u0142a jakie\u015b z tym trudno\u015bci. By\u0142a chyba tak\u017ce znacznie m\u0142odsza od m\u0119\u017ca. Albo Samuel p\u00f3\u017ano si\u0119 o\u017ceni\u0142.<a title=\"\" href=\"file:\/\/\/D:\/MKP\/literat\/literatura\/rodzina\/pa%C5%82eczka%20pokole%C5%84%20-%20stenia%20ruszczykowska.doc#_ftn1\">[1]<\/a>\u00a0<\/em><br \/>\n<em>Z dokument\u00f3w wynika, \u017ce Marcin by\u0142 w 1698 r. \u017conaty. Oczywi\u015bcie \u015blub m\u00f3g\u0142 by\u0107 znacznie wcze\u015bniej. Marcinowi daj\u0119 98 lat \u017cycia. To zrozumia\u0142e. Marcin mia\u0142 ju\u017c fortun\u0119 i nie musia\u0142 ju\u017c tak usilnie o ni\u0105 zabiega\u0107. \u017by\u0142 w czasach bardziej spokojnych. Za jego \u017cycia by\u0142y w\u0142a\u015bciwie dwie wojny ukoronowane Chocimiem i Wiedniem. Udzia\u0142 szlachty w tych bitwach by\u0142 znaczny. Pospolite ruszenie by\u0142o powa\u017cnie przez Sobieskiego traktowane. Temu, kto nie wzi\u0105\u0142 udzia\u0142u w pospolitym ruszeniu konfiskowano w\u00f3wczas maj\u0105tki. Ryzyko si\u0119 nie op\u0142aca\u0142o. Nale\u017cy wi\u0119c przypuszcza\u0107, \u017ce skoro Gorczyckim maj\u0105tku nie skonfiskowano, to je\u015bli Marcin nie by\u0142 nawet bohaterem, to i tak na tych wojnach, a w\u0142a\u015bciwie bitwach by\u0142. Poza tym prowadzi\u0142 spokojny tryb \u017cycia. By\u0142 szlachcicem w czwartym pokoleniu. Fakt ten musia\u0142 wp\u0142yn\u0105\u0107 na jego spos\u00f3b \u017cycia, od\u017cywiania si\u0119 i pracy. Musia\u0142 wi\u0119c mie\u0107 wp\u0142yw na przed\u0142u\u017cenie \u017cycia.<\/em><\/p>\n<div>\n<hr align=\"left\" size=\"1\" width=\"33%\" \/>\n<div>\n<p><em><a title=\"\" href=\"file:\/\/\/D:\/MKP\/literat\/literatura\/rodzina\/pa%C5%82eczka%20pokole%C5%84%20-%20stenia%20ruszczykowska.doc#_ftnref1\">[1]<\/a> R\u00f3wnie dobrze m\u00f3g\u0142 by\u0107 konflikt \u201eRH\u201d \u2013 przyp. Stefanii z Ruszczykowskich Krosnowskiej.\u00a0<\/em><\/p>\n<\/div>\n<\/div>\n","protected":false},"excerpt":{"rendered":"<p>Czas na dalszy ci\u0105g rodzinnych plotek spisanych w latach 70-tych przez Cioci\u0119 Stefani\u0119 z Ruszczykowskich Krosnowsk\u0105. Teraz przepisane przez ni\u0105 dywagacje wuja Eugeniusza Tyblewskiego, wnuka Jadwigi z Gorczyckich Tyblewskiej, na temat rodu Gorczyckich. Przepisa\u0142am s\u0142owo w s\u0142owo nie zmieniaj\u0105c ani przecinka. Przyjmujemy, \u017ce Marcin urodzi\u0142 si\u0119 w 1649 r. i \u017cy\u0142 do 1742 r. urodzi\u0142 [&hellip;]<\/p>\n","protected":false},"author":1,"featured_media":0,"comment_status":"closed","ping_status":"closed","sticky":false,"template":"","format":"standard","meta":{"footnotes":""},"categories":[6],"tags":[],"class_list":["post-1680","post","type-post","status-publish","format-standard","hentry","category-gorczyccy"],"_links":{"self":[{"href":"http:\/\/piekarscy.com.pl\/index.php?rest_route=\/wp\/v2\/posts\/1680","targetHints":{"allow":["GET"]}}],"collection":[{"href":"http:\/\/piekarscy.com.pl\/index.php?rest_route=\/wp\/v2\/posts"}],"about":[{"href":"http:\/\/piekarscy.com.pl\/index.php?rest_route=\/wp\/v2\/types\/post"}],"author":[{"embeddable":true,"href":"http:\/\/piekarscy.com.pl\/index.php?rest_route=\/wp\/v2\/users\/1"}],"replies":[{"embeddable":true,"href":"http:\/\/piekarscy.com.pl\/index.php?rest_route=%2Fwp%2Fv2%2Fcomments&post=1680"}],"version-history":[{"count":4,"href":"http:\/\/piekarscy.com.pl\/index.php?rest_route=\/wp\/v2\/posts\/1680\/revisions"}],"predecessor-version":[{"id":1929,"href":"http:\/\/piekarscy.com.pl\/index.php?rest_route=\/wp\/v2\/posts\/1680\/revisions\/1929"}],"wp:attachment":[{"href":"http:\/\/piekarscy.com.pl\/index.php?rest_route=%2Fwp%2Fv2%2Fmedia&parent=1680"}],"wp:term":[{"taxonomy":"category","embeddable":true,"href":"http:\/\/piekarscy.com.pl\/index.php?rest_route=%2Fwp%2Fv2%2Fcategories&post=1680"},{"taxonomy":"post_tag","embeddable":true,"href":"http:\/\/piekarscy.com.pl\/index.php?rest_route=%2Fwp%2Fv2%2Ftags&post=1680"}],"curies":[{"name":"wp","href":"https:\/\/api.w.org\/{rel}","templated":true}]}}