{"id":1683,"date":"2014-05-17T00:06:28","date_gmt":"2014-05-17T00:06:28","guid":{"rendered":"http:\/\/piekarscy.com.pl\/?p=1683"},"modified":"2014-02-28T17:30:55","modified_gmt":"2014-02-28T17:30:55","slug":"plotki-rodzinne-cioci-steni-cz-18","status":"publish","type":"post","link":"http:\/\/piekarscy.com.pl\/?p=1683","title":{"rendered":"\u201ePlotki rodzinne\u201d cioci Steni cz. 18"},"content":{"rendered":"<p>To ju\u017c ostatnia cz\u0119\u015b\u0107 rodzinnych plotek spisanych w latach 70-tych przez Cioci\u0119 Stefani\u0119 z Ruszczykowskich Krosnowsk\u0105. Teraz przepisane przez ni\u0105 dywagacje wuja Eugeniusza Tyblewskiego, wnuka Jadwigi z Gorczyckich Tyblewskiej, na temat rodu Gorczyckich. Przepisa\u0142am s\u0142owo w s\u0142owo nie zmieniaj\u0105c ani przecinka.<\/p>\n<p><em><a href=\"http:\/\/piekarscy.com.pl\/wp-content\/uploads\/2014\/02\/2014-02-08-19.32.31.jpg\"><img loading=\"lazy\" decoding=\"async\" class=\"aligncenter\" alt=\"2014-02-08 19.32.31\" src=\"http:\/\/piekarscy.com.pl\/wp-content\/uploads\/2014\/02\/2014-02-08-19.32.31-300x225.jpg\" width=\"300\" height=\"225\" \/><\/a><\/em><\/p>\n<p><a href=\"http:\/\/piekarscy.com.pl\/wp-content\/uploads\/2014\/05\/20140228_142457.jpg\"><img loading=\"lazy\" decoding=\"async\" class=\"aligncenter size-medium wp-image-1927\" alt=\"20140228_142457\" src=\"http:\/\/piekarscy.com.pl\/wp-content\/uploads\/2014\/05\/20140228_142457-225x300.jpg\" width=\"225\" height=\"300\" srcset=\"http:\/\/piekarscy.com.pl\/wp-content\/uploads\/2014\/05\/20140228_142457-225x300.jpg 225w, http:\/\/piekarscy.com.pl\/wp-content\/uploads\/2014\/05\/20140228_142457-768x1024.jpg 768w, http:\/\/piekarscy.com.pl\/wp-content\/uploads\/2014\/05\/20140228_142457-624x832.jpg 624w\" sizes=\"auto, (max-width: 225px) 100vw, 225px\" \/><\/a><\/p>\n<p><a href=\"http:\/\/piekarscy.com.pl\/wp-content\/uploads\/2014\/05\/20140228_142502.jpg\"><img loading=\"lazy\" decoding=\"async\" class=\"aligncenter size-medium wp-image-1930\" alt=\"20140228_142502\" src=\"http:\/\/piekarscy.com.pl\/wp-content\/uploads\/2014\/05\/20140228_142502-225x300.jpg\" width=\"225\" height=\"300\" srcset=\"http:\/\/piekarscy.com.pl\/wp-content\/uploads\/2014\/05\/20140228_142502-225x300.jpg 225w, http:\/\/piekarscy.com.pl\/wp-content\/uploads\/2014\/05\/20140228_142502-768x1024.jpg 768w, http:\/\/piekarscy.com.pl\/wp-content\/uploads\/2014\/05\/20140228_142502-624x832.jpg 624w\" sizes=\"auto, (max-width: 225px) 100vw, 225px\" \/><\/a> <a href=\"http:\/\/piekarscy.com.pl\/wp-content\/uploads\/2014\/05\/20140228_142505.jpg\"><img loading=\"lazy\" decoding=\"async\" class=\"aligncenter size-medium wp-image-1931\" alt=\"20140228_142505\" src=\"http:\/\/piekarscy.com.pl\/wp-content\/uploads\/2014\/05\/20140228_142505-225x300.jpg\" width=\"225\" height=\"300\" srcset=\"http:\/\/piekarscy.com.pl\/wp-content\/uploads\/2014\/05\/20140228_142505-225x300.jpg 225w, http:\/\/piekarscy.com.pl\/wp-content\/uploads\/2014\/05\/20140228_142505-768x1024.jpg 768w, http:\/\/piekarscy.com.pl\/wp-content\/uploads\/2014\/05\/20140228_142505-624x832.jpg 624w\" sizes=\"auto, (max-width: 225px) 100vw, 225px\" \/><\/a> <a href=\"http:\/\/piekarscy.com.pl\/wp-content\/uploads\/2014\/05\/20140228_142512.jpg\"><img loading=\"lazy\" decoding=\"async\" class=\"aligncenter size-medium wp-image-1932\" alt=\"20140228_142512\" src=\"http:\/\/piekarscy.com.pl\/wp-content\/uploads\/2014\/05\/20140228_142512-225x300.jpg\" width=\"225\" height=\"300\" srcset=\"http:\/\/piekarscy.com.pl\/wp-content\/uploads\/2014\/05\/20140228_142512-225x300.jpg 225w, http:\/\/piekarscy.com.pl\/wp-content\/uploads\/2014\/05\/20140228_142512-768x1024.jpg 768w, http:\/\/piekarscy.com.pl\/wp-content\/uploads\/2014\/05\/20140228_142512-624x832.jpg 624w\" sizes=\"auto, (max-width: 225px) 100vw, 225px\" \/><\/a> <a href=\"http:\/\/piekarscy.com.pl\/wp-content\/uploads\/2014\/05\/20140228_142515.jpg\"><img loading=\"lazy\" decoding=\"async\" class=\"aligncenter size-medium wp-image-1933\" alt=\"20140228_142515\" src=\"http:\/\/piekarscy.com.pl\/wp-content\/uploads\/2014\/05\/20140228_142515-225x300.jpg\" width=\"225\" height=\"300\" srcset=\"http:\/\/piekarscy.com.pl\/wp-content\/uploads\/2014\/05\/20140228_142515-225x300.jpg 225w, http:\/\/piekarscy.com.pl\/wp-content\/uploads\/2014\/05\/20140228_142515-768x1024.jpg 768w, http:\/\/piekarscy.com.pl\/wp-content\/uploads\/2014\/05\/20140228_142515-624x832.jpg 624w\" sizes=\"auto, (max-width: 225px) 100vw, 225px\" \/><\/a><\/p>\n<p><em>Z Franciszkiem musia\u0142o by\u0107 podobnie, jak z jego ojcem, z tym, ze Franciszek musia\u0142 mie\u0107 bardziej filisterski charakter. Konsumowa\u0142 to, co inni z takim trudem zdobyli. Nie mia\u0142 wi\u0119c wielkiego zrozumienia dla pieni\u0119dzy. \u017by\u0142 w czasach panowania Sas\u00f3w, nie mog\u0142o to nie mie\u0107 wp\u0142ywu na jego zainteresowania i postepowanie. \u017by\u0142 za Stanis\u0142awa Augusta. W 1765 r. wydano w Polsce pierwszy raz gazet\u0119 \u201eMonitor\u201d. Musia\u0142 Franciszek tym si\u0119 interesowa\u0107. By\u0142 w \u00f3wczesnym zrozumieniu intelektualist\u0105. To chyba po nim odziedziczy\u0142 swoje dziennikarskie zdolno\u015bci J\u00f3zef. W 1740 lub 1741 r. Konarski otworzy\u0142 Collegium Nobilium<a title=\"\" href=\"file:\/\/\/D:\/MKP\/literat\/literatura\/rodzina\/pa%C5%82eczka%20pokole%C5%84%20-%20stenia%20ruszczykowska.doc#_ftn1\">[1]<\/a>. Skoro mia\u0142 pieni\u0105dze na pewno gromadzi\u0142 dzie\u0142a sztuki. Tak wi\u0119c konfederacja Radomska, a potem barska by\u0142y dla niego zgrzytami, kt\u00f3re przeszywa\u0142y jego spokojny \u017cywot i kaza\u0142y si\u0119 anga\u017cowa\u0107. Pozna\u0142 przysz\u0142\u0105 swoj\u0105 \u017con\u0119<a title=\"\" href=\"file:\/\/\/D:\/MKP\/literat\/literatura\/rodzina\/pa%C5%82eczka%20pokole%C5%84%20-%20stenia%20ruszczykowska.doc#_ftn2\">[2]<\/a> w innych okolicach Polski i postanowi\u0142 si\u0119 do nich przenie\u015b\u0107, bo i do stolicy by\u0142o bli\u017cej i okolice by\u0142y spokojniejsze. Sprzeda\u0142 wi\u0119c swoje wsie w sandomierskim i kupi\u0142 wsie w sieradzkim. Zrobi\u0142 to ju\u017c w dojrza\u0142ym ca\u0142kiem wieku, bo tym bardziej by\u0142 \u015bwiadom tego co robi. Do przesiedlenia si\u0119 musia\u0142a go bardzo namawia\u0107 \u017cona, bo by\u0142a przywi\u0105zana do okolic, w kt\u00f3rych si\u0119 urodzi\u0142a i tu mia\u0142a liczn\u0105 rodzin\u0119.<\/em><br \/>\n<em>Wreszcie Piotr Celestyn, o kt\u00f3rym wiemy, \u017ce by\u0142 bardzo stary, jak umar\u0142, \u017ce by\u0142 ca\u0142e \u017cycie zdr\u00f3w i nigdy nie bola\u0142a go nawet g\u0142owa. Kiedy go zabola\u0142a, to umar\u0142. Je\u015bli przyj\u0105\u0107, \u017ce umar\u0142 tak, jak to mia\u0142em zapisane w 1852 r, to skoro d\u0142ugo \u017cy\u0142 \u00a0to musia\u0142 si\u0119 urodzi\u0107 w 1758 r. wiadomo z przekazu heraldycznego, \u017ce zosta\u0142 burgrabi\u0105 grodzkim sieradzkim w 1788 r. chyba tego stanowiska, cho\u0107 w tamtych czasach straci\u0142o ono na znaczeniu, nie otrzyma\u0142 jako m\u0142odszy, ni\u017c trzydziestoletni m\u0119\u017cczyzna. Musia\u0142 si\u0119 wi\u0119c urodzi\u0107 najwcze\u015bniej w 1758 r.\u00a0<\/em><br \/>\n<em>Takie s\u0105 przypuszczenia odno\u015bnie naszych przodk\u00f3w. My\u015bl\u0119, \u017ce musi by\u0107 jaka\u015b prawda w tych hipotezach. Mog\u0142em si\u0119 pomyli\u0107 o jakie\u015b tam niewielkie lata. Mog\u0142o jednak by\u0107 zupe\u0142nie inaczej. Ale dlatego si\u0119 tym zaj\u0105\u0142em, poniewa\u017c wydaje mi si\u0119, \u017ce na kanwie genealogii Gorczyckich mo\u017cna by napisa\u0107 \u0142adn\u0105 seri\u0119 ich rodu z uwzgl\u0119dnieniem wierno\u015bci historycznych aktualnych dla ka\u017cdego z nich. Wydaje mi si\u0119, ze nie mo\u017ce tu chodzi\u0107 o napisanie jedynie ciekawego westernu na nasz\u0105 mod\u0142\u0119 lub ksi\u0105\u017cki, kt\u00f3ra by na wz\u00f3r sienkiewiczowski pokrzepia\u0142a serca rodak\u00f3w. Saga powinna by\u0107 wyj\u0105tkowo wierna historycznie i zawiera\u0107 mn\u00f3stwo szczeg\u00f3\u0142\u00f3w odno\u015bnie dawnych czas\u00f3w i to nie tylko politycznych, ale tak\u017ce kulturalnych, obyczajowych itp. W\u00f3wczas mo\u017ce by\u0107 atrakcyjna, wymaga\u0107 to musi dok\u0142adnej znajomo\u015bci epok, a to wymaga\u0107 musi studi\u00f3w. Mo\u017ce kto\u015b z rodziny b\u0119dzie mia\u0142 czas i talent do takiej pracy. W\u00f3wczas schemat b\u0119dzie mia\u0142 ju\u017c gotowy. B\u0119dzie m\u00f3g\u0142 w nim dokona\u0107 tylko drobnych korekt.<\/em><\/p>\n<p><em>\u017bywiec 15.IX.1975<\/em><\/p>\n<p><em>(-) Eugeniusz Tyblewski<\/em><\/p>\n<div>\n<hr align=\"left\" size=\"1\" width=\"33%\" \/>\n<div>\n<p><em><a title=\"\" href=\"file:\/\/\/D:\/MKP\/literat\/literatura\/rodzina\/pa%C5%82eczka%20pokole%C5%84%20-%20stenia%20ruszczykowska.doc#_ftnref1\">[1]<\/a> szko\u0142a wy\u017csza, za\u0142o\u017cona w Warszawie przez pijara Stanis\u0142awa Konarskiego w 1740 roku, pocz\u0105tkowo jako Collegium Novum (nazw\u0119 zmieniono jesieni\u0105 1741) na ulicy D\u0142ugiej, nast\u0119pnie rozbudowana do ulicy Miodowej (mie\u015bci si\u0119 tam obecnie Akademia Teatralna im. Aleksandra Zelwerowicza), a po latach przeniesiona na \u017boliborz do jurydyki Szymanowska, gdzie dzia\u0142a\u0142a do roku 1832. Zadaniem tej instytucji by\u0142o kszta\u0142cenie nowego pokolenia Polak\u00f3w, by przygotowa\u0107 je do przeprowadzenia przebudowy pa\u0144stwa polskiego. Efektami p\u00f3\u017aniejszych reform i zmian by\u0142y m.in. Sejm Czteroletni i jego najwi\u0119kszy sukces \u2013 Konstytucja 3 maja. \u2013 przyp. MKP<\/em><\/p>\n<\/div>\n<div>\n<p><em><a title=\"\" href=\"file:\/\/\/D:\/MKP\/literat\/literatura\/rodzina\/pa%C5%82eczka%20pokole%C5%84%20-%20stenia%20ruszczykowska.doc#_ftnref2\">[2]<\/a> Salomea Cheydebrant \u2013 przyp. MKP \u00a0<\/em><\/p>\n<\/div>\n<\/div>\n","protected":false},"excerpt":{"rendered":"<p>To ju\u017c ostatnia cz\u0119\u015b\u0107 rodzinnych plotek spisanych w latach 70-tych przez Cioci\u0119 Stefani\u0119 z Ruszczykowskich Krosnowsk\u0105. Teraz przepisane przez ni\u0105 dywagacje wuja Eugeniusza Tyblewskiego, wnuka Jadwigi z Gorczyckich Tyblewskiej, na temat rodu Gorczyckich. Przepisa\u0142am s\u0142owo w s\u0142owo nie zmieniaj\u0105c ani przecinka. Z Franciszkiem musia\u0142o by\u0107 podobnie, jak z jego ojcem, z tym, ze Franciszek musia\u0142 [&hellip;]<\/p>\n","protected":false},"author":1,"featured_media":0,"comment_status":"closed","ping_status":"closed","sticky":false,"template":"","format":"standard","meta":{"footnotes":""},"categories":[6],"tags":[],"class_list":["post-1683","post","type-post","status-publish","format-standard","hentry","category-gorczyccy"],"_links":{"self":[{"href":"http:\/\/piekarscy.com.pl\/index.php?rest_route=\/wp\/v2\/posts\/1683","targetHints":{"allow":["GET"]}}],"collection":[{"href":"http:\/\/piekarscy.com.pl\/index.php?rest_route=\/wp\/v2\/posts"}],"about":[{"href":"http:\/\/piekarscy.com.pl\/index.php?rest_route=\/wp\/v2\/types\/post"}],"author":[{"embeddable":true,"href":"http:\/\/piekarscy.com.pl\/index.php?rest_route=\/wp\/v2\/users\/1"}],"replies":[{"embeddable":true,"href":"http:\/\/piekarscy.com.pl\/index.php?rest_route=%2Fwp%2Fv2%2Fcomments&post=1683"}],"version-history":[{"count":3,"href":"http:\/\/piekarscy.com.pl\/index.php?rest_route=\/wp\/v2\/posts\/1683\/revisions"}],"predecessor-version":[{"id":1934,"href":"http:\/\/piekarscy.com.pl\/index.php?rest_route=\/wp\/v2\/posts\/1683\/revisions\/1934"}],"wp:attachment":[{"href":"http:\/\/piekarscy.com.pl\/index.php?rest_route=%2Fwp%2Fv2%2Fmedia&parent=1683"}],"wp:term":[{"taxonomy":"category","embeddable":true,"href":"http:\/\/piekarscy.com.pl\/index.php?rest_route=%2Fwp%2Fv2%2Fcategories&post=1683"},{"taxonomy":"post_tag","embeddable":true,"href":"http:\/\/piekarscy.com.pl\/index.php?rest_route=%2Fwp%2Fv2%2Ftags&post=1683"}],"curies":[{"name":"wp","href":"https:\/\/api.w.org\/{rel}","templated":true}]}}