{"id":1719,"date":"2014-04-17T00:42:49","date_gmt":"2014-04-17T00:42:49","guid":{"rendered":"http:\/\/piekarscy.com.pl\/?p=1719"},"modified":"2020-03-03T22:06:27","modified_gmt":"2020-03-03T20:06:27","slug":"naukowa-praca-prapradziadka-bronislawa","status":"publish","type":"post","link":"http:\/\/piekarscy.com.pl\/?p=1719","title":{"rendered":"Naukowa praca prapradziadka Bronis\u0142awa"},"content":{"rendered":"<div id=\"attachment_126\" style=\"width: 213px\" class=\"wp-caption alignright\"><a href=\"http:\/\/piekarscy.com.pl\/wp-content\/uploads\/2013\/12\/skanuj0011.jpg\"><img loading=\"lazy\" decoding=\"async\" aria-describedby=\"caption-attachment-126\" class=\"size-medium wp-image-126 \" src=\"http:\/\/piekarscy.com.pl\/wp-content\/uploads\/2013\/12\/skanuj0011-203x300.jpg\" alt=\"skanuj0011\" width=\"203\" height=\"300\" srcset=\"http:\/\/piekarscy.com.pl\/wp-content\/uploads\/2013\/12\/skanuj0011-203x300.jpg 203w, http:\/\/piekarscy.com.pl\/wp-content\/uploads\/2013\/12\/skanuj0011-694x1024.jpg 694w, http:\/\/piekarscy.com.pl\/wp-content\/uploads\/2013\/12\/skanuj0011-624x919.jpg 624w, http:\/\/piekarscy.com.pl\/wp-content\/uploads\/2013\/12\/skanuj0011.jpg 851w\" sizes=\"auto, (max-width: 203px) 100vw, 203px\" \/><\/a><p id=\"caption-attachment-126\" class=\"wp-caption-text\">Bronis\u0142aw Franciszek Ksawery Ruszczykowski<\/p><\/div>\n<p>Prapradziadek Bronis\u0142aw Ruszczykowski, o kt\u00f3rym ju\u017c tu troch\u0119 wspomina\u0142am, by\u0142 lekarzem. Zosta\u0142o po nim troch\u0119 zdj\u0119\u0107, wspomnie\u0144 w pami\u0119tnikach rodzinnych i&#8230; praca paranaukowa. Oto kiedy\u015b dzi\u0119ki pracownikom G\u0142\u00f3wnej Biblioteki Lekarskiej znalaz\u0142am jego biografi\u0119 w &#8222;S\u0142owniku Lekarz\u00f3w&#8221; oraz prac\u0119 opublikowan\u0105 w &#8222;Gazecie lekarskiej&#8221;.<\/p>\n<p><a href=\"http:\/\/piekarscy.com.pl\/wp-content\/uploads\/2014\/04\/20140222_094529.jpg\"><img loading=\"lazy\" decoding=\"async\" class=\"aligncenter size-medium wp-image-1723\" src=\"http:\/\/piekarscy.com.pl\/wp-content\/uploads\/2014\/04\/20140222_094529-225x300.jpg\" alt=\"20140222_094529\" width=\"225\" height=\"300\" srcset=\"http:\/\/piekarscy.com.pl\/wp-content\/uploads\/2014\/04\/20140222_094529-225x300.jpg 225w, http:\/\/piekarscy.com.pl\/wp-content\/uploads\/2014\/04\/20140222_094529-768x1024.jpg 768w, http:\/\/piekarscy.com.pl\/wp-content\/uploads\/2014\/04\/20140222_094529-624x832.jpg 624w\" sizes=\"auto, (max-width: 225px) 100vw, 225px\" \/><\/a><\/p>\n<p><em>S\u0141OWNIK<\/em><br \/>\n<em>LEKARZ\u00d3W POLSKICH<\/em><br \/>\n<em>OBEJMUJ\u0104CY<\/em><br \/>\n<em>opr\u00f3cz kr\u00f3tkich \u017cyciorys\u00f3w lekarzy polak\u00f3w oraz cudzoziemc\u00f3w w Polsce osiad\u0142ych, dok\u0142adn\u0105 bibliografi\u0105 lekarsk\u0105 polsk\u0105 od czas\u00f3w najdawniejszych a\u017c do 1885 r.<\/em><br \/>\n<em>U\u0142o\u017cy\u0142<\/em><br \/>\n<em>STANIS\u0141AW KO\u015aMI\u0143SKI<\/em><br \/>\n<em>Cz\u0142onek i bibliotekarz warsz. Tow. Lek., cz\u0142onek zwi\u0105zkowy wile\u0144skiego tow. Lekarskiego.<\/em><br \/>\n<em>WARSZAWA<\/em><br \/>\n<em>Nak\u0142ad autora<\/em><br \/>\n<em>SK\u0141AD G\u0141\u00d3WNY W KSI\u0118GARNI GEBETHNERA I WOLFFA<\/em><br \/>\n<em>Druk K. Kowalewskiego, Kr\u00f3lewska 29.<\/em><br \/>\n<em>1888<\/em><\/p>\n<div id=\"attachment_1992\" style=\"width: 179px\" class=\"wp-caption alignleft\"><a href=\"http:\/\/piekarscy.com.pl\/wp-content\/uploads\/2014\/04\/bronis\u0142aw-ruszczykowski-wychowanek-szkoly-glownej.jpg\"><img loading=\"lazy\" decoding=\"async\" aria-describedby=\"caption-attachment-1992\" class=\"size-medium wp-image-1992 \" src=\"http:\/\/piekarscy.com.pl\/wp-content\/uploads\/2014\/04\/bronis\u0142aw-ruszczykowski-wychowanek-szkoly-glownej-169x300.jpg\" alt=\"bronis\u0142aw ruszczykowski wychowanek szkoly glownej\" width=\"169\" height=\"300\" srcset=\"http:\/\/piekarscy.com.pl\/wp-content\/uploads\/2014\/04\/bronis\u0142aw-ruszczykowski-wychowanek-szkoly-glownej-169x300.jpg 169w, http:\/\/piekarscy.com.pl\/wp-content\/uploads\/2014\/04\/bronis\u0142aw-ruszczykowski-wychowanek-szkoly-glownej.jpg 578w\" sizes=\"auto, (max-width: 169px) 100vw, 169px\" \/><\/a><p id=\"caption-attachment-1992\" class=\"wp-caption-text\">Bronis\u0142aw Ruszczykowski &#8211; zdj\u0119cie z czasu studi\u00f3w w Szkole G\u0142\u00f3wnej<\/p><\/div>\n<p>Ruszczykowski Bronis\u0142aw, ur. 25 lipca 1840 r. w Pu\u0142tusku, nauki \u015brednie odbywa\u0142 w szkole pu\u0142tuskiej (1852-1857) a p\u00f3\u017aniej w warsz. gimnazyum realnem (1857-1861). W Szkole G\u0142\u00f3wnej w r. 1862 s\u0142ucha\u0142 nauk matematycznych, a w latach 1863-1868 lekarskich. Pocz\u0105tkowo praktykowa\u0142 (1869-1875) w \u017barkach; obecnie zajmuje si\u0119 wykonawstwem lekarskiem w Saratowie.<br \/>\n<span style=\"line-height: 1.714285714; font-size: 1rem;\">Wypadek ospy ze zboczeniem w wyst\u0105pieniu w\u0142a\u015bciwej wysypki (purpura febrilis). Gaz. lek. T. XIV 1873, str. 65-68.<\/span><\/p>\n<p><span style=\"line-height: 1.714285714; font-size: 1rem;\">A tu ju\u017c sama &#8222;Gazeta lekarska&#8221; i praca prapradziadka.<\/span><\/p>\n<p><a href=\"http:\/\/piekarscy.com.pl\/wp-content\/uploads\/2014\/04\/20140222_094355.jpg\"><img loading=\"lazy\" decoding=\"async\" class=\"aligncenter size-medium wp-image-1722\" src=\"http:\/\/piekarscy.com.pl\/wp-content\/uploads\/2014\/04\/20140222_094355-225x300.jpg\" alt=\"20140222_094355\" width=\"225\" height=\"300\" srcset=\"http:\/\/piekarscy.com.pl\/wp-content\/uploads\/2014\/04\/20140222_094355-225x300.jpg 225w, http:\/\/piekarscy.com.pl\/wp-content\/uploads\/2014\/04\/20140222_094355-768x1024.jpg 768w, http:\/\/piekarscy.com.pl\/wp-content\/uploads\/2014\/04\/20140222_094355-624x832.jpg 624w\" sizes=\"auto, (max-width: 225px) 100vw, 225px\" \/><\/a><\/p>\n<p><em><span style=\"line-height: 1.714285714; font-size: 1rem;\">Rok VII,\u00a0<\/span>Warszawa, d. 20 Stycznia (1 lutego) 1873 3. TOM XIV.<\/em><br \/>\n<em> GAZETA LEKARSKA<\/em><br \/>\n<em> PISMO TYGODNIOWE<\/em><br \/>\n<em> Po\u015bwi\u0119cone<\/em><br \/>\n<em> WSZYSTKIM GA\u0141\u0118ZIOM UMIEJ\u0118TNO\u015aCI LEKARSKIEJ,<\/em><br \/>\n<em> FARMACYI I WETERYNARYI<\/em><\/p>\n<p><em><span style=\"line-height: 1.714285714; font-size: 1rem;\">Wypadek ospy ze zboczeniem w wyst\u0105pieniu w\u0142a\u015bciwej wysypki<br \/>\n<\/span>(purpura febrilis).<\/em><\/p>\n<p><em>Spostrze\u017cenie Dra Br. Ruszczykowskiego (z \u017barek)<\/em><\/p>\n<p><em><span style=\"line-height: 1.714285714; font-size: 1rem;\">W dniu 6 grudnia r. z. zosta\u0142em wezwany do W.J., wieku lat 20, by\u0142ego nauczyciela wiejskiego, obecnie zamieszka\u0142ego przy ojcu miejscowym nauczycielu.<br \/>\n<\/span>Chory wzrostu dobrego, uk\u0142ad kostny i mi\u0119sny dobrze rozwini\u0119ty, pok\u0142ad tkanki t\u0142uszczowej w dostatecznej ilo\u015bci.<\/em><br \/>\n<em> Z przesz\u0142o\u015bci chory opowiedzia\u0142: \u017ce w dzieci\u0144stwie mia\u0142 osp\u0119 szczepion\u0105, \u017cadnych chor\u00f3b nie przechodzi\u0142 i ostatniego czasu by\u0142 w stanie zupe\u0142nego zdrowia. Od postronnych za\u015b os\u00f3b dowiedzia\u0142em si\u0119, \u017ce chory czasem nadu\u017cywa\u0142 trunk\u00f3w.<\/em><br \/>\n<em> Na dwa tygodnie przed dat\u0105 wy\u017cej oznaczon\u0105, chory zacz\u0105\u0142 do\u015bwiadcza\u0107 uczucia mrowienia pod sk\u00f3r\u0105 g\u0142owy, jakby sk\u00f3ra od czaszki odstawa\u0142a, og\u00f3lnie czu\u0142 si\u0119 roz\u0142amanym, w cz\u0119\u015bci utraci\u0142 apetyt; przytem jednak\u017ce nie uwa\u017ca\u0142 si\u0119 za chorego, chodzi\u0142 i oddawa\u0142 si\u0119 zwyk\u0142ym zaj\u0119ciom, a s\u0105dz\u0105c, \u017ce stan ten pochodzi z niedyspozycyi \u017co\u0142\u0105dka, u\u017cy\u0142 oleju rycinowego. Jednak\u017ce mimo, \u017ce skutek nast\u0105pi\u0142, stanu chorego nie zmieni\u0142.<\/em><br \/>\n<em> Z rana dnia 6 grudnia sam chory i osoby otaczaj\u0105ce zauwa\u017cyli plamy na ciele i to spowodowa\u0142o ich do zasi\u0119gni\u0119cia rady lekarskiej.<\/em><br \/>\n<em> Przy obejrzeniu chorego na goleniach i przedramieniach spostrzeg\u0142em plamy brunatnoczerwone, r\u00f3\u017cnej wielko\u015bci, najwi\u0119ksze nie przechodzi\u0142y wielko\u015bci soczewicy, z konturami nieregularnemi, zbli\u017caj\u0105cemi si\u0119 do ma\u0142ych wielok\u0105cik\u00f3w, nie wznosz\u0105ce si\u0119 po nad powierzchni\u0119 sk\u00f3ry, nie ust\u0119puj\u0105ce i nie zmieniaj\u0105ce si\u0119 pod naciskiem palca, widocznie powsta\u0142e skutkiem wyst\u0105pienia krwi w tkank\u0119 sk\u00f3ry (ecchymoses).<\/em><br \/>\n<em> Twarz z lekka obrzmia\u0142a, sino-czerwonawego odcienia, bia\u0142k\u00f3wka obudw\u00f3ch oczu krwi\u0105 podbiegni\u0119ta. Na plecach zauwa\u017cy\u0142em kilka ma\u0142o wydatnych punkt\u00f3w czerwonawych, nieco nad powierzchni\u0119 sk\u00f3ry wzniesionych, z konturami wi\u0119cej regularnemi.<\/em><br \/>\n<em> Puls 108 uderze\u0144 na minut\u0119, rozwini\u0119ty, twardawy. Ciep\u0142ota cia\u0142a nie podniesiona.<\/em><br \/>\n<em> W p\u0142ucach lekki nie\u017cyt. Inne organa nie przedstawiaj\u0105 \u017cadnych zbocze\u0144. Sk\u00f3ra sucha, j\u0119zyk szeroki, grubym pok\u0142adem bia\u0142awym ob\u0142o\u017cony, wilgotny. Chory nie skar\u017cy si\u0119 ani na b\u00f3le, ani na os\u0142abienie. Przytomno\u015b\u0107 zupe\u0142na.<\/em><br \/>\n<em> Zauwa\u017cane zmiany na sk\u00f3rze chorego i brak zmian g\u0142\u0119bszych w innych organach wewn\u0119trznych, dawa\u0142y mo\u017cno\u015b\u0107 przyj\u0119cia cierpienia za chorob\u0119 plamist\u0105 Werlhofa. Jednak\u017ce ta niewielka liczba spostrze\u017conych na plecach punkt\u00f3w czerwonawych, a r\u00f3\u017cnych zupe\u0142nie od plam znajduj\u0105cych si\u0119 na goleniach i przedramionach zwr\u00f3ci\u0142y moj\u0105 uwag\u0119. A maj\u0105c w pami\u0119ci obecn\u0105 epidemi\u0119 ospy, chorob\u0119 przyj\u0105\u0142em za osp\u0119 ze zboczeniem w wyst\u0105pieniu wysypki z wylewami krwi w tkank\u0119 sk\u00f3rn\u0105, za form\u0119 ospy zwan\u0105 przez autor\u00f3w purpura febrilis.<\/em><br \/>\n<em> Przy takiem poj\u0119ciu natury choroby i rokowanie moje by\u0142o jak najgorsze. Jedyne wskazanie by\u0142o dzia\u0142a\u0107 przeciw rozk\u0142adowi krwi i dlatego przepisa\u0142em choremu chinin\u0119 z kwasem siarczanym, za nap\u00f3j wod\u0119 salcersk\u0105, za pokarm mleko. Pr\u00f3cz tego poleci\u0142em pod\u0142og\u0119 posypa\u0107 proszkiem karbolowym.<\/em><br \/>\n<em> Druga obserwacja chorego w godzinach popo\u0142udniowych tego\u017c samego dnia rozpoznanie choroby zdaje si\u0119 potwierdzi\u0142a. U chorego bowiem zauwa\u017cy\u0142em: na czole, szyi, piersiach i plecach zmian\u0119 w zabarwieniu. Miejsca te by\u0142y ciemnoczerwono-matowe i na takiem tle porozrzucane punkta sino-granatowe, z do\u015b\u0107 wyra\u017anemi jeszcze konturami. Og\u00f3lny wygl\u0105d by\u0142 podobny do marmuru. Pod naciskiem palca \u017cadna zmiana w zabarwieniu nie nast\u0119powa\u0142a. Punkta za\u015b czerwone na plecach zrana zauwa\u017cane, wyda\u0142y mi si\u0119 bledszemi i ju\u017c wyra\u017anie po\u015brodku nich spostrzeg\u0142em zag\u0142\u0119bienia (umbo). W okolicy k\u0105t\u00f3w szcz\u0119ki dolnej, na szyi, wyst\u0105pi\u0142o kilka nowych punkt\u00f3w czerwonawych, kt\u00f3re zupe\u0142nie by\u0142y podobne do tych, jakie zrana na plecach widzia\u0142em. Zreszt\u0105 inne objawy takie same jak zrana, chory tylko skar\u017cy\u0142 si\u0119 na uczucie sw\u0119dzenia na szyi. Lekarstwo pozostawi\u0142em to\u017c samo.<\/em><br \/>\n<em> Dnia 7 grudnia. Spostrzeg\u0142em, \u017ce plamy krwiste by\u0142y liczniejsze na goleniach i ju\u017c zajmowa\u0142y uda i ramiona, a kolor marmurkowy zajmowa\u0142 cale plecy i okolice l\u0119d\u017awiow\u0105, od przodu za\u015b dosi\u0119ga\u0142 do okolicy p\u0119pka. R\u00f3\u017cnica miejsc wczoraj zabarwionych marmurkowo od dzi\u015b zaj\u0119tych by\u0142a ta, ze tam kontury punkt\u00f3w sino-granatowych wi\u0119cej zlewa\u0142y si\u0119 z t\u0142em. Na j\u0119zyku, po\u015brodku, trzy krosty zupe\u0142nie czarne, bia\u0142k\u00f3wki wi\u0119cej \u015bciemnia\u0142y. Przy odkaszlni\u0119ciu pokazuje si\u0119 plwocina rudawa. Uryna koloru \u017c\u00f3\u0142to-z\u0142otego. Puls i temperatura jak dnia wczorajszego. W nocy chory spa\u0142, tyko oko\u0142o p\u00f3\u0142nocy by\u0142 niespokojny. Os\u0142abienia \u017cadnego nie czuje.<\/em><br \/>\n<em> Dnia 8 grudnia. Kolor marmurkowy wyst\u0105pi\u0142 na ca\u0142em ciele z wyj\u0105tkiem goleni i przedramion, na kt\u00f3rych liczniejsze wyst\u0105pi\u0142y plamy. Twarz jakby nabrz\u0119k\u0142a, wi\u0119cej sina, pokryta kroplami potu. Puls drobniejszy, plwocina rudawa. Na j\u0119zyku pokaza\u0142o si\u0119 wi\u0119cej krost czarnych jak w\u0119giel. Chory nie czuje os\u0142abienia, uskar\u017ca si\u0119 na szum w g\u0142owie, \u015bciskanie w gardle i przy\u0107mienie wzroku. W nocy by\u0142 niespokojniejszy, nie spa\u0142 wcale. Domaga si\u0119 o wod\u0119 za nap\u00f3j. Stolca od dw\u00f3ch dni nie by\u0142o. Lekarstwo to\u017c samo, \u0142y\u017ck\u0119 oleju rycynowego. W nocy z dnia 8 na 9 oko\u0142o godziny 2 chory, zupe\u0142nie przytomny, sta\u0142 si\u0119 wi\u0119cej niespokojnem i \u017cycie zako\u0144czy\u0142.<\/em><br \/>\n<em> W NR. 6 Gazety Lekarskiej T. XI, Dr Gro\u00ebr opisa\u0142 wypadek przyj\u0119ty za ostr\u0105 chorob\u0119 plamist\u0105 Werlhofa ze wzmiank\u0105: \u201ez pewno\u015bci\u0105 twierdzi\u0107 niepodobna czy choroba opisana nie ma jakiej analogii z osp\u0105 z\u0142o\u015bliw\u0105 w Berlinie grasuj\u0105c\u0105\u201d, sk\u0105d przyby\u0142 do Warszawy uleg\u0142y wypadkowi.<\/em><br \/>\n<em> Drugi wypadek, opisany w Nrze 13 Gazety Lek. T.XI, przez Dra Kosztulskiego, ma wiele podobie\u0144stwa w objawach z wypadkiem opisanym przez Dra Gro\u00ebra; rozpoznanie r\u00f3wnie\u017c nie jest stanowczo podane.<\/em><br \/>\n<em> Trzeci wypadek niniejszy przezemnie obserwowany, r\u00f3wnie\u017c podobny w objawach dwom powy\u017cej zacytowanym, zdaje si\u0119 rozja\u015bnia\u0107 natur\u0119 choroby.<\/em><br \/>\n<em> W ka\u017cdym z trzech tych wypadk\u00f3w, jednym z najbardziej uderzaj\u0105cych objaw\u00f3w, jest wyst\u0105pienie plam na ciele. Umiejscowienie tylko plam tych w wypadku przezemnie obserwowanym, by\u0142o wi\u0119cej zbli\u017cone z wypadkiem opisanym przez Dra G. Zauwa\u017c\u0105ne przezemnie przy pierwszej obserwacji chorego punkta czerwone na plecach, spostrze\u017cone r\u00f3wnie\u017c by\u0142y u chorej Dra K. W wypadku moim punkta te nie znik\u0142y p\u00f3\u017aniej, jak to mia\u0142o miejsce w wypadku Dra K., ale przeciwnie przy drugiej obserwacji spostrzeg\u0142em nowe, w okolicy k\u0105t\u00f3w szcz\u0119ki dolnej, a na poprzednio widzianych wyra\u017anie dostrzeg\u0142em po\u015brodkowe zag\u0142\u0119bienie (umbo). Dr G. u swego chorego nie zauwa\u017cy\u0142 krost, ale w trzecim dniu obserwacji spostrzeg\u0142, \u017ce niekt\u00f3re z plam szczeg\u00f3lniej na udach i brzuchu pokryte by\u0142y drobnemi p\u0119cherzykami, z kt\u00f3rych jedne po naci\u015bni\u0119ciu palcem wydawa\u0142y p\u0142yn lepki zakrwawiony, inne powi\u0119kszaj\u0105c si\u0119 przybiera\u0142y posta\u0107 pryszczy (pustulae) otwiera\u0142y si\u0119 dobrowolnie i p\u0142yn g\u0119sty, ropiasty, cuchn\u0105cy wys\u0105cza\u0142y.<\/em><br \/>\n<em> We wszystkich trzech wypadkach \u017c\u0105dnych g\u0142\u0119bszych zmian patologicznych w innych organach zauwa\u017cy\u0107 nie mo\u017cna by\u0142o.<\/em><br \/>\n<em> Stopie\u0144 gor\u0105czki umiarkowany, puls ma\u0142o przyspieszony. Przytomno\u015b\u0107 umys\u0142u chorych jednakowa, chory tylko Dra G. w por\u00f3wnaniu z dwoma drugiemi wi\u0119cej bredzi\u0142. Ka\u017cdy z obserwowanych przez nas chorych przebywa\u0142 w miejscowo\u015bci, gdzie by\u0142a epidemia ospy. Nakoniec wszystkie w kr\u00f3tkim przeci\u0105gu czasu zako\u0144czy\u0142y si\u0119 \u015bmierci\u0105.<\/em><br \/>\n<em> S\u0105dz\u0119 wi\u0119c, \u017ce we wszystkich trzech wypadkach mieli\u015bmy do czynienia z chorob\u0105 jednej natury \u2013 i je\u017celi zgodzimy si\u0119, \u017ce krosty zauwa\u017cane przezemnie na plecach chorego, by\u0142y krostami ospowemi , to i chorob\u0119 przyj\u0105\u0107 wypadnie za osp\u0119 ze zboczeniem w wyst\u0105pieniu w\u0142a\u015bciwej wysypki, za form\u0119, kt\u00f3rej autorowie nadaj\u0105 nazw\u0119 purpura febrilis.<\/em><\/p>\n","protected":false},"excerpt":{"rendered":"<p>Prapradziadek Bronis\u0142aw Ruszczykowski, o kt\u00f3rym ju\u017c tu troch\u0119 wspomina\u0142am, by\u0142 lekarzem. Zosta\u0142o po nim troch\u0119 zdj\u0119\u0107, wspomnie\u0144 w pami\u0119tnikach rodzinnych i&#8230; praca paranaukowa. Oto kiedy\u015b dzi\u0119ki pracownikom G\u0142\u00f3wnej Biblioteki Lekarskiej znalaz\u0142am jego biografi\u0119 w &#8222;S\u0142owniku Lekarz\u00f3w&#8221; oraz prac\u0119 opublikowan\u0105 w &#8222;Gazecie lekarskiej&#8221;. S\u0141OWNIK LEKARZ\u00d3W POLSKICH OBEJMUJ\u0104CY opr\u00f3cz kr\u00f3tkich \u017cyciorys\u00f3w lekarzy polak\u00f3w oraz cudzoziemc\u00f3w w Polsce [&hellip;]<\/p>\n","protected":false},"author":1,"featured_media":0,"comment_status":"closed","ping_status":"closed","sticky":false,"template":"","format":"standard","meta":{"footnotes":""},"categories":[4],"tags":[40,304,93,303,305,306],"class_list":["post-1719","post","type-post","status-publish","format-standard","hentry","category-ruszczykowscy","tag-bronislaw-franciszek-ksawery-ruszczykowski","tag-lekarz","tag-ospa","tag-praca-naukowa","tag-staratow","tag-zarki"],"_links":{"self":[{"href":"http:\/\/piekarscy.com.pl\/index.php?rest_route=\/wp\/v2\/posts\/1719","targetHints":{"allow":["GET"]}}],"collection":[{"href":"http:\/\/piekarscy.com.pl\/index.php?rest_route=\/wp\/v2\/posts"}],"about":[{"href":"http:\/\/piekarscy.com.pl\/index.php?rest_route=\/wp\/v2\/types\/post"}],"author":[{"embeddable":true,"href":"http:\/\/piekarscy.com.pl\/index.php?rest_route=\/wp\/v2\/users\/1"}],"replies":[{"embeddable":true,"href":"http:\/\/piekarscy.com.pl\/index.php?rest_route=%2Fwp%2Fv2%2Fcomments&post=1719"}],"version-history":[{"count":11,"href":"http:\/\/piekarscy.com.pl\/index.php?rest_route=\/wp\/v2\/posts\/1719\/revisions"}],"predecessor-version":[{"id":13827,"href":"http:\/\/piekarscy.com.pl\/index.php?rest_route=\/wp\/v2\/posts\/1719\/revisions\/13827"}],"wp:attachment":[{"href":"http:\/\/piekarscy.com.pl\/index.php?rest_route=%2Fwp%2Fv2%2Fmedia&parent=1719"}],"wp:term":[{"taxonomy":"category","embeddable":true,"href":"http:\/\/piekarscy.com.pl\/index.php?rest_route=%2Fwp%2Fv2%2Fcategories&post=1719"},{"taxonomy":"post_tag","embeddable":true,"href":"http:\/\/piekarscy.com.pl\/index.php?rest_route=%2Fwp%2Fv2%2Ftags&post=1719"}],"curies":[{"name":"wp","href":"https:\/\/api.w.org\/{rel}","templated":true}]}}