{"id":180,"date":"2013-12-12T07:28:20","date_gmt":"2013-12-12T07:28:20","guid":{"rendered":"http:\/\/piekarscy.com.pl\/?p=180"},"modified":"2014-03-06T07:59:52","modified_gmt":"2014-03-06T07:59:52","slug":"chlopaki-ze-lwowa","status":"publish","type":"post","link":"http:\/\/piekarscy.com.pl\/?p=180","title":{"rendered":"Ch\u0142opaki ze &#8222;Lwowa&#8221;"},"content":{"rendered":"<p>Na Lwowie p\u0142ywali bracia mojego dziadka &#8211; Bronis\u0142awa Piekarskiego (1901-1960).\u00a0Byli to Zbyszek (1905-1924) i Czes\u0142aw (1902-1961). \u00a0Na zdj\u0119ciu &#8211; wszyscy trzej.<\/p>\n<p><a href=\"http:\/\/piekarscy.com.pl\/wp-content\/uploads\/2013\/12\/bracia-piekarscy.jpg\"><img loading=\"lazy\" decoding=\"async\" class=\"aligncenter size-medium wp-image-193\" alt=\"bracia-piekarscy\" src=\"http:\/\/piekarscy.com.pl\/wp-content\/uploads\/2013\/12\/bracia-piekarscy-194x300.jpg\" width=\"194\" height=\"300\" srcset=\"http:\/\/piekarscy.com.pl\/wp-content\/uploads\/2013\/12\/bracia-piekarscy-194x300.jpg 194w, http:\/\/piekarscy.com.pl\/wp-content\/uploads\/2013\/12\/bracia-piekarscy-664x1024.jpg 664w, http:\/\/piekarscy.com.pl\/wp-content\/uploads\/2013\/12\/bracia-piekarscy-624x962.jpg 624w, http:\/\/piekarscy.com.pl\/wp-content\/uploads\/2013\/12\/bracia-piekarscy.jpg 1183w\" sizes=\"auto, (max-width: 194px) 100vw, 194px\" \/><\/a><\/p>\n<p><a href=\"http:\/\/piekarscy.com.pl\/wp-content\/uploads\/2013\/12\/lwow.jpg\"><img loading=\"lazy\" decoding=\"async\" class=\"aligncenter size-medium wp-image-188\" alt=\"lwow\" src=\"http:\/\/piekarscy.com.pl\/wp-content\/uploads\/2013\/12\/lwow-300x226.jpg\" width=\"300\" height=\"226\" srcset=\"http:\/\/piekarscy.com.pl\/wp-content\/uploads\/2013\/12\/lwow-300x226.jpg 300w, http:\/\/piekarscy.com.pl\/wp-content\/uploads\/2013\/12\/lwow-1024x771.jpg 1024w, http:\/\/piekarscy.com.pl\/wp-content\/uploads\/2013\/12\/lwow-624x470.jpg 624w, http:\/\/piekarscy.com.pl\/wp-content\/uploads\/2013\/12\/lwow.jpg 1266w\" sizes=\"auto, (max-width: 300px) 100vw, 300px\" \/><\/a><\/p>\n<p><span style=\"line-height: 1.714285714; font-size: 1rem;\">Po Zbyszku zachowa\u0142o si\u0119 prawie 70 list\u00f3w z e Szko\u0142y morskiej w Tczewie, kt\u00f3re w swoim czasie zosta\u0142y przeze mnie opublikowane w ksi\u0105\u017cce &#8222;Dziewi\u0119tnastoletni marynarz&#8221;<\/span><\/p>\n<p style=\"text-align: left;\"><a href=\"http:\/\/piekarscy.com.pl\/wp-content\/uploads\/2013\/12\/zbyszek.jpg\"><img loading=\"lazy\" decoding=\"async\" class=\"aligncenter\" alt=\"zbyszek\" src=\"http:\/\/piekarscy.com.pl\/wp-content\/uploads\/2013\/12\/zbyszek-216x300.jpg\" width=\"216\" height=\"300\" \/><\/a><\/p>\n<p style=\"text-align: left;\">Zbyszek zmar\u0142 w Szkole morskiej \u015bmierci\u0105 samob\u00f3jcz\u0105. Te historie opisa\u0142am we wspomnianej ksi\u0105\u017cce. \u00a0<a href=\"http:\/\/piekarscy.com.pl\/wp-content\/uploads\/2013\/12\/telegram.jpg\"><img loading=\"lazy\" decoding=\"async\" class=\"aligncenter size-medium wp-image-189\" alt=\"telegram\" src=\"http:\/\/piekarscy.com.pl\/wp-content\/uploads\/2013\/12\/telegram-300x239.jpg\" width=\"300\" height=\"239\" srcset=\"http:\/\/piekarscy.com.pl\/wp-content\/uploads\/2013\/12\/telegram-300x239.jpg 300w, http:\/\/piekarscy.com.pl\/wp-content\/uploads\/2013\/12\/telegram-1024x815.jpg 1024w, http:\/\/piekarscy.com.pl\/wp-content\/uploads\/2013\/12\/telegram-624x497.jpg 624w\" sizes=\"auto, (max-width: 300px) 100vw, 300px\" \/><\/a><a href=\"http:\/\/piekarscy.com.pl\/wp-content\/uploads\/2013\/12\/zbyszek-na-katafalku.jpg\"><img loading=\"lazy\" decoding=\"async\" class=\"aligncenter size-medium wp-image-191\" alt=\"zbyszek-na-katafalku\" src=\"http:\/\/piekarscy.com.pl\/wp-content\/uploads\/2013\/12\/zbyszek-na-katafalku-300x193.jpg\" width=\"300\" height=\"193\" srcset=\"http:\/\/piekarscy.com.pl\/wp-content\/uploads\/2013\/12\/zbyszek-na-katafalku-300x193.jpg 300w, http:\/\/piekarscy.com.pl\/wp-content\/uploads\/2013\/12\/zbyszek-na-katafalku-1024x661.jpg 1024w, http:\/\/piekarscy.com.pl\/wp-content\/uploads\/2013\/12\/zbyszek-na-katafalku-624x403.jpg 624w, http:\/\/piekarscy.com.pl\/wp-content\/uploads\/2013\/12\/zbyszek-na-katafalku.jpg 1513w\" sizes=\"auto, (max-width: 300px) 100vw, 300px\" \/><\/a><\/p>\n<p style=\"text-align: left;\">To zdj\u0119cie symbol tamtej epoki. Dzi\u015b nie fotografuje si\u0119 zmar\u0142ych po \u015bmierci. Kiedy\u015b to robiono. Dzi\u015b wi\u0119kszo\u015b\u0107 ludzi powyrzuca\u0142a takie fotografie, jako te &#8222;nieestetyczne&#8221;. Ja trzymam, bo taka jest ta historia.<\/p>\n<p style=\"text-align: left;\"><a href=\"http:\/\/piekarscy.com.pl\/wp-content\/uploads\/2013\/12\/okladka.jpg\"><img loading=\"lazy\" decoding=\"async\" class=\"aligncenter size-medium wp-image-192\" alt=\"okladka\" src=\"http:\/\/piekarscy.com.pl\/wp-content\/uploads\/2013\/12\/okladka-213x300.jpg\" width=\"213\" height=\"300\" srcset=\"http:\/\/piekarscy.com.pl\/wp-content\/uploads\/2013\/12\/okladka-213x300.jpg 213w, http:\/\/piekarscy.com.pl\/wp-content\/uploads\/2013\/12\/okladka-728x1024.jpg 728w, http:\/\/piekarscy.com.pl\/wp-content\/uploads\/2013\/12\/okladka-624x877.jpg 624w, http:\/\/piekarscy.com.pl\/wp-content\/uploads\/2013\/12\/okladka.jpg 1742w\" sizes=\"auto, (max-width: 213px) 100vw, 213px\" \/><\/a><\/p>\n<p>Kto\u015b spyta: &#8222;A co z Czes\u0142awem?&#8221; Zmar\u0142 w 1961 roku. Kim by\u0142? To powie nekrolog&#8230;\u00a0<a href=\"http:\/\/piekarscy.com.pl\/wp-content\/uploads\/2013\/12\/nekrolog-czeslawa.jpg\"><img loading=\"lazy\" decoding=\"async\" class=\"aligncenter\" alt=\"nekrolog-czeslawa\" src=\"http:\/\/piekarscy.com.pl\/wp-content\/uploads\/2013\/12\/nekrolog-czeslawa-300x132.jpg\" width=\"300\" height=\"132\" \/><\/a><\/p>\n","protected":false},"excerpt":{"rendered":"<p>Na Lwowie p\u0142ywali bracia mojego dziadka &#8211; Bronis\u0142awa Piekarskiego (1901-1960).\u00a0Byli to Zbyszek (1905-1924) i Czes\u0142aw (1902-1961). \u00a0Na zdj\u0119ciu &#8211; wszyscy trzej. Po Zbyszku zachowa\u0142o si\u0119 prawie 70 list\u00f3w z e Szko\u0142y morskiej w Tczewie, kt\u00f3re w swoim czasie zosta\u0142y przeze mnie opublikowane w ksi\u0105\u017cce &#8222;Dziewi\u0119tnastoletni marynarz&#8221; Zbyszek zmar\u0142 w Szkole morskiej \u015bmierci\u0105 samob\u00f3jcz\u0105. Te historie [&hellip;]<\/p>\n","protected":false},"author":1,"featured_media":0,"comment_status":"closed","ping_status":"open","sticky":false,"template":"","format":"standard","meta":{"footnotes":""},"categories":[3],"tags":[87,84,88,85,277,89,50,103,90,91,278,86],"class_list":["post-180","post","type-post","status-publish","format-standard","hentry","category-piekarscy","tag-bronislaw-michal-piekarski","tag-bronislaw-piekarski","tag-czeslaw-aleksander-piekarski","tag-czeslaw-piekarski","tag-klepsydra","tag-nekrolog","tag-pamiatka","tag-pocztowka","tag-statek-szkolny-lwow","tag-szkola-morska-w-tczewie","tag-telegram","tag-zbigniew-piekarski"],"_links":{"self":[{"href":"http:\/\/piekarscy.com.pl\/index.php?rest_route=\/wp\/v2\/posts\/180","targetHints":{"allow":["GET"]}}],"collection":[{"href":"http:\/\/piekarscy.com.pl\/index.php?rest_route=\/wp\/v2\/posts"}],"about":[{"href":"http:\/\/piekarscy.com.pl\/index.php?rest_route=\/wp\/v2\/types\/post"}],"author":[{"embeddable":true,"href":"http:\/\/piekarscy.com.pl\/index.php?rest_route=\/wp\/v2\/users\/1"}],"replies":[{"embeddable":true,"href":"http:\/\/piekarscy.com.pl\/index.php?rest_route=%2Fwp%2Fv2%2Fcomments&post=180"}],"version-history":[{"count":3,"href":"http:\/\/piekarscy.com.pl\/index.php?rest_route=\/wp\/v2\/posts\/180\/revisions"}],"predecessor-version":[{"id":2093,"href":"http:\/\/piekarscy.com.pl\/index.php?rest_route=\/wp\/v2\/posts\/180\/revisions\/2093"}],"wp:attachment":[{"href":"http:\/\/piekarscy.com.pl\/index.php?rest_route=%2Fwp%2Fv2%2Fmedia&parent=180"}],"wp:term":[{"taxonomy":"category","embeddable":true,"href":"http:\/\/piekarscy.com.pl\/index.php?rest_route=%2Fwp%2Fv2%2Fcategories&post=180"},{"taxonomy":"post_tag","embeddable":true,"href":"http:\/\/piekarscy.com.pl\/index.php?rest_route=%2Fwp%2Fv2%2Ftags&post=180"}],"curies":[{"name":"wp","href":"https:\/\/api.w.org\/{rel}","templated":true}]}}