{"id":203,"date":"2013-12-14T11:57:27","date_gmt":"2013-12-14T11:57:27","guid":{"rendered":"http:\/\/piekarscy.com.pl\/?p=203"},"modified":"2013-12-14T12:00:47","modified_gmt":"2013-12-14T12:00:47","slug":"wiecej-tresci-w-zwyklym-akcie-urodzenia","status":"publish","type":"post","link":"http:\/\/piekarscy.com.pl\/?p=203","title":{"rendered":"Wi\u0119cej tre\u015bci w zwyk\u0142ym akcie urodzenia"},"content":{"rendered":"<p><span style=\"line-height: 1.714285714; font-size: 1rem;\">Co wiem o swoim prapradziadku Bronis\u0142awie Franciszku Ksawerym Ruszczykowskim? Wbrew pozorom do\u015b\u0107 sporo. W doros\u0142ym \u017cyciu by\u0142 lekarzem (o czym ju\u017c wspomina\u0142am), ale gdzie, kiedy przyszed\u0142 na \u015bwiat? To wiem dok\u0142adnie, bo zachowa\u0142 si\u0119 jego akt urodzenia. Ilu\u017c rzeczy mo\u017cna si\u0119 z niego dowiedzie\u0107? Przede wszystkim tego, \u017ce na \u015bwiat przyszed\u0142 w Pu\u0142tusku i by\u0142 z rodziny katolickiej. A poza tym&#8230; oddam g\u0142os samemu dokumentowi:\u00a0<\/span><\/p>\n<p><a href=\"http:\/\/piekarscy.com.pl\/wp-content\/uploads\/2013\/12\/skanuj0017.jpg\"><img loading=\"lazy\" decoding=\"async\" class=\"aligncenter size-medium wp-image-184\" alt=\"skanuj0017\" src=\"http:\/\/piekarscy.com.pl\/wp-content\/uploads\/2013\/12\/skanuj0017-203x300.jpg\" width=\"203\" height=\"300\" srcset=\"http:\/\/piekarscy.com.pl\/wp-content\/uploads\/2013\/12\/skanuj0017-203x300.jpg 203w, http:\/\/piekarscy.com.pl\/wp-content\/uploads\/2013\/12\/skanuj0017-696x1024.jpg 696w, http:\/\/piekarscy.com.pl\/wp-content\/uploads\/2013\/12\/skanuj0017.jpg 1561w\" sizes=\"auto, (max-width: 203px) 100vw, 203px\" \/><\/a><\/p>\n<p style=\"text-align: left;\"><em>Dzia\u0142o si\u0119 w mie\u015bcie Pu\u0142tusku dnia \/ dwudziestego drugiego listopada \/ czwartego grudnia \/ tysi\u0105c \u00f3smset czterdziestego roku o godzinie \u00f3smej z rana stawi\u0142 si\u0119 Julian Ruszczykowski kupiec handlu winnego i korzennego lat dwadzie\u015bcia siedm licz\u0105cy w Pu\u0142tusku zamieszka\u0142y w przytomno\u015bci Wielmo\u017cnych ksi\u0119dza Norberta Stasiborskiego lat trzydzie\u015bci siedm i Ksi\u0119dza Franciszka Grabowskiego lat dwadzie\u015bcia dziewi\u0119\u0107 licz\u0105cych obydw\u00f3ch professor\u00f3w Seminarium Pu\u0142tuskiego w Pu\u0142tusku zamieszka\u0142ych i okaza\u0142 nam dzieci\u0119 p\u0142ci m\u0119zkiej urodzone w Pu\u0142tusku dnia trzynastego\/dwudziestego pi\u0105tego lipca roku bie\u017c\u0105cego o godzinie trzeciej rano z jego Ma\u0142\u017conki Moniki z Bellon\u00f3w lat dwadzie\u015bcia dwa licz\u0105cej. Dzieci\u0119ciu temu na Chrzcie \u015bwi\u0119tym w dniu (trzynastym) dwudziestym pi\u0105tym sierpnia Roku bie\u017c\u0105cego odbytym nadane zosta\u0142y Imiona Bronis\u0142aw Franciszek Xawery, a rodzicami jego Chrzestnymi byli: wspomniany Xi\u0105dz Franciszek Grabowski i Maryanna Zdziennicka. Akt ten stawaj\u0105cym i \u015bwiadkom odczytany i przez Nas wraz z Nimi podpisany zosta\u0142.\u00a0<\/em><\/p>\n<p style=\"text-align: left;\">Gdy por\u00f3wnamy ten akt z dzisiejszym aktem urodzenia, czy nie mo\u017cemy wyci\u0105gn\u0105\u0107 wniosk\u00f3w, ze wiadomo\u015bci w nim jest naprawd\u0119 sporo? Znamy zaw\u00f3d ojca, a nawet rodzic\u00f3w chrzestnych. Po ich imionach mo\u017cemy wnioskowa\u0107, czemu niemowl\u0119ciu na drugie nadano Franciszek. Zapewne po ksi\u0119dzu, kt\u00f3ry trzyma\u0142 go do chrztu.<\/p>\n","protected":false},"excerpt":{"rendered":"<p>Co wiem o swoim prapradziadku Bronis\u0142awie Franciszku Ksawerym Ruszczykowskim? Wbrew pozorom do\u015b\u0107 sporo. W doros\u0142ym \u017cyciu by\u0142 lekarzem (o czym ju\u017c wspomina\u0142am), ale gdzie, kiedy przyszed\u0142 na \u015bwiat? To wiem dok\u0142adnie, bo zachowa\u0142 si\u0119 jego akt urodzenia. Ilu\u017c rzeczy mo\u017cna si\u0119 z niego dowiedzie\u0107? Przede wszystkim tego, \u017ce na \u015bwiat przyszed\u0142 w Pu\u0142tusku i by\u0142 [&hellip;]<\/p>\n","protected":false},"author":1,"featured_media":0,"comment_status":"closed","ping_status":"open","sticky":false,"template":"","format":"standard","meta":{"footnotes":""},"categories":[94,4],"tags":[96,40,41,95,97],"class_list":["post-203","post","type-post","status-publish","format-standard","hentry","category-bellon","category-ruszczykowscy","tag-akt-urodzenia","tag-bronislaw-franciszek-ksawery-ruszczykowski","tag-bronislaw-ruszczykowski","tag-monika-bellon","tag-pultusk"],"_links":{"self":[{"href":"http:\/\/piekarscy.com.pl\/index.php?rest_route=\/wp\/v2\/posts\/203","targetHints":{"allow":["GET"]}}],"collection":[{"href":"http:\/\/piekarscy.com.pl\/index.php?rest_route=\/wp\/v2\/posts"}],"about":[{"href":"http:\/\/piekarscy.com.pl\/index.php?rest_route=\/wp\/v2\/types\/post"}],"author":[{"embeddable":true,"href":"http:\/\/piekarscy.com.pl\/index.php?rest_route=\/wp\/v2\/users\/1"}],"replies":[{"embeddable":true,"href":"http:\/\/piekarscy.com.pl\/index.php?rest_route=%2Fwp%2Fv2%2Fcomments&post=203"}],"version-history":[{"count":5,"href":"http:\/\/piekarscy.com.pl\/index.php?rest_route=\/wp\/v2\/posts\/203\/revisions"}],"predecessor-version":[{"id":208,"href":"http:\/\/piekarscy.com.pl\/index.php?rest_route=\/wp\/v2\/posts\/203\/revisions\/208"}],"wp:attachment":[{"href":"http:\/\/piekarscy.com.pl\/index.php?rest_route=%2Fwp%2Fv2%2Fmedia&parent=203"}],"wp:term":[{"taxonomy":"category","embeddable":true,"href":"http:\/\/piekarscy.com.pl\/index.php?rest_route=%2Fwp%2Fv2%2Fcategories&post=203"},{"taxonomy":"post_tag","embeddable":true,"href":"http:\/\/piekarscy.com.pl\/index.php?rest_route=%2Fwp%2Fv2%2Ftags&post=203"}],"curies":[{"name":"wp","href":"https:\/\/api.w.org\/{rel}","templated":true}]}}