{"id":2167,"date":"2014-04-08T00:59:21","date_gmt":"2014-04-08T00:59:21","guid":{"rendered":"http:\/\/piekarscy.com.pl\/?p=2167"},"modified":"2016-09-04T18:43:09","modified_gmt":"2016-09-04T18:43:09","slug":"pamietnik-jadwigi-gorczyckiej-cz-9","status":"publish","type":"post","link":"http:\/\/piekarscy.com.pl\/?p=2167","title":{"rendered":"Pami\u0119tnik Jadwigi Gorczyckiej cz. 9"},"content":{"rendered":"<p>A teraz\u00a0zn\u00f3w dalszy ci\u0105g napisanego\u00a0w okresie dwudziestolecia pami\u0119tnika Jadwigi z Gorczyckich\u00a0Tyblewskiej. Przypisy robili kolejno: Eugeniusz Tyblewski, Stefania z Ruszczykowskich Krosnowska i na ko\u0144cu ja.<\/p>\n<div id=\"attachment_1381\" style=\"width: 185px\" class=\"wp-caption aligncenter\"><a href=\"http:\/\/piekarscy.com.pl\/wp-content\/uploads\/2014\/02\/jadwiga-z-gorczyckich-tyblewska.jpg\"><img loading=\"lazy\" decoding=\"async\" aria-describedby=\"caption-attachment-1381\" class=\"size-medium wp-image-1381\" alt=\"jadwiga z gorczyckich tyblewska\" src=\"http:\/\/piekarscy.com.pl\/wp-content\/uploads\/2014\/02\/jadwiga-z-gorczyckich-tyblewska-175x300.jpg\" width=\"175\" height=\"300\" srcset=\"http:\/\/piekarscy.com.pl\/wp-content\/uploads\/2014\/02\/jadwiga-z-gorczyckich-tyblewska-175x300.jpg 175w, http:\/\/piekarscy.com.pl\/wp-content\/uploads\/2014\/02\/jadwiga-z-gorczyckich-tyblewska-598x1024.jpg 598w, http:\/\/piekarscy.com.pl\/wp-content\/uploads\/2014\/02\/jadwiga-z-gorczyckich-tyblewska-624x1068.jpg 624w\" sizes=\"auto, (max-width: 175px) 100vw, 175px\" \/><\/a><p id=\"caption-attachment-1381\" class=\"wp-caption-text\">Jadwiga z Gorczyckich Tyblewska<\/p><\/div>\n<div><span style=\"line-height: 1.714285714; font-size: 1rem;\">Wrac<\/span><em style=\"line-height: 1.714285714; font-size: 1rem;\">am zn\u00f3w w dalszym ci\u0105gu do opisu mych braci, a mianowicie Cypriana, czwartego z rz\u0119du.\u00a0 Cyprian sko\u0144czy\u0142 technik\u0119 w Krakowie. Do wojska rosyjskiego tak samo si\u0119 nie stawi\u0142, jak Broni\u015b i dla tej samej przyczyny nie m\u00f3g\u0142 powr\u00f3ci\u0107 do Kr\u00f3lestwa, a tak bardzo za rodzina t\u0119skni\u0142. Trudno mu by\u0142o o posad\u0119 za powodu, \u017ce nie by\u0142 naturalizowany w Austrii. M\u0119czy\u0142 si\u0119 czas jaki\u015b w fabryce albuminu<a title=\"\" href=\"file:\/\/\/D:\/MKP\/genealogia\/Pami%C4%99tnik%20Jadwigi%20z%20Gorczyckich%20Tyblewskiej.doc#_ftn1\">[1]<\/a>, dopiero p\u00f3\u017aniej dosta\u0142 prace we Lwowie w biurze fundacji hr. Skarbka. Po otrzymaniu posady o\u017ceni\u0142 si\u0119 z Cecyli\u0105 Zalesk\u0105, dosta\u0142 zacn\u0105 \u017con\u0119 i byli ze sob\u0105 szcz\u0119\u015bliwi, posagu nie uzyska\u0142, tylko serce. Nied\u0142ugo jednak \u017cyli z sob\u0105. Dosta\u0142 ob\u0142\u0119du wskutek przebytej, a niewyleczonej choroby, jeszcze w technice krakowskiej by\u0142 chory. Ob\u0142\u0119d mia\u0142 furioso i cierpia\u0142 na straszne b\u00f3le g\u0142owy, od kt\u00f3rych wpada\u0142 w furi\u0119. Z b\u00f3lu wyrywa\u0142 w\u0105sy i w\u0142osy na g\u0142owie. Umar\u0142 biedak w zak\u0142adzie ob\u0142\u0105kanych w Galicji. Przed \u015bmierci\u0105 w towarzyszach niedoli upatrywa\u0142 podobie\u0144stwa do swoich najbli\u017cszych i z uciech\u0105 opowiada\u0142 siostrze Maryli Skrzyneckiej, jak go odwiedza\u0142a, \u017ce to nie jest sam, bo tu s\u0105 jego krewni i rodzice. \u017bona wysz\u0142a drugi raz za m\u0105\u017c i mieszka w Gnie\u017anie. Dzieci z Cyprianem nie mia\u0142a.<\/em><\/div>\n<p><em>Pi\u0105ty m\u00f3j brat Konstanty by\u0142 \u2013 prawie moim r\u00f3wie\u015bnikiem. Rodzice nasi du\u017co razy si\u0119 przeprowadzali, a w okresie jego nauki pocz\u0105tkowej najwi\u0119cej; by\u0142 ci\u0105gle przerzucany z jednej szko\u0142y do drugiej, przygotowywany czas jaki\u015b po niemiecku, bo mia\u0142 by\u0107 oddany do Berlina czy Gniezna, nie mog\u0119 sobie przypomnie\u0107 gdzie, to by\u0142o na kszta\u0142cenie du\u017ce stypendium rodziny polskiej. By\u0142 jednak warunek, \u017ce stypendysta musia\u0142 by\u0107 kalwinem. Moja matka my\u015bla\u0142a, ze tym sposobem jeden z jej syn\u00f3w b\u0119dzie w tej wierze wychowany, ale Kostu\u015b zgodzi\u0107 si\u0119 nie chcia\u0142 na kalwinizm. Zosta\u0142 przygotowany do szk\u00f3\u0142 rosyjskich, ale trafi\u0142 ojciec nasz na guwernera nieodpowiedniego. \u0179le go przygotowa\u0142, ch\u0142opcu trudno by\u0142o, straci\u0142 ch\u0119\u0107 do nauki i nie odebra\u0142 przez to wykszta\u0142cenia. Kocha\u0142am bardzo tego brata od najm\u0142odszych lat i on mnie r\u00f3wnie\u017c. Nie \u017cy\u0142 ju\u017c Ojciec nasz, jak dorasta\u0142 kostu\u015b. Czas jaki\u015b gospodarstwo prowadzi\u0142 w \u017bd\u017cenicach, ale jak m\u0142ody i niedo\u015bwiadczony. Potem, maj\u0105c lat najwy\u017cej 24, wyjecha\u0142 do Rosji. Tam mia\u0142 biuro ubezpiecze\u0144. Zawsze obiecywa\u0142 mi, \u017ce przyjedzie na ka\u017cde \u015bwi\u0119ta. Oczekiwa\u0142am go z ut\u0119sknieniem, ale nie przyjecha\u0142. By\u0142 ca\u0142e lata chory, \u0142udzi\u0142 si\u0119, ze mu si\u0119 polepszy i b\u0119dzie m\u00f3g\u0142 odby\u0107 drog\u0119 do polski, ale by\u0142o mu coraz gorzej i zmar\u0142 na po\u0142udniu Rosji w Jekatrynodarze<a title=\"\" href=\"file:\/\/\/D:\/MKP\/genealogia\/Pami%C4%99tnik%20Jadwigi%20z%20Gorczyckich%20Tyblewskiej.doc#_ftn2\">[2]<\/a> i tam pochowany. Kostu\u015b si\u0119 nie o\u017ceni\u0142. Umar\u0142 na serce i d\u0142ugo chorowa\u0142. Mia\u0142 wielki brak tchu<a title=\"\" href=\"file:\/\/\/D:\/MKP\/genealogia\/Pami%C4%99tnik%20Jadwigi%20z%20Gorczyckich%20Tyblewskiej.doc#_ftn3\">[3]<\/a>. Puch\u0142y mu nogi na jaki rok przed \u015bmierci\u0105, kt\u00f3ra nast\u0105pi\u0142a 30 maja 1905 r. (Syn m\u00f3j najstarszy Igna\u015b przypomina mi bardzo Kostusia, tez taki wysoki blondyn, tylko Igna\u015b jest mniej barczysty.) Serce mia\u0142 z\u0142ote, ale natur\u0119 nami\u0119tn\u0105 i brak wytrzyma\u0142o\u015bci, to jest ma\u0142o silnej woli. To mu \u017cycie z\u0142ama\u0142o i okoliczno\u015bci, w jakich si\u0119 znajdowa\u0142. M\u0142ody by\u0142 bardzo na praktyce u szwagra ciotecznej siostry i ten odebra\u0142 mu wiar\u0119, przy tym z\u0142ym przyk\u0142adem wp\u0142ywa\u0142 ujemnie na niego. Kostu\u015b przy swojej prawo\u015bci wrodzonej, gdyby materialnie by\u0142 dobrze po\u0142o\u017conym, m\u00f3g\u0142by si\u0119 o\u017ceni\u0107 m\u0142odo, to \u017cycie jego inaczej by\u0142oby si\u0119 u\u0142o\u017cy\u0142o, a tak straci\u0142 zdrowie i \u017cycie w 43 roku.<\/em><\/p>\n<div>\n<hr align=\"left\" size=\"1\" width=\"33%\" \/>\n<div>\n<p><em><a title=\"\" href=\"file:\/\/\/D:\/MKP\/genealogia\/Pami%C4%99tnik%20Jadwigi%20z%20Gorczyckich%20Tyblewskiej.doc#_ftnref1\">[1]<\/a>\u00a0\u00a0\u00a0\u00a0\u00a0\u00a0\u00a0\u00a0\u00a0\u00a0\u00a0\u00a0\u00a0 Prawdopodobnie chodzi o fabryk\u0119 aluminium. Albuminy to bia\u0142ka. Nie znalaz\u0142am informacji, ze w tamtych czasach istnia\u0142o cos takiego, jak fabryka bia\u0142ka \u2013 przyp. MKP.<\/em><\/p>\n<\/div>\n<div>\n<p><em><a title=\"\" href=\"file:\/\/\/D:\/MKP\/genealogia\/Pami%C4%99tnik%20Jadwigi%20z%20Gorczyckich%20Tyblewskiej.doc#_ftnref2\">[2]<\/a>\u00a0\u00a0\u00a0\u00a0\u00a0\u00a0\u00a0\u00a0\u00a0\u00a0\u00a0\u00a0\u00a0 Jekaterynodar \u2013 dzi\u015b Krasnodar \u2013 przyp. MKP<\/em><\/p>\n<\/div>\n<div>\n<p><em><a title=\"\" href=\"file:\/\/\/D:\/MKP\/genealogia\/Pami%C4%99tnik%20Jadwigi%20z%20Gorczyckich%20Tyblewskiej.doc#_ftnref3\">[3]<\/a>\u00a0\u00a0\u00a0\u00a0\u00a0\u00a0\u00a0\u00a0\u00a0\u00a0\u00a0\u00a0\u00a0 Potomkowie Gorczyckich winni zwraca\u0107 specjalna uwag\u0119 na pierwsze objawy tej choroby i odpowiednio si\u0119 zachowywa\u0107. Zdaje mi si\u0119, \u017ce ta choroba ma cechy dziedziczno\u015bci. Konstanty Gorczycki w\u0142a\u015bciwie nic takiego nie robi\u0142, co uzasadnia\u0142oby wyst\u0119powanie astmy u niego. By\u0107 mo\u017ce chorob\u0119 t\u0119 odziedziczy\u0142. Podobne trudno\u015bci z astm\u0105 mia\u0142 Leon Tyblewski (syn Ignacego i Jadwigi z Gorczyckich), ja (Syn Ignacego Tyblewskiego i Eugenii z Gorczyckich) oraz Roman i Adam Tyblewscy \u2013 synowie Jerzego &#8211; przyp. E.T..\u00a0<\/em><\/p>\n<\/div>\n<\/div>\n","protected":false},"excerpt":{"rendered":"<p>A teraz\u00a0zn\u00f3w dalszy ci\u0105g napisanego\u00a0w okresie dwudziestolecia pami\u0119tnika Jadwigi z Gorczyckich\u00a0Tyblewskiej. Przypisy robili kolejno: Eugeniusz Tyblewski, Stefania z Ruszczykowskich Krosnowska i na ko\u0144cu ja. Wracam zn\u00f3w w dalszym ci\u0105gu do opisu mych braci, a mianowicie Cypriana, czwartego z rz\u0119du.\u00a0 Cyprian sko\u0144czy\u0142 technik\u0119 w Krakowie. Do wojska rosyjskiego tak samo si\u0119 nie stawi\u0142, jak Broni\u015b i [&hellip;]<\/p>\n","protected":false},"author":1,"featured_media":0,"comment_status":"closed","ping_status":"closed","sticky":false,"template":"","format":"standard","meta":{"footnotes":""},"categories":[6,234,60],"tags":[248,279,202,203,249,246,256,257,162,947,948,946,945,65,64,193],"class_list":["post-2167","post","type-post","status-publish","format-standard","hentry","category-gorczyccy","category-skawinscy","category-skrzyneccy","tag-cyprian-gorczycki","tag-eugeniusz-tyblewski","tag-jadwiga-tyblewska","tag-jadwiga-z-gorczyckich-tyblewska","tag-konstanty-gorczycki","tag-maria-gorczycka","tag-maria-skawinska","tag-maria-skrzynecka","tag-pamietnik","tag-pamietnik-jadwigi","tag-pamietnik-jadwigi-gorczyckiej","tag-pamietnik-jadwigi-tyblewskiej","tag-pamietnik-jadwigi-z-gorczyckich-tyblewskiej","tag-stefania-eligia-krosnowska","tag-stefania-eligia-ruszczykowska","tag-stefania-junosza-krosnowska"],"_links":{"self":[{"href":"http:\/\/piekarscy.com.pl\/index.php?rest_route=\/wp\/v2\/posts\/2167","targetHints":{"allow":["GET"]}}],"collection":[{"href":"http:\/\/piekarscy.com.pl\/index.php?rest_route=\/wp\/v2\/posts"}],"about":[{"href":"http:\/\/piekarscy.com.pl\/index.php?rest_route=\/wp\/v2\/types\/post"}],"author":[{"embeddable":true,"href":"http:\/\/piekarscy.com.pl\/index.php?rest_route=\/wp\/v2\/users\/1"}],"replies":[{"embeddable":true,"href":"http:\/\/piekarscy.com.pl\/index.php?rest_route=%2Fwp%2Fv2%2Fcomments&post=2167"}],"version-history":[{"count":4,"href":"http:\/\/piekarscy.com.pl\/index.php?rest_route=\/wp\/v2\/posts\/2167\/revisions"}],"predecessor-version":[{"id":2171,"href":"http:\/\/piekarscy.com.pl\/index.php?rest_route=\/wp\/v2\/posts\/2167\/revisions\/2171"}],"wp:attachment":[{"href":"http:\/\/piekarscy.com.pl\/index.php?rest_route=%2Fwp%2Fv2%2Fmedia&parent=2167"}],"wp:term":[{"taxonomy":"category","embeddable":true,"href":"http:\/\/piekarscy.com.pl\/index.php?rest_route=%2Fwp%2Fv2%2Fcategories&post=2167"},{"taxonomy":"post_tag","embeddable":true,"href":"http:\/\/piekarscy.com.pl\/index.php?rest_route=%2Fwp%2Fv2%2Ftags&post=2167"}],"curies":[{"name":"wp","href":"https:\/\/api.w.org\/{rel}","templated":true}]}}