{"id":217,"date":"2013-12-16T10:55:49","date_gmt":"2013-12-16T10:55:49","guid":{"rendered":"http:\/\/piekarscy.com.pl\/?p=217"},"modified":"2013-12-16T10:56:05","modified_gmt":"2013-12-16T10:56:05","slug":"pamiatka-po-nauczycielce","status":"publish","type":"post","link":"http:\/\/piekarscy.com.pl\/?p=217","title":{"rendered":"Pami\u0105tka po nauczycielce"},"content":{"rendered":"<p>Prababcia Zosia z Ruszczykowskich Piekarska by\u0142a bardzo wykszta\u0142cona. Poza j\u0119zykiem polskim zna\u0142a rosyjski, francuski i niemiecki. W\u015br\u00f3d r\u00f3\u017cnych pami\u0105tek zachowa\u0142o si\u0119 jedno zdj\u0119cie jej nauczycielki Lidii Glasep i fotografia-poczt\u00f3wka z kr\u00f3tkim, napisanym po niemiecku listem. W czasie okupacji niemieckiej znajomo\u015b\u0107 tego j\u0119zyka bardzo si\u0119 prababci przyda\u0142a.<\/p>\n<p><a href=\"http:\/\/piekarscy.com.pl\/wp-content\/uploads\/2013\/12\/alida-glasem-guwernantka-zofii-ruszczykowskiej-2.jpg\"><img loading=\"lazy\" decoding=\"async\" class=\"aligncenter size-medium wp-image-218\" alt=\"alida glasem guwernantka zofii ruszczykowskiej 2\" src=\"http:\/\/piekarscy.com.pl\/wp-content\/uploads\/2013\/12\/alida-glasem-guwernantka-zofii-ruszczykowskiej-2-195x300.jpg\" width=\"195\" height=\"300\" srcset=\"http:\/\/piekarscy.com.pl\/wp-content\/uploads\/2013\/12\/alida-glasem-guwernantka-zofii-ruszczykowskiej-2-195x300.jpg 195w, http:\/\/piekarscy.com.pl\/wp-content\/uploads\/2013\/12\/alida-glasem-guwernantka-zofii-ruszczykowskiej-2-667x1024.jpg 667w, http:\/\/piekarscy.com.pl\/wp-content\/uploads\/2013\/12\/alida-glasem-guwernantka-zofii-ruszczykowskiej-2-624x956.jpg 624w\" sizes=\"auto, (max-width: 195px) 100vw, 195px\" \/><\/a> <a href=\"http:\/\/piekarscy.com.pl\/wp-content\/uploads\/2013\/12\/alida-glasem-guwernantka-zofii-ruszczykowskiej-2b.jpg\"><img loading=\"lazy\" decoding=\"async\" class=\"aligncenter size-medium wp-image-219\" alt=\"alida glasem guwernantka zofii ruszczykowskiej 2b\" src=\"http:\/\/piekarscy.com.pl\/wp-content\/uploads\/2013\/12\/alida-glasem-guwernantka-zofii-ruszczykowskiej-2b-203x300.jpg\" width=\"203\" height=\"300\" srcset=\"http:\/\/piekarscy.com.pl\/wp-content\/uploads\/2013\/12\/alida-glasem-guwernantka-zofii-ruszczykowskiej-2b-203x300.jpg 203w, http:\/\/piekarscy.com.pl\/wp-content\/uploads\/2013\/12\/alida-glasem-guwernantka-zofii-ruszczykowskiej-2b-693x1024.jpg 693w, http:\/\/piekarscy.com.pl\/wp-content\/uploads\/2013\/12\/alida-glasem-guwernantka-zofii-ruszczykowskiej-2b-624x921.jpg 624w\" sizes=\"auto, (max-width: 203px) 100vw, 203px\" \/><\/a> <a href=\"http:\/\/piekarscy.com.pl\/wp-content\/uploads\/2013\/12\/alida-glasem-guwernantka-zofii-ruszczykowskiej.jpg\"><img loading=\"lazy\" decoding=\"async\" class=\"aligncenter size-medium wp-image-220\" alt=\"alida glasem guwernantka zofii ruszczykowskiej\" src=\"http:\/\/piekarscy.com.pl\/wp-content\/uploads\/2013\/12\/alida-glasem-guwernantka-zofii-ruszczykowskiej-183x300.jpg\" width=\"183\" height=\"300\" srcset=\"http:\/\/piekarscy.com.pl\/wp-content\/uploads\/2013\/12\/alida-glasem-guwernantka-zofii-ruszczykowskiej-183x300.jpg 183w, http:\/\/piekarscy.com.pl\/wp-content\/uploads\/2013\/12\/alida-glasem-guwernantka-zofii-ruszczykowskiej-626x1024.jpg 626w, http:\/\/piekarscy.com.pl\/wp-content\/uploads\/2013\/12\/alida-glasem-guwernantka-zofii-ruszczykowskiej-624x1019.jpg 624w\" sizes=\"auto, (max-width: 183px) 100vw, 183px\" \/><\/a><\/p>\n","protected":false},"excerpt":{"rendered":"<p>Prababcia Zosia z Ruszczykowskich Piekarska by\u0142a bardzo wykszta\u0142cona. Poza j\u0119zykiem polskim zna\u0142a rosyjski, francuski i niemiecki. W\u015br\u00f3d r\u00f3\u017cnych pami\u0105tek zachowa\u0142o si\u0119 jedno zdj\u0119cie jej nauczycielki Lidii Glasep i fotografia-poczt\u00f3wka z kr\u00f3tkim, napisanym po niemiecku listem. W czasie okupacji niemieckiej znajomo\u015b\u0107 tego j\u0119zyka bardzo si\u0119 prababci przyda\u0142a.<\/p>\n","protected":false},"author":1,"featured_media":0,"comment_status":"closed","ping_status":"open","sticky":false,"template":"","format":"standard","meta":{"footnotes":""},"categories":[3,4],"tags":[102,100,101,50,103,37,31,38],"class_list":["post-217","post","type-post","status-publish","format-standard","hentry","category-piekarscy","category-ruszczykowscy","tag-fotografia","tag-lidia-glasep","tag-nauczycielka","tag-pamiatka","tag-pocztowka","tag-zofia-konstancja-ruszczykowska","tag-zofia-konstancja-z-ruszczykowskich-piekarska","tag-zofia-piekarska"],"_links":{"self":[{"href":"http:\/\/piekarscy.com.pl\/index.php?rest_route=\/wp\/v2\/posts\/217","targetHints":{"allow":["GET"]}}],"collection":[{"href":"http:\/\/piekarscy.com.pl\/index.php?rest_route=\/wp\/v2\/posts"}],"about":[{"href":"http:\/\/piekarscy.com.pl\/index.php?rest_route=\/wp\/v2\/types\/post"}],"author":[{"embeddable":true,"href":"http:\/\/piekarscy.com.pl\/index.php?rest_route=\/wp\/v2\/users\/1"}],"replies":[{"embeddable":true,"href":"http:\/\/piekarscy.com.pl\/index.php?rest_route=%2Fwp%2Fv2%2Fcomments&post=217"}],"version-history":[{"count":2,"href":"http:\/\/piekarscy.com.pl\/index.php?rest_route=\/wp\/v2\/posts\/217\/revisions"}],"predecessor-version":[{"id":222,"href":"http:\/\/piekarscy.com.pl\/index.php?rest_route=\/wp\/v2\/posts\/217\/revisions\/222"}],"wp:attachment":[{"href":"http:\/\/piekarscy.com.pl\/index.php?rest_route=%2Fwp%2Fv2%2Fmedia&parent=217"}],"wp:term":[{"taxonomy":"category","embeddable":true,"href":"http:\/\/piekarscy.com.pl\/index.php?rest_route=%2Fwp%2Fv2%2Fcategories&post=217"},{"taxonomy":"post_tag","embeddable":true,"href":"http:\/\/piekarscy.com.pl\/index.php?rest_route=%2Fwp%2Fv2%2Ftags&post=217"}],"curies":[{"name":"wp","href":"https:\/\/api.w.org\/{rel}","templated":true}]}}