{"id":2210,"date":"2014-05-23T00:57:36","date_gmt":"2014-05-23T00:57:36","guid":{"rendered":"http:\/\/piekarscy.com.pl\/?p=2210"},"modified":"2016-09-04T18:42:02","modified_gmt":"2016-09-04T18:42:02","slug":"pamietnik-jadwigi-gorczyckiej-cz-20","status":"publish","type":"post","link":"http:\/\/piekarscy.com.pl\/?p=2210","title":{"rendered":"Pami\u0119tnik Jadwigi Gorczyckiej cz. 20"},"content":{"rendered":"<p>A teraz\u00a0zn\u00f3w dalszy ci\u0105g napisanego\u00a0w okresie dwudziestolecia pami\u0119tnika Jadwigi z Gorczyckich\u00a0Tyblewskiej. Przypisy robili kolejno: Eugeniusz Tyblewski, Stefania z Ruszczykowskich Krosnowska i na ko\u0144cu ja.<\/p>\n<div id=\"attachment_1381\" style=\"width: 185px\" class=\"wp-caption aligncenter\"><a href=\"http:\/\/piekarscy.com.pl\/wp-content\/uploads\/2014\/02\/jadwiga-z-gorczyckich-tyblewska.jpg\"><img loading=\"lazy\" decoding=\"async\" aria-describedby=\"caption-attachment-1381\" class=\"size-medium wp-image-1381\" alt=\"jadwiga z gorczyckich tyblewska\" src=\"http:\/\/piekarscy.com.pl\/wp-content\/uploads\/2014\/02\/jadwiga-z-gorczyckich-tyblewska-175x300.jpg\" width=\"175\" height=\"300\" srcset=\"http:\/\/piekarscy.com.pl\/wp-content\/uploads\/2014\/02\/jadwiga-z-gorczyckich-tyblewska-175x300.jpg 175w, http:\/\/piekarscy.com.pl\/wp-content\/uploads\/2014\/02\/jadwiga-z-gorczyckich-tyblewska-598x1024.jpg 598w, http:\/\/piekarscy.com.pl\/wp-content\/uploads\/2014\/02\/jadwiga-z-gorczyckich-tyblewska-624x1068.jpg 624w\" sizes=\"auto, (max-width: 175px) 100vw, 175px\" \/><\/a><p id=\"caption-attachment-1381\" class=\"wp-caption-text\">Jadwiga z Gorczyckich Tyblewska<\/p><\/div>\n<p><em>10 kwiecie\u0144 1921 r. Si\u0105szyce<\/em><\/p>\n<p><em>Par\u0119 dni temu 5 kwietnia Wanduchnie mojej przyby\u0142a c\u00f3reczka. Urodzi\u0142a si\u0119 o 8 rano. Mnie przy Wandzi zast\u0105pi\u0142a Zochna. Ci\u0105gle jestem my\u015bl\u0105 z tymi moimi ukochanymi c\u00f3rkami. Jak ja powinnam Panu Bogu dzi\u0119kowa\u0107, \u017ce mi da\u0142 takie kochaj\u0105ce dzieci. Igna\u015b jak c\u00f3rka my\u015bla\u0142 o moich potrzebach, kaza\u0142 mi przyrzec, \u017ce mu napisz\u0119, jak tylko mi b\u0119dzie czego trzeba, okaza\u0142 mi tyle serca, one obydwie my\u015bla\u0142y o tym, abym nie by\u0142a przy chorobie Wandzi, nie m\u0119czy\u0142a si\u0119 niespaniem nocami. Tak nie wszystkie dzieci umiej\u0105 my\u015ble\u0107 o starej matce. \u017beby B\u00f3g raczy\u0142 zna,c na nich wszystkie swe \u0142aski i b\u0142ogos\u0142awi\u0142 wszystkim mym dzieciom i wnukom. Synowie moi i c\u00f3rki kochaj\u0105 si\u0119 r\u00f3wnie\u017c mi\u0119dzy sob\u0105. Dla mnie to taka wielka przyjemno\u015b\u0107, \u017ce i przybrane dzieci s\u0105 z sercem dla siebie.<\/em><\/p>\n<p><em>Par\u0119 tygodni temu matka Antosia kupi\u0142a za kilka tysi\u0119cy marek dwa sznurki r\u017cni\u0119tych korali dla mojej Wandzi. Kupi\u0142a z oszcz\u0119dzonych dla siebie pieni\u0119dzy. Te korale le\u017c\u0105 tu jeszcze, bo nie by\u0142o okazji, aby je Wandzi przes\u0142a\u0107. Dzi\u015b spojrzawszy na nie powiedzia\u0142am, \u017ce b\u0119dzie mia\u0142a wnusia prezent, na co mi Stasia Trzebuchowska odpowiedzia\u0142a: \u201eO, nie, to wcale nie dla wnusi naszej, ona mo\u017ce sobie kiedy nosi\u0107 je w przysz\u0142o\u015bci, ale kupi\u0142am to dla naszej Wandzi, nie z my\u015bl\u0105 dla wnuczki.\u201d Tak to z akcentem powiedzia\u0142a i z tak\u0105 mi\u0142o\u015bci\u0105 o Wandzi, \u017ce nieraz jak rozmawiamy sobie obydwie matki, to widz\u0119 to, \u017ce kocha j\u0105 na r\u00f3wni ze swojemi c\u00f3rkami. Chcia\u0142abym, aby to kiedy\u015b wiedzia\u0142a w przysz\u0142o\u015bci ta ma\u0142a kruszynka Wandzi, c\u00f3ruchna, \u017ce matka jej przez babk\u0119 tak\u0105 zacn\u0105 by\u0142a kochana. Pisz\u0119 dzisiaj o uczuciach rodzinnych w naszej rodzinie, bo dla mnie to bardzo du\u017co znaczy. Nie rozumiem tych ludzi, kt\u00f3rzy nie umiej\u0105 kocha\u0107, nie staraj\u0105 si\u0119 o uczucie dla siebie os\u00f3b sobie bliskich i przejd\u0105 przez \u017cycie zimni i oboj\u0119tni.\u00a0<\/em><\/p>\n","protected":false},"excerpt":{"rendered":"<p>A teraz\u00a0zn\u00f3w dalszy ci\u0105g napisanego\u00a0w okresie dwudziestolecia pami\u0119tnika Jadwigi z Gorczyckich\u00a0Tyblewskiej. Przypisy robili kolejno: Eugeniusz Tyblewski, Stefania z Ruszczykowskich Krosnowska i na ko\u0144cu ja. 10 kwiecie\u0144 1921 r. Si\u0105szyce Par\u0119 dni temu 5 kwietnia Wanduchnie mojej przyby\u0142a c\u00f3reczka. Urodzi\u0142a si\u0119 o 8 rano. Mnie przy Wandzi zast\u0105pi\u0142a Zochna. Ci\u0105gle jestem my\u015bl\u0105 z tymi moimi ukochanymi [&hellip;]<\/p>\n","protected":false},"author":1,"featured_media":0,"comment_status":"closed","ping_status":"closed","sticky":false,"template":"","format":"standard","meta":{"footnotes":""},"categories":[6],"tags":[162,947,948,946,945],"class_list":["post-2210","post","type-post","status-publish","format-standard","hentry","category-gorczyccy","tag-pamietnik","tag-pamietnik-jadwigi","tag-pamietnik-jadwigi-gorczyckiej","tag-pamietnik-jadwigi-tyblewskiej","tag-pamietnik-jadwigi-z-gorczyckich-tyblewskiej"],"_links":{"self":[{"href":"http:\/\/piekarscy.com.pl\/index.php?rest_route=\/wp\/v2\/posts\/2210","targetHints":{"allow":["GET"]}}],"collection":[{"href":"http:\/\/piekarscy.com.pl\/index.php?rest_route=\/wp\/v2\/posts"}],"about":[{"href":"http:\/\/piekarscy.com.pl\/index.php?rest_route=\/wp\/v2\/types\/post"}],"author":[{"embeddable":true,"href":"http:\/\/piekarscy.com.pl\/index.php?rest_route=\/wp\/v2\/users\/1"}],"replies":[{"embeddable":true,"href":"http:\/\/piekarscy.com.pl\/index.php?rest_route=%2Fwp%2Fv2%2Fcomments&post=2210"}],"version-history":[{"count":3,"href":"http:\/\/piekarscy.com.pl\/index.php?rest_route=\/wp\/v2\/posts\/2210\/revisions"}],"predecessor-version":[{"id":2213,"href":"http:\/\/piekarscy.com.pl\/index.php?rest_route=\/wp\/v2\/posts\/2210\/revisions\/2213"}],"wp:attachment":[{"href":"http:\/\/piekarscy.com.pl\/index.php?rest_route=%2Fwp%2Fv2%2Fmedia&parent=2210"}],"wp:term":[{"taxonomy":"category","embeddable":true,"href":"http:\/\/piekarscy.com.pl\/index.php?rest_route=%2Fwp%2Fv2%2Fcategories&post=2210"},{"taxonomy":"post_tag","embeddable":true,"href":"http:\/\/piekarscy.com.pl\/index.php?rest_route=%2Fwp%2Fv2%2Ftags&post=2210"}],"curies":[{"name":"wp","href":"https:\/\/api.w.org\/{rel}","templated":true}]}}