{"id":2214,"date":"2014-05-26T00:02:16","date_gmt":"2014-05-26T00:02:16","guid":{"rendered":"http:\/\/piekarscy.com.pl\/?p=2214"},"modified":"2016-09-04T18:41:55","modified_gmt":"2016-09-04T18:41:55","slug":"pamietnik-jadwigi-gorczyckiej-cz-21","status":"publish","type":"post","link":"http:\/\/piekarscy.com.pl\/?p=2214","title":{"rendered":"Pami\u0119tnik Jadwigi Gorczyckiej cz. 21"},"content":{"rendered":"<p>A teraz\u00a0zn\u00f3w dalszy ci\u0105g napisanego\u00a0w okresie dwudziestolecia pami\u0119tnika Jadwigi z Gorczyckich\u00a0Tyblewskiej. Przypisy robili kolejno: Eugeniusz Tyblewski, Stefania z Ruszczykowskich Krosnowska i na ko\u0144cu ja.<\/p>\n<div id=\"attachment_1381\" style=\"width: 185px\" class=\"wp-caption aligncenter\"><a href=\"http:\/\/piekarscy.com.pl\/wp-content\/uploads\/2014\/02\/jadwiga-z-gorczyckich-tyblewska.jpg\"><img loading=\"lazy\" decoding=\"async\" aria-describedby=\"caption-attachment-1381\" class=\"size-medium wp-image-1381\" alt=\"jadwiga z gorczyckich tyblewska\" src=\"http:\/\/piekarscy.com.pl\/wp-content\/uploads\/2014\/02\/jadwiga-z-gorczyckich-tyblewska-175x300.jpg\" width=\"175\" height=\"300\" srcset=\"http:\/\/piekarscy.com.pl\/wp-content\/uploads\/2014\/02\/jadwiga-z-gorczyckich-tyblewska-175x300.jpg 175w, http:\/\/piekarscy.com.pl\/wp-content\/uploads\/2014\/02\/jadwiga-z-gorczyckich-tyblewska-598x1024.jpg 598w, http:\/\/piekarscy.com.pl\/wp-content\/uploads\/2014\/02\/jadwiga-z-gorczyckich-tyblewska-624x1068.jpg 624w\" sizes=\"auto, (max-width: 175px) 100vw, 175px\" \/><\/a><p id=\"caption-attachment-1381\" class=\"wp-caption-text\">Jadwiga z Gorczyckich Tyblewska<\/p><\/div>\n<p><em>Mi\u0144sk mazowiecki, 30 maja 1921 r.<\/em><\/p>\n<p><em>8 maja wyjecha\u0142am z Si\u0105szyc. Zosta\u0142o mi najmilsze wspomnienie z mojego tam pobytu. Ostatnie dni by\u0142am bardzo wzruszona. Mia\u0142am wra\u017cenie, \u017ce wyje\u017cd\u017cam nie tylko od Stasi, ale z domu mojej Wandzi, tak ka\u017cdy przedmiot mi ja przypomina\u0142, bo tak drobiazgowo, jak o dziecku o mnie, kiedy mnie w Si\u0105szycach zostawia\u0142a. 9 maja przyjecha\u0142am do \u015awierzyn<a title=\"\" href=\"file:\/\/\/D:\/MKP\/genealogia\/Pami%C4%99tnik%20Jadwigi%20z%20Gorczyckich%20Tyblewskiej.doc#_ftn1\">[1]<\/a> i zobaczy\u0142am najm\u0142odsz\u0105 moj\u0105 wnusi\u0119 Zosi\u0119. Tak mi to mi\u0142o by\u0142o to male\u0144kie bobo, zdaje mi si\u0119, \u017ce podobna do rodziny Trzebuchowskich.<\/em><\/p>\n<p><em>14 maja Franu\u015b przywi\u00f3z\u0142 mnie do Mi\u0144ska z ma\u0142\u0105 Wandzi\u0105. Mieszkamy w male\u0144kim domeczku, ale jest nam tu bardzo dobrze i mi\u0142o, tak cicho, spokojnie. Dzisiaj oboje Franusiowie pojechali do Warszawy po r\u00f3\u017cne sprawunki. Bardzo im wdzi\u0119czna jestem, \u017ce widz\u0119 jak oboje si\u0119 staraj\u0105, abym nie czu\u0142a tego, \u017ce nie jestem u siebie w domu i rzeczywi\u015bcie jestem jak w domu, bo czuje ich serca na ka\u017cdym kroku, tak ze strony Zosi, jak i Franusia. Nie zapomn\u0119 nigdy wizyty siostry Franusia u nas w Mi\u0144sku Anielki, da\u0142 mi tak dow\u00f3d przywi\u0105zania przy niej wzgl\u0119dem mnie, jakiego mog\u0142am\u00a0 si\u0119 spodziewa\u0107 po rodzonym synu. Tak on ju\u017c dawno zaj\u0105\u0142 miejsce mi\u0119dzy moimi dzie\u0107mi w mym sercu i zn\u00f3w teraz musz\u0119 powt\u00f3rzy\u0107, \u017ce niczym nie zas\u0142u\u017cy\u0142am sobie na tak bardzo dobre przybrane dzieci.<\/em><\/p>\n<p><em>Niepokoj\u0119 si\u0119 zn\u00f3w polityk\u0105, na G\u00f3rnym \u015al\u0105sku powstanie, zn\u00f3w nasi przelej\u0105 krew, niepodobna, \u017ceby koalicja nie przyzna\u0142a nam Szl\u0105ska. Samo powstanie dowiod\u0142o, \u017ce Szl\u0105sk jest polski, a Europa nie mo\u017ce patrze\u0107 spokojnie na walk\u0119 nasz\u0105, bo to zn\u00f3w grozi\u0142oby europejsk\u0105 wojn\u0105. W nas Polakach jest patriotyzm i mi\u0142o\u015b\u0107 Ojczyzny z zaparciem si\u0119 siebie.<\/em><\/p>\n<p><em>W przesz\u0142ym miesi\u0105cu by\u0142am w Warszawie i dowiedzia\u0142am si\u0119, \u017ce jedyna ju\u017c dzi\u015b moja ciotka, rodzona siostra Matki, Paulina z Nieszkowskich Maleszewska przyj\u0119\u0142a katolicyzm. Jad\u0105c, my\u015bla\u0142am o tym, aby jej pastora kalwi\u0144skiego sprowadzi\u0107. Wiedzia\u0142am, \u017ce jest protestantk\u0105 a\u017c do fanatyzmu.\u00a0 Pami\u0119tam, \u017ce nie wybaczy\u0142a naszej Matce, i\u017c zosta\u0142a katoliczk\u0105 \u2013 wreszcie, ze mia\u0142a \u017cal za to do mnie i do mojego m\u0119\u017ca, \u017ce to co si\u0119 sta\u0142o za nasz\u0105 namow\u0105. Dlatego, jak si\u0119 dowiedzia\u0142am\u00a0 ze jest chora i prawie na \u0142asce bratowej, zagorza\u0142ej, jak to m\u00f3wi\u0105 katoliczki, chcia\u0142am dopom\u00f3c ciotce w sprowadzeniu do domu pastora Tymczasem, jak przyjecha\u0142am, powiedzia\u0142a mi wujenka Hieronimowa Nieszkowska, \u017ce ciotka Maleszewska par\u0119 dni temu przyj\u0119\u0142a katolicyzm. Czy jest szcz\u0119\u015bliwa, nie wiem, przez delikatno\u015b\u0107 nie chcia\u0142am zapyta\u0107, a do mnie si\u0119 w tej kwestii nie odezwa\u0142a. Prosi\u0142a mnie, abym si\u0119 modli\u0142a si\u0119 za ni\u0105: \u201e\u017cebym d\u0142ugo nie \u017cy\u0142a, cierpi\u0119 tak bardzo, \u017ce pragn\u0119 ju\u017c \u015bmierci.\u201d Nie spyta\u0142am, czy ciotka cierpi fizycznie, czy tylko moralnie Jestem pewna, \u017ce cierpia\u0142a i fizycznie i moralnie, dlatego nie pyta\u0142am. Taka samotna, nikogo nie ma z bliskich sercem. \u017byje jeszcze brat (wuj Hieronim), ale jest nieprzytomny, umys\u0142 ma tak przemieniony, \u017ce chwilami nie poznaje obecnych.\u00a0<\/em><\/p>\n<div>\n<hr align=\"left\" size=\"1\" width=\"33%\" \/>\n<div>\n<p><em><a title=\"\" href=\"file:\/\/\/D:\/MKP\/genealogia\/Pami%C4%99tnik%20Jadwigi%20z%20Gorczyckich%20Tyblewskiej.doc#_ftnref1\">[1]<\/a>\u00a0\u00a0\u00a0\u00a0\u00a0\u00a0\u00a0\u00a0\u00a0\u00a0\u00a0\u00a0\u00a0 \u015awierzyny \u2013 wie\u015b w Polsce po\u0142o\u017cona w wojew\u00f3dztwie \u0142\u00f3dzkim, w powiecie zdu\u0144skowolskim, w gminie Zapolice przyp. MKP.<\/em><\/p>\n<\/div>\n<\/div>\n","protected":false},"excerpt":{"rendered":"<p>A teraz\u00a0zn\u00f3w dalszy ci\u0105g napisanego\u00a0w okresie dwudziestolecia pami\u0119tnika Jadwigi z Gorczyckich\u00a0Tyblewskiej. Przypisy robili kolejno: Eugeniusz Tyblewski, Stefania z Ruszczykowskich Krosnowska i na ko\u0144cu ja. Mi\u0144sk mazowiecki, 30 maja 1921 r. 8 maja wyjecha\u0142am z Si\u0105szyc. Zosta\u0142o mi najmilsze wspomnienie z mojego tam pobytu. Ostatnie dni by\u0142am bardzo wzruszona. Mia\u0142am wra\u017cenie, \u017ce wyje\u017cd\u017cam nie tylko od [&hellip;]<\/p>\n","protected":false},"author":1,"featured_media":0,"comment_status":"closed","ping_status":"closed","sticky":false,"template":"","format":"standard","meta":{"footnotes":""},"categories":[6],"tags":[162,947,948,946,945],"class_list":["post-2214","post","type-post","status-publish","format-standard","hentry","category-gorczyccy","tag-pamietnik","tag-pamietnik-jadwigi","tag-pamietnik-jadwigi-gorczyckiej","tag-pamietnik-jadwigi-tyblewskiej","tag-pamietnik-jadwigi-z-gorczyckich-tyblewskiej"],"_links":{"self":[{"href":"http:\/\/piekarscy.com.pl\/index.php?rest_route=\/wp\/v2\/posts\/2214","targetHints":{"allow":["GET"]}}],"collection":[{"href":"http:\/\/piekarscy.com.pl\/index.php?rest_route=\/wp\/v2\/posts"}],"about":[{"href":"http:\/\/piekarscy.com.pl\/index.php?rest_route=\/wp\/v2\/types\/post"}],"author":[{"embeddable":true,"href":"http:\/\/piekarscy.com.pl\/index.php?rest_route=\/wp\/v2\/users\/1"}],"replies":[{"embeddable":true,"href":"http:\/\/piekarscy.com.pl\/index.php?rest_route=%2Fwp%2Fv2%2Fcomments&post=2214"}],"version-history":[{"count":2,"href":"http:\/\/piekarscy.com.pl\/index.php?rest_route=\/wp\/v2\/posts\/2214\/revisions"}],"predecessor-version":[{"id":2217,"href":"http:\/\/piekarscy.com.pl\/index.php?rest_route=\/wp\/v2\/posts\/2214\/revisions\/2217"}],"wp:attachment":[{"href":"http:\/\/piekarscy.com.pl\/index.php?rest_route=%2Fwp%2Fv2%2Fmedia&parent=2214"}],"wp:term":[{"taxonomy":"category","embeddable":true,"href":"http:\/\/piekarscy.com.pl\/index.php?rest_route=%2Fwp%2Fv2%2Fcategories&post=2214"},{"taxonomy":"post_tag","embeddable":true,"href":"http:\/\/piekarscy.com.pl\/index.php?rest_route=%2Fwp%2Fv2%2Ftags&post=2214"}],"curies":[{"name":"wp","href":"https:\/\/api.w.org\/{rel}","templated":true}]}}