{"id":2271,"date":"2014-05-18T00:58:18","date_gmt":"2014-05-18T00:58:18","guid":{"rendered":"http:\/\/piekarscy.com.pl\/?p=2271"},"modified":"2014-03-10T17:00:59","modified_gmt":"2014-03-10T17:00:59","slug":"maciej-piekarski-tak-zapamietalem-cz-14","status":"publish","type":"post","link":"http:\/\/piekarscy.com.pl\/?p=2271","title":{"rendered":"Maciej Piekarski &#8211; &#8222;Tak zapami\u0119ta\u0142em&#8221; cz. 14"},"content":{"rendered":"<p>Czas na kolejn\u0105 cz\u0119\u015b\u0107 wspomnie\u0144 mojego Taty&#8230;<\/p>\n<p><a href=\"http:\/\/piekarscy.com.pl\/wp-content\/uploads\/2014\/02\/tak-zapamietalem.jpg\"><img loading=\"lazy\" decoding=\"async\" class=\"aligncenter size-medium wp-image-1481\" alt=\"tak zapamietalem\" src=\"http:\/\/piekarscy.com.pl\/wp-content\/uploads\/2014\/02\/tak-zapamietalem-193x300.jpg\" width=\"193\" height=\"300\" srcset=\"http:\/\/piekarscy.com.pl\/wp-content\/uploads\/2014\/02\/tak-zapamietalem-193x300.jpg 193w, http:\/\/piekarscy.com.pl\/wp-content\/uploads\/2014\/02\/tak-zapamietalem.jpg 322w\" sizes=\"auto, (max-width: 193px) 100vw, 193px\" \/><\/a><\/p>\n<p>&nbsp;<\/p>\n<p><em>Na wiosn\u0119 administracja bloku ustali\u0142a, i\u017c mieszka\u0144cy mog\u0105 na trawnikach, a tak\u017ce w parku na wprost fortu, zrobi\u0107 sobie grz\u0105dki warzywne. Pan W\u0142adys\u0142aw okaza\u0142 si\u0119 zapalonym dzia\u0142kowiczem: kopa\u0142 ziemi\u0119, sia\u0142 i sadzi\u0142, a obok ksi\u0105\u017cek pojawi\u0142y si\u0119 pod jego pach\u0105 tyczki do pomidor\u00f3w.<\/em><\/p>\n<p><em>Pa\u0144stwo Symonowiczowie byli szczerymi Polakami. Takie uczucia trudno ukry\u0107. Ich reakcja na r\u00f3\u017cnego rodzaju wie\u015bci nadchodz\u0105ce z miasta spowodowa\u0142a, \u017ce od razu stali si\u0119 cz\u0142onkami zwartej spo\u0142eczno\u015bci, jak\u0105 stanowili mieszka\u0144cy naszego bloku. Pani Irena w zadziwiaj\u0105cy spos\u00f3b mia\u0142a zawsze naj\u015bwie\u017csze wiadomo\u015bci, a cz\u0119sto te\u017c najnowsz\u0105 tajn\u0105 pras\u0119. Wychowana by\u0142a w Pozna\u0144skiem. Zna\u0142a dobrze j\u0119zyk niemiecki. Udzielaj\u0105c lekcji niemieckiego, wspomaga\u0142a domowy bud\u017cet. Cz\u0119sto zachodzi\u0142a do mojej mamy. Polubi\u0142y si\u0119 bardzo. Nie raz, nie dwa wpada\u0142a znienacka z jak\u0105\u015b wiadomo\u015bci\u0105 lub z pytaniem o wiadomo\u015bci, a r\u00f3wnocze\u015bnie z zaskakuj\u0105c\u0105 pro\u015bb\u0105: \u201ePani Janino, niech pani my\u015bli o mnie serdecznie, ja wierz\u0119 w duchy opieku\u0144cze.\u201d Po czym bior\u0105c ma\u0142ego Tadzia na r\u0119k\u0119, wychodzi\u0142a i jecha\u0142a do \u015ar\u00f3dmie\u015bcia.<\/em><\/p>\n<p><em>Kiedy\u015b wpad\u0142a zdenerwowana. \u201ePani Janino, dzi\u0119kuj\u0119 za serdeczne my\u015bli. Jecha\u0142am tramwajem. Na Czerniakowie \u017candarmi zatrzymali tramwaj i robili rewizj\u0119. Nic mi si\u0119 nie sta\u0142o\u201d, powiedzia\u0142a jednym tchem. \u201eA dlaczego mia\u0142o si\u0119 pani co\u015b sta\u0107, mia\u0142a pani ma\u0142e dziecko na r\u0119ku!\u201d, zareplikowa\u0142a mama. S\u0142uszna mi si\u0119 wyda\u0142a uwaga mamy. Popatrzy\u0142em na pani\u0105 Iren\u0119, na mam\u0119, mama popatrzy\u0142a na mnie. Gdy skrzy\u017cowa\u0142y si\u0119 spojrzenia moje i matki, zrozumia\u0142em, \u017ce w reakcjach, w post\u0119powaniu pani Ireny, w jej cz\u0119stych stanach podniecenia i egzaltacji, kryje si\u0119 jaka\u015b tajemnica, tajemnica, kt\u00f3ra mia\u0142a wyja\u015bni\u0107 si\u0119 dopiero za kilka miesi\u0119cy.<\/em><\/p>\n<p><em>W po\u0142owie czerwca aresztowano pana Adama Skoczylasa, ojca mego szkolnego kolegi, Jurka. Z zawodu by\u0142 hydraulikiem. Bardzo cz\u0119sto majstrowa\u0142 co\u015b w piwnicy z naszym dozorc\u0105, Czes\u0142awem Zachewiczem. Mieszka\u0142 w willi przy ulicy Morszy\u0144skiej 37. Pan Czes\u0142aw chodzi\u0142 teraz jak struty. W tej samej willi, co Jurek, mieszka\u0142 niejaki K., spokrewniony podobno ze Skoczylasami przez \u017con\u0119. By\u0142o to bardzo niesympatyczne indywiduum. Handlowa\u0142 konin\u0105 i drewnem na opa\u0142. Mia\u0142 dw\u00f3ch syn\u00f3w, z kt\u00f3rych jeden by\u0142 w moim wieku, drugi za\u015b o trzy lub dwa lata m\u0142odszy \u2014 z powodu \u015bniadej cery nazywali\u015bmy go Murzynkiem. Po Sadybie zacz\u0119\u0142y kr\u0105\u017cy\u0107 plotki, \u017ce to w\u0142a\u015bnie K. wyda\u0142 Skoczylasa, kt\u00f3ry podobno mia\u0142 co\u015b wsp\u00f3lnego z produkcj\u0105 broni.<\/em><\/p>\n<p><em>Niebawem te\u017c kt\u00f3rego\u015b ranka rozesz\u0142a si\u0119 lotem b\u0142yskawicy wie\u015b\u0107, \u017ce K. zosta\u0142 zastrzelony z wyroku Polski Podziemnej. Do mieszkania jego wesz\u0142o podobno trzech m\u0119\u017cczyzn, sprowadzili go na d\u00f3\u0142, do piwnicy, odczytali wyrok \u015bmierci i zastrzelili. Mieszka\u0144com willi zakazano przez godzin\u0119 wychodzi\u0107 z domu. O \u015bmierci K. m\u00f3wiono, \u017ce to by\u0142a kara za wydanie Skoczylasa. Nie wiedzia\u0142em w\u00f3wczas, \u017ce K. mia\u0142 jeszcze inne grzechy na sumieniu, \u017ce rozpracowywa\u0142 tajn\u0105 drukarni\u0119 dzia\u0142aj\u0105c\u0105 w\u00f3wczas nie opodal na Sadybie.<\/em><\/p>\n<p><em>Zbli\u017ca\u0142y si\u0119 wakacje. Od Edka Lauda\u0144skiego dosta\u0142em \u0142uk. Bawili\u015bmy si\u0119 z kolegami w Indian. Problemem by\u0142y strza\u0142y. Groty sporz\u0105dzali\u015bmy z wystrzelonych pocisk\u00f3w karabinowych, tzw. czubk\u00f3w. Ku rozpaczy mamy wytapia\u0142o si\u0119 nad gazem o\u0142\u00f3w wype\u0142niaj\u0105cy p\u0142aszcz pocisku i grot by\u0142 gotowy. Dobre balistyczne strza\u0142y z tyczek do pomidor\u00f3w nauczy\u0142 nas robi\u0107 pan W\u0142adys\u0142aw Symonowicz.<\/em><\/p>\n<p><em>W tym czasie drogi moje i Antka ju\u017c si\u0119 rozesz\u0142y. On by\u0142 \u201edoros\u0142y\u201d, mia\u0142 pi\u0119tna\u015bcie lat, chodzi\u0142 w modnych w\u00f3wczas butach z cholewami, ja za\u015b by\u0142em \u201eg\u00f3wniarzem\u201d. On mia\u0142 karabin, mnie za\u015b pozosta\u0142 trzcinowy \u0142uk i strza\u0142y.<\/em><\/p>\n<p><em>Antek trzyma\u0142 si\u0119 ze swymi kolegami jeszcze ze szko\u0142y powszechnej. Byli to: Leszek Rossowski, Pawe\u0142 i Krzysiek Kami\u0144scy oraz J\u0119drek Ku\u017aniar. Nadto zaprzyja\u017ani\u0142 si\u0119 ze starszymi: z synem naszego kierownika, Januszem Bo-czarem, Edkiem Lauda\u0144skim i siostrze\u0144cem doktora Szczu-be\u0142ka, Januszem Millo. Janusz by\u0142 z nich wszystkich najstarszy, mia\u0142 dwadzie\u015bcia jeden lat, nale\u017ca\u0142 do Stra\u017cy Ogniowej i chodzi\u0142 w mundurze. Do tej paczki do\u0142\u0105czy\u0142 jeszcze starszy brat mej kole\u017canki, Krysi, syn kapitana Jerzego D\u0105browskiego, Waldek. Przed wojn\u0105 by\u0142 on w korpusie kadet\u00f3w we Lwowie, a teraz w Stra\u017cy Ogniowej na Sadybie.<\/em><\/p>\n<p><em>Tymczasem Janusz Boczar wyjecha\u0142 do Trzepaka ko\u0142o Jasionowa, w Jasielskie, do pracy w kopalni nafty. Utrzymywa\u0142 z Antkiem korespondencj\u0119. Ocala\u0142y te listy. S\u0105 swego rodzaju dokumentem ich m\u0142odzie\u0144czej konspiracji,<\/em><\/p>\n<p><em>30 czerwca 1943 roku Janusz pisa\u0142:<\/em><\/p>\n<p><em>\u201eU nas w wiadomej dziedzinie kompletny zast\u00f3j. Daje si\u0119 odczu\u0107 kompletny brak przedmiot\u00f3w w rodzaju M czy te\u017c B [kryptonimy karabin\u00f3w typu Mauser i Berthier] \u2014 nawet lektury z tej dziedziny brak. B\u0105d\u017a \u0142askaw wystara\u0107 si\u0119 o ksi\u0105\u017ck\u0119, kt\u00f3r\u0105 czytali\u015bmy z M i B i tylko dzi\u0119ki niej zawarli\u015bmy z nimi znajomo\u015b\u0107. Jeden egzemplarz mam ze sob\u0105, lecz potrzebny mi jeszcze jeden. Ksi\u0105\u017cka wy\u017cej wspomniana potrzebna jest dla ch\u0142opca naszego rodzaju \u2014 Janusz.\u201d<\/em><\/p>\n<p><em>Ta ksi\u0105\u017cka to przedwojenny podr\u0119cznik wyszkolenia strzeleckiego, wydany dla wojska.<\/em><\/p>\n<p><em>W nast\u0119pnym li\u015bcie Janusz pisa\u0142:<\/em><\/p>\n<p><em>\u201eCo s\u0142ycha\u0107 z M i B. Odpisz natychmiast. Po otrzymaniu list\u00f3w odpisuj\u0119, gdy\u017c zechc\u0119 Ci przys\u0142a\u0107 oliwy i wazeliny dla M i B. Pieni\u0119dzy na cele wykupu niewolnik\u00f3w rodzaju M i B na razie przys\u0142a\u0107 Ci nie mog\u0119, mo\u017ce w przysz\u0142ym miesi\u0105cu. Czy m\u00f3g\u0142by\u015b si\u0119 postara\u0107 o m\u0142odszych przyjaci\u00f3\u0142 M i B [chodzi\u0142o o pistolety] i przys\u0142a\u0107 mi? Bardzo by mi si\u0119 nieraz w obecnych warunkach jeden taki przyda\u0142. Mo\u017ce zrobisz tak, \u017ce wypadki w Warszawie na terenie naszego dzia\u0142ania zbierzesz w kr\u00f3tkie meldunki-raporty i b\u0119dziesz mi je co trzy dni przysy\u0142a\u0142.\u201d<\/em><\/p>\n<p><em>W nast\u0119pnym li\u015bcie Janusz odpowiada\u0142 Antkowi:<\/em><\/p>\n<p><em>\u201eW drugim li\u015bcie bez daty piszesz mi o S i G, w trzecim o cytrynkach. Odpowiadam na wszystkie. Ksi\u0105\u017cka, o kt\u00f3rej Ci pisa\u0142em, jest mi na razie niepotrzebna, tak \u017ce wstrzymaj starania o ni\u0105. P\u0142yn do p\u0142ukania gard\u0142a [nafta, oliwa] posiadam w takiej ilo\u015bci, \u017ce mog\u0119 si\u0119 w nim k\u0105pa\u0107. Po cz\u0119\u015bci domy\u015blam si\u0119, kto to jest panna S, modna za czas\u00f3w szlacheckich [chodzi\u0142o o szabl\u0119, poniewa\u017c Antek przed kilkoma dniami wydoby\u0142 z fosy kozack\u0105 szaszk\u0119].<\/em><\/p>\n<p><em>Pan G [granat], bardzo modny w chwili obecnej, jest bardzo przydatny w wielkim niebezpiecze\u0144stwie. [&#8230;] Kup chlorku kobaltu w \u201eMikrochemii\u201d i rozpu\u015b\u0107 go w wodzie, a otrzymanym rozczynem pisz jak atramentem. Po podgrzaniu otrzymasz niebieskie pismo. O szczeg\u00f3\u0142y zapytaj Ry\u015bka. Mnie r\u00f3wnie\u017c przy\u015blij owego chlorku kobaltu \u2014 Janusz.\u201d<\/em><\/p>\n<p><em>Tymczasem ca\u0142\u0105 Warszaw\u0105 wstrz\u0105sa\u0142y akty niemieckiego. terroru. Nie by\u0142o nocy, \u017ceby gestapo kogo\u015b nie aresztowa\u0142o. Fala aresztowa\u0144 dotkn\u0119\u0142a r\u00f3wnie\u017c Sadyb\u0119 i nasz blok.<\/em><\/p>\n<p><em>W nocy 2 lipca aresztowano kapitana Jerzego D\u0105browskiego. Zosta\u0142 aresztowany r\u00f3wnie\u017c Waldek. Mia\u0142: osiemna\u015bcie lat, chodzi\u0142 zwykle po Sadybie w mundurze stra\u017cackim i francuskim kepi stanowi\u0105cym w\u00f3wczas element umundurowania stra\u017cak\u00f3w. Niemcy w zasadzie honorowali legitymacje Stra\u017cy Ogniowej, lecz Waldka nic nie zdo\u0142a\u0142o wybroni\u0107. W mieszkaniu kapitana D\u0105browskiego aresztowano w\u00f3wczas tak\u017ce: osiemnastoletniego W\u0142odzimierza Hawrylink\u0119, Stanis\u0142awa \u015awiderskiego, starszego brata mej kole\u017canki szkolnej, oraz dwudziestotrzy-letniego Mieczys\u0142awa Nejmana.<\/em><\/p>\n<p><em>Kapitan D\u0105browski mia\u0142 bardzo pi\u0119kn\u0105 i bogat\u0105 \u017co\u0142niersk\u0105 przesz\u0142o\u015b\u0107 jeszcze z okresu pierwszej wojny \u015bwiatowej. We wrze\u015bniu 1939 roku walczy\u0142 do ko\u0144ca. Unikn\u0105\u0142 niewoli. W ch\u0142opskim przebraniu powr\u00f3ci\u0142 do Warszawy. Aresztowanie nast\u0105pi\u0142o w momencie, gdy w jego mieszkaniu odbywa\u0142a si\u0119 konspiracyjna zbi\u00f3rka. Fakt ten wywo\u0142a\u0142 szereg obaw, a przede wszystkim nasun\u0105\u0142 podejrzenie, i\u017c sypn\u0105\u0142 kto\u015b dobrze zorientowany w organizacji.<\/em><\/p>\n<p><em>Antek poczu\u0142 si\u0119 te\u017c zagro\u017cony. Ujawni\u0142 wtedy rodzicom, \u017ce kapitan D\u0105browski to jego dow\u00f3dca. Wst\u0105pi\u0142 do organizacji wraz z J\u0119drkiem Ku\u017aniarem. Zaprzysi\u0119\u017cono ich w mieszkaniu szewca, Mariana Borowicza, kt\u00f3ry dzia\u0142a\u0142 w konspiracji wraz ze sw\u0105 \u017con\u0105 reichsdeutschk\u0105, kt\u00f3ra dzi\u0119ki swojej narodowo\u015bci odsuwa\u0142a wszelkie podejrzenia od osoby m\u0119\u017ca. W pokoju, w kt\u00f3rym w\u00f3wczas ch\u0142opcy w Grzegorzewie ko\u0142o T\u0142uszcza. Je\u017adzili\u015bmy tam z Antkiem przed wojn\u0105 na wycieczki zuchowe i obozy. Teraz wyjecha\u0142 sam do Grzegorzewa.<\/em><\/p>\n<p><em><span style=\"line-height: 1.714285714; font-size: 1rem;\">Na szcz\u0119\u015bcie Antka i nas wszystkich, a na chwa\u0142\u0119 aresztowanym, obawy okaza\u0142y si\u0119 p\u0142onne. Nikt nikogo nie sypn\u0105\u0142. Gestapo musia\u0142o si\u0119 zadowoli\u0107 tylko zatrzymanymi ofiarami. Rozstrzelano ich 16 lipca w ruinach getta.<\/span><\/em><\/p>\n<p><em>Po dw\u00f3ch miesi\u0105cach przymusowych, aczkolwiek nie pozbawionych uroku wakacji Antek powr\u00f3ci\u0142 do Warszawy.<\/em><\/p>\n","protected":false},"excerpt":{"rendered":"<p>Czas na kolejn\u0105 cz\u0119\u015b\u0107 wspomnie\u0144 mojego Taty&#8230; &nbsp; Na wiosn\u0119 administracja bloku ustali\u0142a, i\u017c mieszka\u0144cy mog\u0105 na trawnikach, a tak\u017ce w parku na wprost fortu, zrobi\u0107 sobie grz\u0105dki warzywne. Pan W\u0142adys\u0142aw okaza\u0142 si\u0119 zapalonym dzia\u0142kowiczem: kopa\u0142 ziemi\u0119, sia\u0142 i sadzi\u0142, a obok ksi\u0105\u017cek pojawi\u0142y si\u0119 pod jego pach\u0105 tyczki do pomidor\u00f3w. Pa\u0144stwo Symonowiczowie byli szczerymi [&hellip;]<\/p>\n","protected":false},"author":1,"featured_media":0,"comment_status":"closed","ping_status":"closed","sticky":false,"template":"","format":"standard","meta":{"footnotes":""},"categories":[3],"tags":[139,286,251],"class_list":["post-2271","post","type-post","status-publish","format-standard","hentry","category-piekarscy","tag-maciej-piekarski","tag-tak-zapamietalem","tag-wspomnienia"],"_links":{"self":[{"href":"http:\/\/piekarscy.com.pl\/index.php?rest_route=\/wp\/v2\/posts\/2271","targetHints":{"allow":["GET"]}}],"collection":[{"href":"http:\/\/piekarscy.com.pl\/index.php?rest_route=\/wp\/v2\/posts"}],"about":[{"href":"http:\/\/piekarscy.com.pl\/index.php?rest_route=\/wp\/v2\/types\/post"}],"author":[{"embeddable":true,"href":"http:\/\/piekarscy.com.pl\/index.php?rest_route=\/wp\/v2\/users\/1"}],"replies":[{"embeddable":true,"href":"http:\/\/piekarscy.com.pl\/index.php?rest_route=%2Fwp%2Fv2%2Fcomments&post=2271"}],"version-history":[{"count":1,"href":"http:\/\/piekarscy.com.pl\/index.php?rest_route=\/wp\/v2\/posts\/2271\/revisions"}],"predecessor-version":[{"id":2272,"href":"http:\/\/piekarscy.com.pl\/index.php?rest_route=\/wp\/v2\/posts\/2271\/revisions\/2272"}],"wp:attachment":[{"href":"http:\/\/piekarscy.com.pl\/index.php?rest_route=%2Fwp%2Fv2%2Fmedia&parent=2271"}],"wp:term":[{"taxonomy":"category","embeddable":true,"href":"http:\/\/piekarscy.com.pl\/index.php?rest_route=%2Fwp%2Fv2%2Fcategories&post=2271"},{"taxonomy":"post_tag","embeddable":true,"href":"http:\/\/piekarscy.com.pl\/index.php?rest_route=%2Fwp%2Fv2%2Ftags&post=2271"}],"curies":[{"name":"wp","href":"https:\/\/api.w.org\/{rel}","templated":true}]}}