{"id":2361,"date":"2014-05-08T00:31:11","date_gmt":"2014-05-08T00:31:11","guid":{"rendered":"http:\/\/piekarscy.com.pl\/?p=2361"},"modified":"2014-03-17T15:57:24","modified_gmt":"2014-03-17T15:57:24","slug":"franciszek-gorczycki-notatki-z-opoczynskiego-cz-4","status":"publish","type":"post","link":"http:\/\/piekarscy.com.pl\/?p=2361","title":{"rendered":"Franciszek Gorczycki  &#8222;Notatki z Opoczy\u0144skiego&#8221; cz. 4"},"content":{"rendered":"<p>Oto kolejna cz\u0119\u015b\u0107 wspomnie\u0144 z powstania styczniowego Franciszka Gorczyckiego, czyli brata mojej praprababci Stanis\u0142awy Anny Sabiny z Gorczyckich Ruszczykowskiej. Wspomnienia zosta\u0142y opublikowane w 1967 r. ksi\u0105\u017cce &#8222;Spiskowcy i partyzanci 1863 roku&#8221;.<\/p>\n<div id=\"attachment_1445\" style=\"width: 223px\" class=\"wp-caption aligncenter\"><a href=\"http:\/\/piekarscy.com.pl\/wp-content\/uploads\/2014\/02\/franciszek-Gorczycki.jpg\"><img loading=\"lazy\" decoding=\"async\" aria-describedby=\"caption-attachment-1445\" class=\"size-medium wp-image-1445\" alt=\"franciszek Gorczycki\" src=\"http:\/\/piekarscy.com.pl\/wp-content\/uploads\/2014\/02\/franciszek-Gorczycki-213x300.jpg\" width=\"213\" height=\"300\" srcset=\"http:\/\/piekarscy.com.pl\/wp-content\/uploads\/2014\/02\/franciszek-Gorczycki-213x300.jpg 213w, http:\/\/piekarscy.com.pl\/wp-content\/uploads\/2014\/02\/franciszek-Gorczycki-624x877.jpg 624w, http:\/\/piekarscy.com.pl\/wp-content\/uploads\/2014\/02\/franciszek-Gorczycki.jpg 728w\" sizes=\"auto, (max-width: 213px) 100vw, 213px\" \/><\/a><p id=\"caption-attachment-1445\" class=\"wp-caption-text\">Franciszek Gorczycki<br \/>zdj\u0119cie z okresu powstania styczniowego<\/p><\/div>\n<p><em>Z pomoc\u0105 przewodnika w czasie bardzo ciemnej nocy dosta\u0142em si\u0119 do S\u0142upowa, a stamt\u0105d d\u0105\u017cy\u0142em w stron\u0119, gdzie mieszkali moi rodzice. Na trzeci dzie\u0144 rano przyjecha\u0142em do Jaworowi 9wie\u015b na szosie pomi\u0119dzy J\u0119drzejowem i Szczekocinami), gdzie powiedziano mi, \u017ce powstanie wcale nie jest sko\u0144czone, \u017ce mianowicie o mil\u0119 st\u0105d we wsi Radkowie wczoraj w\u0142a\u015bnie wieczorem stan\u0105\u0142<a title=\"\" href=\"file:\/\/\/C:\/Documents%20and%20Settings\/mpiekarska\/My%20Documents\/Franciszek%20Gorczyczki.doc#_ftn1\">[1]<\/a> oddzia\u0142 znakomicie uzbrojony, wymusztrowany, maj\u0105cy kilka armat i \u017ce oddzia\u0142 ten zostaje pod dow\u00f3dztwem Jeziora\u0144skiego<a title=\"\" href=\"file:\/\/\/C:\/Documents%20and%20Settings\/mpiekarska\/My%20Documents\/Franciszek%20Gorczyczki.doc#_ftn2\">[2]<\/a>.<\/em><\/p>\n<p><em>Naj\u0119t\u0105 furmank\u0105 pojecha\u0142em do Radkowa, gdzie stan\u0105\u0142em w po\u0142udnie i zameldowa\u0142em si\u0119 u dow\u00f3dcy. Wypyta\u0142 mnie on, sk\u0105d przybywam; p\u00f3\u0142g\u0142osem opowiedzia\u0142em mu o losach oddzia\u0142u ojcowskiego i o nieudanym ataku na Miech\u00f3w. Jeziora\u0144ski poleci\u0142 mi powt\u00f3rzy\u0107 histori\u0119 ataku tego g\u0142o\u015bno kilku u niego zebranym, a by\u0142o tu z pi\u0119ciu oficer\u00f3w sztabowych. Jeden z nich, jak si\u0119 dowiedzia\u0142em, awanturnik Stamirowski<a title=\"\" href=\"file:\/\/\/C:\/Documents%20and%20Settings\/mpiekarska\/My%20Documents\/Franciszek%20Gorczyczki.doc#_ftn3\">[3]<\/a> po sko\u0144czeniu mojej opowie\u015bci rzek\u0142 g\u0142o\u015bno: \u201eTen m\u0142ody to musi by\u0107 szpieg, radzi\u0142bym go aresztowa\u0107. Niepodobna, aby ca\u0142y oddzia\u0142 rozlecia\u0142 si\u0119 spod Miechowa.\u201d Niestety powiedzia\u0142em prawd\u0119, a by\u0142em pierwszym, co przywi\u00f3z\u0142 t\u0119 wiadomo\u015b\u0107 o Miechowie Jeziora\u0144skiemu. Zm\u0119czony usn\u0105\u0142em na \u0142\u00f3\u017cku w jego pokoju. Obudzi\u0142 mi\u0119 za\u015b alarm z wiadomo\u015bci\u0105, i\u017c jakie\u015b wojsko zbli\u017ca si\u0119 do Radkowa. Jeziora\u0144ski wys\u0142a\u0142 zaraz rekonesans z\u0142o\u017cony z kawalerii i piechoty; okaza\u0142o si\u0119 jednak, i\u017c by\u0142 to odzia\u0142 Rosego, kt\u00f3ry tu przyprowadzi\u0142 Jab\u0142o\u0144ski<a title=\"\" href=\"file:\/\/\/C:\/Documents%20and%20Settings\/mpiekarska\/My%20Documents\/Franciszek%20Gorczyczki.doc#_ftn4\">[4]<\/a>, do niego przy\u0142\u0105czyli si\u0119 wszyscy znajomi moi z Ojcowa, kt\u00f3rzy w ataku na Miech\u00f3w nie uczestniczyli. Teraz dopiero przekona\u0142 si\u0119 Stamirowski, i\u017c wszystko, co opowiedzia\u0142em, by\u0142o prawd\u0105, a wi\u0119cej od innych wiedzie\u0107 mog\u0142em, jako ordynans-adiutant Kurowskiego podczas ataku na Miech\u00f3w. Na drugi czy trzeci dzie\u0144 ca\u0142y oddzia\u0142 Jeziora\u0144skiego wyruszy\u0142 w stron\u0119 Ma\u0142ogoszczy dla po\u0142\u0105czenia si\u0119 z Langiewiczem. Oddzia\u0142 Jeziora\u0144skiego wraz z oddzia\u0142em z Ojcowa m\u00f3g\u0142 liczy\u0107 przesz\u0142o mo\u017ce 2000 ludzi, nie\u017ale uzbrojonych, i posiada\u0142 dwie armatki umieszczone na zwyczajnych przodkach od woz\u00f3w; armatki te by\u0142y \u017celazne.<\/em><\/p>\n<p><em>Za oddzia\u0142em jecha\u0142o kilkadziesi\u0105t woz\u00f3w, na kt\u00f3rych z\u0142o\u017cone by\u0142y r\u00f3\u017cne przedmioty: amunicja i \u017cywno\u015b\u0107.<\/em><\/p>\n<p><em>Po\u0142\u0105czenie oddzia\u0142\u00f3w Jeziora\u0144skiego i Langiewicza nast\u0105pi\u0142o w Ma\u0142ogoszczy. Oddzia\u0142 Langiewicza by\u0142 mniej liczny od naszego. Na drugi dzie\u0144 rano (24 lutego) plac\u00f3wki da\u0142y zna\u0107, \u017ce wojska rosyjskie w rozwini\u0119tym froncie z dw\u00f3ch stron zbli\u017caj\u0105 si\u0119 do miasta\/ wys\u0142ano najpierw furgony w las, a raczej w krzaki, niedaleko miasta po\u0142o\u017cone; piechota zaj\u0119\u0142a \u015brodek pozycji i tu w ci\u0105gu 15 minut oczekiwa\u0142a na atak. Powsta\u0144cy zaraz jednak zacz\u0119li ucieka\u0107 za miasto odstrzeliwuj\u0105c si\u0119 nader ma\u0142o, a wojska rosyjskie, cz\u0119\u015bci\u0105 rozsypane w tyraliery, a cz\u0119\u015bci\u0105 w zwartych kolumnach, silnie i szybko zacz\u0119\u0142y atakowa\u0107 pozycje powsta\u0144cze. W\u00f3wczas kawaleria nasza dwa czy trzy razy sz\u0142a do ataku na zwarte kolumny rosyjskie, przy czym atak szwadronu Pr\u0119dowskiego by\u0142 \u015bwietny, gdy\u017c nieomal rozbi\u0142 kolumn\u0119 nieprzyjacielsk\u0105 i u\u0142atwi\u0142 odwr\u00f3t wykonany w najwi\u0119kszym nie\u0142adzie przez naszych. Znaczna cz\u0119\u015b\u0107 piechoty powsta\u0144czej zmuszona by\u0142a cofa\u0107 si\u0119 przez du\u017c\u0105 g\u00f3r\u0119, gdzieniegdzie poro\u015bni\u0119t\u0105 ja\u0142owcami, i tu nieprzyjaciel strzela\u0142 do nich, jak do kaczek.<\/em><\/p>\n<p><em>Prawie wszystkie furgony zosta\u0142y zabrane, a przy nich wybici wszyscy ludzie, a by\u0142o mi\u0119dzy nimi du\u017co takich, kt\u00f3rzy nie mieli broni \u017cadnej. W og\u00f3le oddzia\u0142 Jeziora\u0144skiego dokonywa\u0142 odwrotu w wi\u0119kszym porz\u0105dku jak oddzia\u0142 Langiewicza.<\/em><\/p>\n<div>\n<hr align=\"left\" size=\"1\" width=\"33%\" \/>\n<div>\n<p><em><a title=\"\" href=\"file:\/\/\/C:\/Documents%20and%20Settings\/mpiekarska\/My%20Documents\/Franciszek%20Gorczyczki.doc#_ftnref1\">[1]<\/a> Tj. 19.II.1863.<\/em><\/p>\n<\/div>\n<div>\n<p><em><a title=\"\" href=\"file:\/\/\/C:\/Documents%20and%20Settings\/mpiekarska\/My%20Documents\/Franciszek%20Gorczyczki.doc#_ftnref2\">[2]<\/a> Antoni Jeziora\u0144ski, ps. Antoni Jovanovic (ur. 1827 w Warszawie, zm. we Lwowie) \u2013 genera\u0142 polski powstania styczniowego.<\/em><\/p>\n<\/div>\n<div>\n<p><em><a title=\"\" href=\"file:\/\/\/C:\/Documents%20and%20Settings\/mpiekarska\/My%20Documents\/Franciszek%20Gorczyczki.doc#_ftnref3\">[3]<\/a> Tomasz Stamirowski, w\u0142a\u015bc.. ziemski, oficer sztabu Jeziora\u0144skiego, w kwietniu dow. odzia\u0142u u Czachowskiego, w maju dow. \u017bandarmerii rawskiej po Lipi\u0144skim. Za rabunek skazany na \u015bmier\u0107 przez Rz\u0105d Nar., rozstrzelany przez Chmiele\u0144skiego.<\/em><\/p>\n<\/div>\n<div>\n<p><em><a title=\"\" href=\"file:\/\/\/C:\/Documents%20and%20Settings\/mpiekarska\/My%20Documents\/Franciszek%20Gorczyczki.doc#_ftnref4\">[4]<\/a> Wg. Innych \u017ar\u00f3de\u0142 oddzia\u0142 ten przyprowadzi\u0142 Nowak.\u00a0<\/em><\/p>\n<\/div>\n<\/div>\n","protected":false},"excerpt":{"rendered":"<p>Oto kolejna cz\u0119\u015b\u0107 wspomnie\u0144 z powstania styczniowego Franciszka Gorczyckiego, czyli brata mojej praprababci Stanis\u0142awy Anny Sabiny z Gorczyckich Ruszczykowskiej. Wspomnienia zosta\u0142y opublikowane w 1967 r. ksi\u0105\u017cce &#8222;Spiskowcy i partyzanci 1863 roku&#8221;. Z pomoc\u0105 przewodnika w czasie bardzo ciemnej nocy dosta\u0142em si\u0119 do S\u0142upowa, a stamt\u0105d d\u0105\u017cy\u0142em w stron\u0119, gdzie mieszkali moi rodzice. Na trzeci dzie\u0144 [&hellip;]<\/p>\n","protected":false},"author":1,"featured_media":0,"comment_status":"closed","ping_status":"closed","sticky":false,"template":"","format":"standard","meta":{"footnotes":""},"categories":[6],"tags":[236,290,251],"class_list":["post-2361","post","type-post","status-publish","format-standard","hentry","category-gorczyccy","tag-franciszek-gorczycki","tag-powstanie-styczniowe","tag-wspomnienia"],"_links":{"self":[{"href":"http:\/\/piekarscy.com.pl\/index.php?rest_route=\/wp\/v2\/posts\/2361","targetHints":{"allow":["GET"]}}],"collection":[{"href":"http:\/\/piekarscy.com.pl\/index.php?rest_route=\/wp\/v2\/posts"}],"about":[{"href":"http:\/\/piekarscy.com.pl\/index.php?rest_route=\/wp\/v2\/types\/post"}],"author":[{"embeddable":true,"href":"http:\/\/piekarscy.com.pl\/index.php?rest_route=\/wp\/v2\/users\/1"}],"replies":[{"embeddable":true,"href":"http:\/\/piekarscy.com.pl\/index.php?rest_route=%2Fwp%2Fv2%2Fcomments&post=2361"}],"version-history":[{"count":4,"href":"http:\/\/piekarscy.com.pl\/index.php?rest_route=\/wp\/v2\/posts\/2361\/revisions"}],"predecessor-version":[{"id":2417,"href":"http:\/\/piekarscy.com.pl\/index.php?rest_route=\/wp\/v2\/posts\/2361\/revisions\/2417"}],"wp:attachment":[{"href":"http:\/\/piekarscy.com.pl\/index.php?rest_route=%2Fwp%2Fv2%2Fmedia&parent=2361"}],"wp:term":[{"taxonomy":"category","embeddable":true,"href":"http:\/\/piekarscy.com.pl\/index.php?rest_route=%2Fwp%2Fv2%2Fcategories&post=2361"},{"taxonomy":"post_tag","embeddable":true,"href":"http:\/\/piekarscy.com.pl\/index.php?rest_route=%2Fwp%2Fv2%2Ftags&post=2361"}],"curies":[{"name":"wp","href":"https:\/\/api.w.org\/{rel}","templated":true}]}}