{"id":2369,"date":"2014-05-21T00:10:03","date_gmt":"2014-05-21T00:10:03","guid":{"rendered":"http:\/\/piekarscy.com.pl\/?p=2369"},"modified":"2014-03-17T15:57:13","modified_gmt":"2014-03-17T15:57:13","slug":"franciszek-gorczycki-notatki-z-opoczynskiego-cz-5","status":"publish","type":"post","link":"http:\/\/piekarscy.com.pl\/?p=2369","title":{"rendered":"Franciszek Gorczycki  &#8222;Notatki z Opoczy\u0144skiego&#8221; cz. 5"},"content":{"rendered":"<p>Oto kolejna cz\u0119\u015b\u0107 wspomnie\u0144 z powstania styczniowego Franciszka Gorczyckiego, czyli brata mojej praprababci Stanis\u0142awy Anny Sabiny z Gorczyckich Ruszczykowskiej. Wspomnienia zosta\u0142y opublikowane w 1967 r. ksi\u0105\u017cce &#8222;Spiskowcy i partyzanci 1863 roku&#8221;.<\/p>\n<div id=\"attachment_1445\" style=\"width: 223px\" class=\"wp-caption aligncenter\"><a href=\"http:\/\/piekarscy.com.pl\/wp-content\/uploads\/2014\/02\/franciszek-Gorczycki.jpg\"><img loading=\"lazy\" decoding=\"async\" aria-describedby=\"caption-attachment-1445\" class=\"size-medium wp-image-1445\" alt=\"Franciszek Gorczyczki  \" src=\"http:\/\/piekarscy.com.pl\/wp-content\/uploads\/2014\/02\/franciszek-Gorczycki-213x300.jpg\" width=\"213\" height=\"300\" srcset=\"http:\/\/piekarscy.com.pl\/wp-content\/uploads\/2014\/02\/franciszek-Gorczycki-213x300.jpg 213w, http:\/\/piekarscy.com.pl\/wp-content\/uploads\/2014\/02\/franciszek-Gorczycki-624x877.jpg 624w, http:\/\/piekarscy.com.pl\/wp-content\/uploads\/2014\/02\/franciszek-Gorczycki.jpg 728w\" sizes=\"auto, (max-width: 213px) 100vw, 213px\" \/><\/a><p id=\"caption-attachment-1445\" class=\"wp-caption-text\">Franciszek Gorczyczki<br \/>zdj\u0119cie z okresu powstania styczniowego<\/p><\/div>\n<p><em>W Radkowie zaraz dosta\u0142em konia i zosta\u0142em zaliczony do oddzia\u0142u kawalerii Jeziora\u0144skiego wraz z kilku towarzyszami z oddzia\u0142u ojcowskiego; pod Ma\u0142ogoszcz\u0105 dobrze znalaz\u0142a si\u0119 jazda, \u017ale za\u015b piechota. Zbyteczne jest robienie planu bitwy, kt\u00f3r\u0105 si\u0119 widzia\u0142o przed 30 przesz\u0142o laty, tym bardziej, \u017ce plan ten w wydaniu Puzyrewskiego jest dok\u0142adny.<\/em><\/p>\n<p><em>Jakie by\u0142y straty powsta\u0144c\u00f3w w tej bitwie, nie wiem, wszak\u017ce musia\u0142y one by\u0107 znaczne.<\/em><\/p>\n<p><em>Wojska rosyjskie pod dow\u00f3dztwem Czengierego atakowa\u0142y powsta\u0144c\u00f3w od strony Ch\u0119cin, tj. p\u00f3\u0142nocno-wschodniej.<\/em><\/p>\n<p><em>Podczas starcia 4 tylko strza\u0142y dane by\u0142y z armat Jeziora\u0144skiego, i to z ma\u0142ym skutkiem, sama jednak obecno\u015b\u0107 armat po stronie powsta\u0144c\u00f3w sprawi\u0142a, i\u017c po pierwszym zaraz wystrzale z nich wojsko rosyjskie na chwil\u0119 przesta\u0142o posuwa\u0107 si\u0119 naprz\u00f3d.<\/em><\/p>\n<p><em>Ja w czasie bitwy by\u0142em w oddziale kawalerii na lewym skrzydle, dok\u0142adnie nie mog\u0142em widzie\u0107 co si\u0119 dzia\u0142o na prawym.<\/em><\/p>\n<p><em>Spod Ma\u0142ogoszczy Langiewicz z jeziora\u0144skim prowadzili oddzia\u0142 w stron\u0119 po\u0142udniow\u0105 i na trzeci dzie\u0144 przybyli do Pieskowej Ska\u0142y.<\/em><\/p>\n<p><em>Pluton kawalerii, do kt\u00f3rego by\u0142em zaliczony, chwilowo pod komend\u0105 studenta szko\u0142y wojskowej w Cuneo, kt\u00f3rego nazwiska dobrze nie pomn\u0119, wys\u0142any by\u0142 na rekonesans w stron\u0119 Wolbromia. Nast\u0119pnie odbyli\u015bmy rekonesanse w stron\u0119 Olkusza i Pilicy. W bitwie, a raczej w ohydnym odwrocie z Pieskowej Ska\u0142y<a title=\"\" href=\"file:\/\/\/C:\/Documents%20and%20Settings\/mpiekarska\/My%20Documents\/Franciszek%20Gorczyczki.doc#_ftn1\">[1]<\/a>, nie by\u0142em, gdy\u017c pluton nasz przedtem wys\u0142any by\u0142 na dalszy rekonesans i dopiero wracaj\u0105c us\u0142yszeli\u015bmy strza\u0142y ju\u017c blisko miasteczka Ska\u0142y.<\/em><\/p>\n<p><em>Na drug\u0105 noc powsta\u0144cy napadli na wojska rosyjskie znajduj\u0105ce si\u0119 w\u00f3wczas w Skale. Piechota rosyjska zaj\u0119\u0142a tu cmentarz na g\u00f3rze po\u0142o\u017cony i ci\u0119\u017cko pra\u017cy\u0142a atakuj\u0105cych.<\/em><\/p>\n<p><em>Jazda nasza i m\u00f3j pluton z ni\u0105 razem atakowali\u015bmy kozak\u00f3w, kt\u00f3rzy bez powa\u017cnego oporu ust\u0105pili w stron\u0119 zachodni\u0105. Ze Ska\u0142y ca\u0142y oddzia\u0142 Langiewicza przyszed\u0142 do Goszczy, wsi po\u0142o\u017conej nad szos\u0105 krakowsk\u0105, prowadz\u0105c\u0105 z Miechowa. Dok\u0142adnie nie pami\u0119tam, ile tam dni stali\u015bmy. Tu przybywa\u0142a masa ochotnik\u00f3w z Krakowa. Oddzia\u0142 \u017cuaw\u00f3w Rochebruna obozowa\u0142 na \u0142\u0105ce w namiotach. W oddziale tym byli oficerami prawie wszyscy studenci szko\u0142y w Cuneo i kilku Francuz\u00f3w. Ta cz\u0119\u015b\u0107 oddzia\u0142u Langiewicza najwi\u0119cej by\u0142a mustrowana. Czachowski<a title=\"\" href=\"file:\/\/\/C:\/Documents%20and%20Settings\/mpiekarska\/My%20Documents\/Franciszek%20Gorczyczki.doc#_ftn2\">[2]<\/a> dowodzi\u0142 piechot\u0105, strzelcami, Czapski<a title=\"\" href=\"file:\/\/\/C:\/Documents%20and%20Settings\/mpiekarska\/My%20Documents\/Franciszek%20Gorczyczki.doc#_ftn3\">[3]<\/a> \u2013 kawaleri\u0105.<\/em><\/p>\n<p><em>Pustowojtow<a title=\"\" href=\"file:\/\/\/C:\/Documents%20and%20Settings\/mpiekarska\/My%20Documents\/Franciszek%20Gorczyczki.doc#_ftn4\">[4]<\/a> by\u0142a rzeczywi\u015bcie adiutantem Czapskiego, a nie Langiewicza. Oddzia\u0142 w Goszczy r\u00f3s\u0142 z dnia na dzie\u0144, bro\u0144 i \u0142adunki przywo\u017cono codziennie z Krakowa. S\u0105dz\u0119, i\u017c w chwili wymarszu st\u0105d oddzia\u0142 ca\u0142y m\u00f3g\u0142 liczy\u0107 oko\u0142o 8 tysi\u0119cy do 9 tysi\u0119cy ludzi.<a title=\"\" href=\"file:\/\/\/C:\/Documents%20and%20Settings\/mpiekarska\/My%20Documents\/Franciszek%20Gorczyczki.doc#_ftn5\">[5]<\/a><\/em><\/p>\n<p><em>Plac\u00f3wki oko\u0142o Goszczy by\u0142y rozstawione prawid\u0142owo. Wysy\u0142ano r\u00f3wnie\u017c rekonesanse.<\/em><\/p>\n<p><em>Langiewicz prawie \u017ce nie wychodzi\u0142 z dworu, gdzie mia\u0142 kwater\u0119. Stary Czapski stara\u0142 si\u0119 o utrzymanie w porz\u0105dku swej jazdy. Cz\u0119\u015b\u0107 oddzia\u0142u nale\u017c\u0105ca dawniej do jeziora\u0144skiego i ta piechota, kt\u00f3r\u0105 dowodzi\u0142 Czachowski, by\u0142y utrzymane w wi\u0119kszym rygorze, jak reszta wojsk powsta\u0144czych.<\/em><\/p>\n<p><em>Nas najm\u0142odszych najwi\u0119cej wysy\u0142ano na rekonesanse, gdy\u017c my m\u0142odzi byli\u015bmy pos\u0142uszniejsi od starszych. Pami\u0119tam Jaszowskiego,<a title=\"\" href=\"file:\/\/\/C:\/Documents%20and%20Settings\/mpiekarska\/My%20Documents\/Franciszek%20Gorczyczki.doc#_ftn6\">[6]<\/a> jak g\u0142o\u015bno m\u00f3wi\u0142: \u201eM\u0142odych wysy\u0142a\u0107 na pikiety, bo starzy nieg\u0142upi stanc po kilka godzin.\u201d<\/em><\/p>\n<p><em>\u017buawi i cz\u0119\u015b\u0107 piechoty Czachowskiego mogli stawi\u0107 op\u00f3r jako rzeczywiste wojsko, reszta by\u0142a to zbieranina. Dwa szwadrony kawalerii by\u0142y r\u00f3wnie\u017c porz\u0105dniej przez oficer\u00f3w Jeziora\u0144skiego pilnowane, reszta w zupe\u0142nym nie\u0142adzie.<\/em><\/p>\n<p><em>Nie pami\u0119tam dok\u0142adnie, ile dni sta\u0142 oddzia\u0142 w Goszczy, ale sta\u0142 tam do\u015b\u0107 d\u0142ugo<a title=\"\" href=\"file:\/\/\/C:\/Documents%20and%20Settings\/mpiekarska\/My%20Documents\/Franciszek%20Gorczyczki.doc#_ftn7\">[7]<\/a>. Langiewicz nie my\u015bla\u0142 o musztrowaniu oddzia\u0142u, tylko o zrobieniu z siebie wielkiego cz\u0142owieka, tam te\u017c og\u0142osi\u0142 sw\u0105 dyktatur\u0119, kt\u00f3ra w rezultacie nie trwa\u0142a ca\u0142ego tygodnia<a title=\"\" href=\"file:\/\/\/C:\/Documents%20and%20Settings\/mpiekarska\/My%20Documents\/Franciszek%20Gorczyczki.doc#_ftn8\">[8]<\/a>.<\/em><\/p>\n<div>\n<hr align=\"left\" size=\"1\" width=\"33%\" \/>\n<div>\n<p><em><a title=\"\" href=\"file:\/\/\/C:\/Documents%20and%20Settings\/mpiekarska\/My%20Documents\/Franciszek%20Gorczyczki.doc#_ftnref1\">[1]<\/a> Bitwa w Pieskowej Skale rozegra\u0142a si\u0119 4.III.1863.<\/em><\/p>\n<\/div>\n<div>\n<p><em><a title=\"\" href=\"file:\/\/\/C:\/Documents%20and%20Settings\/mpiekarska\/My%20Documents\/Franciszek%20Gorczyczki.doc#_ftnref2\">[2]<\/a> Dionizy Feliks Czachowski (ur. 1810 w Niedabylu, zm. 1863) \u2013 pu\u0142kownik, naczelnik wojenny wojew\u00f3dztwa sandomierskiego w powstaniu styczniowym.<\/em><\/p>\n<\/div>\n<div>\n<p><em><a title=\"\" href=\"file:\/\/\/C:\/Documents%20and%20Settings\/mpiekarska\/My%20Documents\/Franciszek%20Gorczyczki.doc#_ftnref3\">[3]<\/a> J\u00f3zef Ludwik Hutten-Czapski h. Leliwa, hrabia, (ur. 1806 w Mierzanowie k. P\u0142ocka, zm. 1900 w Krakowie) \u2013 oficer wojsk powstania listopadowego i powstania wielkopolskiego 1848 roku, genera\u0142 w powstaniu styczniowym, ochotnik-szeregowiec armii francuskiej w wojnie francusko-pruskiej 1870 roku, kawaler orderu Virtuti Militari.<\/em><\/p>\n<\/div>\n<div>\n<p><em><a title=\"\" href=\"file:\/\/\/C:\/Documents%20and%20Settings\/mpiekarska\/My%20Documents\/Franciszek%20Gorczyczki.doc#_ftnref4\">[4]<\/a> Anna Henryka Pustow\u00f3jt\u00f3wna, rzadziej Pustowojtowa tak\u017ce Henryka Pustowojt\u00f3wna, Henryka Lewenhard, Henryka Loewenhardt (ros. \u0301\u0410\u043d\u043d\u0430 \u0422\u0440\u043e\u0444\u0301\u0438\u043c\u043e\u0432\u043d\u0430 \u041f\u0443\u0441\u0442\u043e\u0432\u043e\u0439\u0442\u0301\u043e\u0432\u0430 tak\u017ce \u0410\u043d\u043d\u0430 \u0422\u0435\u043e\u0444\u0438\u043b\u043e\u0432\u043d\u0430 \u041f\u0443\u0441\u0442\u043e\u0432\u043e\u0439\u0442\u043e\u0432\u0430, franc. Henriette Pustawoitoff, Henriette Lewenhard (ur. 1838 w Wierzchowiskach ko\u0142o Lublina, zm. 2 maja 1881 w Pary\u017cu) \u2013 powstaniec styczniowy (u\u017cywa\u0142a pseudonimu Micha\u0142 Smok), sanitariuszka podczas wojny francusko-pruskiej i Komuny Paryskiej.<\/em><\/p>\n<\/div>\n<div>\n<p><em><a title=\"\" href=\"file:\/\/\/C:\/Documents%20and%20Settings\/mpiekarska\/My%20Documents\/Franciszek%20Gorczyczki.doc#_ftnref5\">[5]<\/a> Liczba znacznie przesadzona. Zdaniem historyk\u00f3w oddzia\u0142 liczy\u0142 od 2600 do 3000 ludzi.<\/em><\/p>\n<\/div>\n<div>\n<p><em><a title=\"\" href=\"file:\/\/\/C:\/Documents%20and%20Settings\/mpiekarska\/My%20Documents\/Franciszek%20Gorczyczki.doc#_ftnref6\">[6]<\/a> Prawdopodobnie chodzi o Stanis\u0142awa Jankowskiego<\/em><\/p>\n<\/div>\n<div>\n<p><em><a title=\"\" href=\"file:\/\/\/C:\/Documents%20and%20Settings\/mpiekarska\/My%20Documents\/Franciszek%20Gorczyczki.doc#_ftnref7\">[7]<\/a> W Gosczy Langiewicz stan\u0105\u0142 6.III i tu 10.III og\u0142osi\u0142 si\u0119 dyktatorem. 13 by\u0142 ju\u017c w Sosn\u00f3wce.<\/em><\/p>\n<\/div>\n<div>\n<p><em><a title=\"\" href=\"file:\/\/\/C:\/Documents%20and%20Settings\/mpiekarska\/My%20Documents\/Franciszek%20Gorczyczki.doc#_ftnref8\">[8]<\/a> Langiewicz opu\u015bci\u0142 ob\u00f3z 19.III.1863.<\/em><\/p>\n<\/div>\n<\/div>\n","protected":false},"excerpt":{"rendered":"<p>Oto kolejna cz\u0119\u015b\u0107 wspomnie\u0144 z powstania styczniowego Franciszka Gorczyckiego, czyli brata mojej praprababci Stanis\u0142awy Anny Sabiny z Gorczyckich Ruszczykowskiej. Wspomnienia zosta\u0142y opublikowane w 1967 r. ksi\u0105\u017cce &#8222;Spiskowcy i partyzanci 1863 roku&#8221;. W Radkowie zaraz dosta\u0142em konia i zosta\u0142em zaliczony do oddzia\u0142u kawalerii Jeziora\u0144skiego wraz z kilku towarzyszami z oddzia\u0142u ojcowskiego; pod Ma\u0142ogoszcz\u0105 dobrze znalaz\u0142a si\u0119 [&hellip;]<\/p>\n","protected":false},"author":1,"featured_media":0,"comment_status":"closed","ping_status":"closed","sticky":false,"template":"","format":"standard","meta":{"footnotes":""},"categories":[6],"tags":[236,290,251],"class_list":["post-2369","post","type-post","status-publish","format-standard","hentry","category-gorczyccy","tag-franciszek-gorczycki","tag-powstanie-styczniowe","tag-wspomnienia"],"_links":{"self":[{"href":"http:\/\/piekarscy.com.pl\/index.php?rest_route=\/wp\/v2\/posts\/2369","targetHints":{"allow":["GET"]}}],"collection":[{"href":"http:\/\/piekarscy.com.pl\/index.php?rest_route=\/wp\/v2\/posts"}],"about":[{"href":"http:\/\/piekarscy.com.pl\/index.php?rest_route=\/wp\/v2\/types\/post"}],"author":[{"embeddable":true,"href":"http:\/\/piekarscy.com.pl\/index.php?rest_route=\/wp\/v2\/users\/1"}],"replies":[{"embeddable":true,"href":"http:\/\/piekarscy.com.pl\/index.php?rest_route=%2Fwp%2Fv2%2Fcomments&post=2369"}],"version-history":[{"count":4,"href":"http:\/\/piekarscy.com.pl\/index.php?rest_route=\/wp\/v2\/posts\/2369\/revisions"}],"predecessor-version":[{"id":2416,"href":"http:\/\/piekarscy.com.pl\/index.php?rest_route=\/wp\/v2\/posts\/2369\/revisions\/2416"}],"wp:attachment":[{"href":"http:\/\/piekarscy.com.pl\/index.php?rest_route=%2Fwp%2Fv2%2Fmedia&parent=2369"}],"wp:term":[{"taxonomy":"category","embeddable":true,"href":"http:\/\/piekarscy.com.pl\/index.php?rest_route=%2Fwp%2Fv2%2Fcategories&post=2369"},{"taxonomy":"post_tag","embeddable":true,"href":"http:\/\/piekarscy.com.pl\/index.php?rest_route=%2Fwp%2Fv2%2Ftags&post=2369"}],"curies":[{"name":"wp","href":"https:\/\/api.w.org\/{rel}","templated":true}]}}