{"id":2372,"date":"2014-05-24T00:37:30","date_gmt":"2014-05-24T00:37:30","guid":{"rendered":"http:\/\/piekarscy.com.pl\/?p=2372"},"modified":"2014-03-17T15:57:05","modified_gmt":"2014-03-17T15:57:05","slug":"franciszek-gorczycki-notatki-z-opoczynskiego-cz-6","status":"publish","type":"post","link":"http:\/\/piekarscy.com.pl\/?p=2372","title":{"rendered":"Franciszek Gorczycki  &#8222;Notatki z Opoczy\u0144skiego&#8221; cz. 6"},"content":{"rendered":"<p>Oto kolejna cz\u0119\u015b\u0107 wspomnie\u0144 z powstania styczniowego Franciszka Gorczyckiego, czyli brata mojej praprababci Stanis\u0142awy Anny Sabiny z Gorczyckich Ruszczykowskiej. Wspomnienia zosta\u0142y opublikowane w 1967 r. ksi\u0105\u017cce &#8222;Spiskowcy i partyzanci 1863 roku&#8221;.<\/p>\n<div id=\"attachment_1445\" style=\"width: 223px\" class=\"wp-caption aligncenter\"><a href=\"http:\/\/piekarscy.com.pl\/wp-content\/uploads\/2014\/02\/franciszek-Gorczycki.jpg\"><img loading=\"lazy\" decoding=\"async\" aria-describedby=\"caption-attachment-1445\" class=\"size-medium wp-image-1445\" alt=\"franciszek Gorczycki\" src=\"http:\/\/piekarscy.com.pl\/wp-content\/uploads\/2014\/02\/franciszek-Gorczycki-213x300.jpg\" width=\"213\" height=\"300\" srcset=\"http:\/\/piekarscy.com.pl\/wp-content\/uploads\/2014\/02\/franciszek-Gorczycki-213x300.jpg 213w, http:\/\/piekarscy.com.pl\/wp-content\/uploads\/2014\/02\/franciszek-Gorczycki-624x877.jpg 624w, http:\/\/piekarscy.com.pl\/wp-content\/uploads\/2014\/02\/franciszek-Gorczycki.jpg 728w\" sizes=\"auto, (max-width: 213px) 100vw, 213px\" \/><\/a><p id=\"caption-attachment-1445\" class=\"wp-caption-text\">Franciszek Gorczyczki<br \/>zdj\u0119cie z okresu powstania styczniowego<\/p><\/div>\n<p><em>Nie pami\u0119tam dok\u0142adnie, ile dni sta\u0142 oddzia\u0142 w Goszczy, ale sta\u0142 tam do\u015b\u0107 d\u0142ugo<a title=\"\" href=\"file:\/\/\/C:\/Documents%20and%20Settings\/mpiekarska\/My%20Documents\/Franciszek%20Gorczyczki.doc#_ftn1\">[1]<\/a>. Langiewicz nie my\u015bla\u0142 o musztrowaniu oddzia\u0142u, tylko o zrobieniu z siebie wielkiego cz\u0142owieka, tam te\u017c og\u0142osi\u0142 sw\u0105 dyktatur\u0119, kt\u00f3ra w rezultacie nie trwa\u0142a ca\u0142ego tygodnia<a title=\"\" href=\"file:\/\/\/C:\/Documents%20and%20Settings\/mpiekarska\/My%20Documents\/Franciszek%20Gorczyczki.doc#_ftn2\">[2]<\/a>.<\/em><\/p>\n<p><em>Z Goszczy wys\u0142a\u0142 Jeziora\u0144ski po naradzeniu si\u0119 z Langiewiczem szwadron kawalerii na rekonesans w stron\u0119 Miechowa; by\u0142em w tym szwadronie. Spotkali\u015bmy rekonesans rosyjski wys\u0142any z tego miasta w stron\u0119 S\u0142omnik, z\u0142o\u017cony z piechoty i kozak\u00f3w. Nast\u0119pnie szwadron nasz przeszed\u0142 w stron\u0119 Pi\u0144czowa i tam dowiedzia\u0142 si\u0119 dowodz\u0105cy nasz, \u017ce wojsko z Miechowa i Kielc wychodzi na oddzia\u0142 Langiewicza celem rozbicia go i wyp\u0119dzenia resztek do Galicji. Taki raport przy mnie z\u0142o\u017cy\u0142 nasz dow\u00f3dca jeziora\u0144skiemu.<\/em><\/p>\n<p><em>Na drugi dzie\u0144 rano ca\u0142y oddzia\u0142 dyktatora Langiewicza wyruszy\u0142 w stron\u0119 p\u00f3\u0142nocn\u0105. Szwadron, w kt\u00f3rym s\u0142u\u017cy\u0142em, szed\u0142 w awangardzie na mil\u0119 przodem, przeszli\u015bmy Nid\u0119 pod Chrobrzem i kiedy doje\u017cd\u017cali\u015bmy do Buska, oko\u0142o godziny 5 po po\u0142udniu us\u0142yszeli\u015bmy strza\u0142y armatnie w stron\u0119 Chrobrza<a title=\"\" href=\"file:\/\/\/C:\/Documents%20and%20Settings\/mpiekarska\/My%20Documents\/Franciszek%20Gorczyczki.doc#_ftn3\">[3]<\/a>. Nie zna\u0142em dobrze polecenia, jakie mia\u0142 dow\u00f3dca szwadronu, zdaje si\u0119, \u017ce g\u0142ownie sz\u0142o o to, aby oddzia\u0142 nie pad\u0142 w zasadzk\u0119 mi\u0119dzy Czangierego<a title=\"\" href=\"file:\/\/\/C:\/Documents%20and%20Settings\/mpiekarska\/My%20Documents\/Franciszek%20Gorczyczki.doc#_ftn4\">[4]<\/a> z Kielc, a oddzia\u0142, kt\u00f3ry mia\u0142 wyj\u015b\u0107 ze Staszowa oraz z Radomia na pomoc Czengieremu. Strza\u0142\u00f3w armatnich by\u0142o niewiele \u2013 mo\u017ce sze\u015b\u0107 czy osiem. Ca\u0142\u0105 noc nast\u0119pn\u0105 je\u017adzili\u015bmy to w stron\u0119 Pi\u0144czowa, to zn\u00f3w w stron\u0119 Chmielnika, a rano stan\u0119li\u015bmy dla odpoczynku dla ludzi i koni<a title=\"\" href=\"file:\/\/\/C:\/Documents%20and%20Settings\/mpiekarska\/My%20Documents\/Franciszek%20Gorczyczki.doc#_ftn5\">[5]<\/a>.<\/em><\/p>\n<div>\n<hr align=\"left\" size=\"1\" width=\"33%\" \/>\n<div>\n<p><em><a title=\"\" href=\"file:\/\/\/C:\/Documents%20and%20Settings\/mpiekarska\/My%20Documents\/Franciszek%20Gorczyczki.doc#_ftnref1\">[1]<\/a> W Gosczy Langiewicz stan\u0105\u0142 6.III i tu 10.III og\u0142osi\u0142 si\u0119 dyktatorem. 13 by\u0142 ju\u017c w Sosn\u00f3wce.<\/em><\/p>\n<\/div>\n<div>\n<p><em><a title=\"\" href=\"file:\/\/\/C:\/Documents%20and%20Settings\/mpiekarska\/My%20Documents\/Franciszek%20Gorczyczki.doc#_ftnref2\">[2]<\/a> Langiewicz opu\u015bci\u0142 ob\u00f3z 19.III.1863.<\/em><\/p>\n<\/div>\n<div>\n<p><em><a title=\"\" href=\"file:\/\/\/C:\/Documents%20and%20Settings\/mpiekarska\/My%20Documents\/Franciszek%20Gorczyczki.doc#_ftnref3\">[3]<\/a> Zapewne odg\u0142osy bitwy pod Chrobrzem 17.III.1863<\/em><\/p>\n<\/div>\n<div>\n<p><em><a title=\"\" href=\"file:\/\/\/C:\/Documents%20and%20Settings\/mpiekarska\/My%20Documents\/Franciszek%20Gorczyczki.doc#_ftnref4\">[4]<\/a> Ksawery Osipowicz Czengiery (\u0427\u0435\u043d\u0433\u0435\u0440\u044b \u041a\u0441\u0430\u0432\u0435\u0440\u0438\u0439 \u041e\u0441\u0438\u043f\u043e\u0432\u0438\u0447, ur. 1816, zm. 1880) \u2013 rosyjski genera\u0142, uczestnik walk w powstaniu styczniowym.<\/em><\/p>\n<\/div>\n<div>\n<p><em><a title=\"\" href=\"file:\/\/\/C:\/Documents%20and%20Settings\/mpiekarska\/My%20Documents\/Franciszek%20Gorczyczki.doc#_ftnref5\">[5]<\/a> W tym mojescu wspomnienia si\u0119 urywaj\u0105. Jak wiadomo z historii, po opuszczeniu obozu przez \u00a0Langiewicza armia uleg\u0142a rozproszeniu. Cz\u0119\u015b\u0107 zdezerterowa\u0142a, cz\u0119\u015b\u0107 za\u015b od dow. \u015amiechowskiego po bitwie pod Igo\u0142omi\u0105 (21.III) przekroczy\u0142a granic\u0119 \u015bcigana przez wojsko rosyjskie. Franciszek Gorczyczki w nieznanych okoliczno\u015bciach znalaz\u0142 si\u0119 r\u00f3wnie\u017c poza kordonem. W Krakowie zaci\u0105gn\u0105\u0142 si\u0119 znowu do szereg\u00f3w powsta\u0144czych.\u00a0<\/em><\/p>\n<\/div>\n<\/div>\n","protected":false},"excerpt":{"rendered":"<p>Oto kolejna cz\u0119\u015b\u0107 wspomnie\u0144 z powstania styczniowego Franciszka Gorczyckiego, czyli brata mojej praprababci Stanis\u0142awy Anny Sabiny z Gorczyckich Ruszczykowskiej. Wspomnienia zosta\u0142y opublikowane w 1967 r. ksi\u0105\u017cce &#8222;Spiskowcy i partyzanci 1863 roku&#8221;. Nie pami\u0119tam dok\u0142adnie, ile dni sta\u0142 oddzia\u0142 w Goszczy, ale sta\u0142 tam do\u015b\u0107 d\u0142ugo[1]. Langiewicz nie my\u015bla\u0142 o musztrowaniu oddzia\u0142u, tylko o zrobieniu z [&hellip;]<\/p>\n","protected":false},"author":1,"featured_media":0,"comment_status":"closed","ping_status":"closed","sticky":false,"template":"","format":"standard","meta":{"footnotes":""},"categories":[6],"tags":[236,290,251],"class_list":["post-2372","post","type-post","status-publish","format-standard","hentry","category-gorczyccy","tag-franciszek-gorczycki","tag-powstanie-styczniowe","tag-wspomnienia"],"_links":{"self":[{"href":"http:\/\/piekarscy.com.pl\/index.php?rest_route=\/wp\/v2\/posts\/2372","targetHints":{"allow":["GET"]}}],"collection":[{"href":"http:\/\/piekarscy.com.pl\/index.php?rest_route=\/wp\/v2\/posts"}],"about":[{"href":"http:\/\/piekarscy.com.pl\/index.php?rest_route=\/wp\/v2\/types\/post"}],"author":[{"embeddable":true,"href":"http:\/\/piekarscy.com.pl\/index.php?rest_route=\/wp\/v2\/users\/1"}],"replies":[{"embeddable":true,"href":"http:\/\/piekarscy.com.pl\/index.php?rest_route=%2Fwp%2Fv2%2Fcomments&post=2372"}],"version-history":[{"count":2,"href":"http:\/\/piekarscy.com.pl\/index.php?rest_route=\/wp\/v2\/posts\/2372\/revisions"}],"predecessor-version":[{"id":2415,"href":"http:\/\/piekarscy.com.pl\/index.php?rest_route=\/wp\/v2\/posts\/2372\/revisions\/2415"}],"wp:attachment":[{"href":"http:\/\/piekarscy.com.pl\/index.php?rest_route=%2Fwp%2Fv2%2Fmedia&parent=2372"}],"wp:term":[{"taxonomy":"category","embeddable":true,"href":"http:\/\/piekarscy.com.pl\/index.php?rest_route=%2Fwp%2Fv2%2Fcategories&post=2372"},{"taxonomy":"post_tag","embeddable":true,"href":"http:\/\/piekarscy.com.pl\/index.php?rest_route=%2Fwp%2Fv2%2Ftags&post=2372"}],"curies":[{"name":"wp","href":"https:\/\/api.w.org\/{rel}","templated":true}]}}