{"id":2378,"date":"2014-06-07T00:21:38","date_gmt":"2014-06-07T00:21:38","guid":{"rendered":"http:\/\/piekarscy.com.pl\/?p=2378"},"modified":"2014-03-17T15:56:45","modified_gmt":"2014-03-17T15:56:45","slug":"franciszek-gorczycki-notatki-z-opoczynskiego-cz-8","status":"publish","type":"post","link":"http:\/\/piekarscy.com.pl\/?p=2378","title":{"rendered":"Franciszek Gorczycki  &#8222;Notatki z Opoczy\u0144skiego&#8221; cz. 8"},"content":{"rendered":"<p>Oto kolejna cz\u0119\u015b\u0107 wspomnie\u0144 z powstania styczniowego Franciszka Gorczyckiego, czyli brata mojej praprababci Stanis\u0142awy Anny Sabiny z Gorczyckich Ruszczykowskiej. Wspomnienia zosta\u0142y opublikowane w 1967 r. ksi\u0105\u017cce &#8222;Spiskowcy i partyzanci 1863 roku&#8221;.<\/p>\n<div id=\"attachment_1445\" style=\"width: 223px\" class=\"wp-caption aligncenter\"><a href=\"http:\/\/piekarscy.com.pl\/wp-content\/uploads\/2014\/02\/franciszek-Gorczycki.jpg\"><img loading=\"lazy\" decoding=\"async\" aria-describedby=\"caption-attachment-1445\" class=\"size-medium wp-image-1445\" alt=\"franciszek Gorczycki\" src=\"http:\/\/piekarscy.com.pl\/wp-content\/uploads\/2014\/02\/franciszek-Gorczycki-213x300.jpg\" width=\"213\" height=\"300\" srcset=\"http:\/\/piekarscy.com.pl\/wp-content\/uploads\/2014\/02\/franciszek-Gorczycki-213x300.jpg 213w, http:\/\/piekarscy.com.pl\/wp-content\/uploads\/2014\/02\/franciszek-Gorczycki-624x877.jpg 624w, http:\/\/piekarscy.com.pl\/wp-content\/uploads\/2014\/02\/franciszek-Gorczycki.jpg 728w\" sizes=\"auto, (max-width: 213px) 100vw, 213px\" \/><\/a><p id=\"caption-attachment-1445\" class=\"wp-caption-text\">Franciszek Gorczyczki<br \/>zdj\u0119cie z okresu powstania styczniowego<\/p><\/div>\n<p><em>Chmieli\u0144ski najpierw formowa\u0142 sw\u00f3j oddzia\u0142 w lasach do d\u00f3br Potok Z\u0142oty nale\u017c\u0105cych. Zacz\u0105\u0142 formowa\u0107 ten oddzia\u0142 w czerwcu czy tez pocz\u0105tkach lipca (nie pami\u0119tam dok\u0142adnie)<a title=\"\" href=\"file:\/\/\/C:\/Documents%20and%20Settings\/mpiekarska\/My%20Documents\/Franciszek%20Gorczyczki.doc#_ftn1\">[1]<\/a>, w lesie pomi\u0119dzy wsi\u0105 Gorzk\u00f3w a miasteczkiem Huciska, przy dw\u00f3ch niebotycznych jod\u0142ach, kt\u00f3re do dzi\u015b dnia mo\u017cna widzie\u0107 wznosz\u0105ce si\u0119 wy\u017cej nad lasy, w kt\u00f3rych stoj\u0105.<\/em><\/p>\n<p><em>Porz\u0105dek w obozie Chmiele\u0144skiego by\u0142 wzorowy. Chmiele\u0144ski nawet za ostro, za despotycznie obchodzi\u0142 si\u0119 ze swoimi \u017co\u0142nierzami.<\/em><\/p>\n<p><em>W pierwszych dniach sierpnia dano zna\u0107 Chmiele\u0144skiemu, \u017ce 2 roty piechoty przysz\u0142y do janowa (ma\u0142a mie\u015bcina, le\u017c\u0105ca dzi\u015b w powiecie cz\u0119stochowskim) o 6 wiorst od jego oddzia\u0142u odleg\u0142ego.<\/em><\/p>\n<p><em>Chmiele\u0144ski ze swoim oddzia\u0142em wyruszy\u0142 do janowa i zaatakowa\u0142 najpierw wojsko rosyjskie, kt\u00f3rego cz\u0119\u015b\u0107 w czasie upa\u0142u k\u0105pa\u0142a si\u0119 w stawie przy by\u0142ej fabryce machin w Poniku. Nast\u0119pnie z osady Ponik atakowa\u0142a uciekaj\u0105cych \u017co\u0142nierzy do Janowa dalej o 1\/5 wiorsty le\u017c\u0105cego (na strza\u0142 karabinowy). Rosjanie zatarasowali si\u0119 w domach, a Chmiele\u0144ski po bardzo kr\u00f3tkim ataku na nich powr\u00f3ci\u0142 do swego obozu w lesie pod Hucisko. Po tej utarczce wojsko rosyjskie spali\u0142o ca\u0142e prawie miasteczko Jan\u00f3w i wiosk\u0119 Ponik.<\/em><\/p>\n<p><em>Dla 15 sierpnia 1863 r. Chmiele\u0144ski\u00a0 z oddzia\u0142em swoim oko\u0142o 300 piechoty i 60 konnicy przyszed\u0142 do wsi Bia\u0142a Wielka pod Lelowem (pow. W\u0142oszczowski)i rozstawi\u0142 si\u0119 w podw\u00f3rzu pomi\u0119dzy dwoma folwarkami po\u0142o\u017conym. Po po\u0142udniu dano zna\u0107 Chmiele\u0144skiemu, \u017ce oddzia\u0142 wojska rosyjskiego idzie ku Lelowu i prowadzi ze sob\u0105 dwie armaty; wojsko to przed wieczorem stan\u0119\u0142o rzeczywi\u015bcie w Lelowie w odleg\u0142o\u015bci dw\u00f3ch wiorst od Bia\u0142ej. Znajduj\u0105cy si\u0119 w tej wsi na wizycie obywatele prosili teraz Chmiele\u0144skiego, aby st\u0105d wyszed\u0142 z oddzia\u0142em i je\u017celi chce przyj\u0105\u0107 bitw\u0119, niech lepiej obierze sobie dogodniejsz\u0105 pozycj\u0119, aby nie nara\u017ca\u0142 folwarku na spalenie. Odpar\u0142 im na to: \u201eChcecie si\u0119 mnie pozby\u0107, dlatego wyprawiacie z Bia\u0142ej\u201d, upar\u0142 si\u0119 i zosta\u0142 tu na noc. Nadmieniam, \u017ce Bia\u0142a le\u017cy w kotlinie nad rzek\u0105 Bia\u0142k\u0105, pozycja wi\u0119c obozu by\u0142a taka, \u017ce z g\u00f3ry, zza wsi wojsko rosyjskie mog\u0142o strzela\u0107 do powsta\u0144c\u00f3w jak do kaczek. Chmiele\u0144ski kaza\u0142 tylko zaprz\u0105c do woz\u00f3w wszystkie konie w\u0142a\u015bciciela d\u00f3br Bia\u0142a i sta\u0142y tak przez noc ca\u0142\u0105. Nad ranem pikiety oddzia\u0142u bez wystrza\u0142u posprz\u0105tali kozacy, i to nie tylko te, kt\u00f3re sta\u0142y od strony Lelowa, ale nawet i pikiet\u0119 konn\u0105, stoj\u0105c\u0105 przy m\u0142ynie z drugiej strony Bia\u0142ej, po czym przed wschodem s\u0142o\u0144ca wpad\u0142a z nienacka na ob\u00f3z Chmiele\u0144skiego piechota rosyjska. Ca\u0142y wi\u0119c oddzia\u0142 jego w najwi\u0119kszym nie\u0142adzie i pop\u0142ochu uciek\u0142 do lasu w stron\u0119 wsi Drochlin po\u0142o\u017conego, po stracie kilku ludzi w zabitych i rannych; przy czym wojsko rosyjskie zapewne \u017cadnej straty nie ponios\u0142o, zabra\u0142o za\u015b w\u0142a\u015bcicielowi Bia\u0142ej wszystkie jego konie i wozy, kt\u00f3re potem musia\u0142 na licytacji w Cz\u0119stochowie wykupywa\u0107, a powsta\u0144com ca\u0142y ich ob\u00f3z<a title=\"\" href=\"file:\/\/\/C:\/Documents%20and%20Settings\/mpiekarska\/My%20Documents\/Franciszek%20Gorczyczki.doc#_ftn2\">[2]<\/a>.\u00a0<\/em><\/p>\n<p><em>Kto dowodzi\u0142 tu Rosjanami, nie wiem. By\u0107 mo\u017ce, \u017ce Erenrot z Cz\u0119stochowy. Armaty, cho\u0107 by\u0142y ustawione za wsi\u0105, nie by\u0142y czynne w tym starciu.<\/em><\/p>\n<div>\n<hr align=\"left\" size=\"1\" width=\"33%\" \/>\n<div>\n<p><em><a title=\"\" href=\"file:\/\/\/C:\/Documents%20and%20Settings\/mpiekarska\/My%20Documents\/Franciszek%20Gorczyczki.doc#_ftnref1\">[1]<\/a> Wg. Historyk\u00f3w w ko\u0144cu czerwca i pocz\u0105tkach lipca Chmiele\u0144ski zorganizowa\u0142 w powiecie olkuskim oddzia\u0142 ok. 200 jazdy i st\u0105d wyruszy\u0142 pod Jan\u00f3w, gdzie 6 VII stoczy\u0142 bitw\u0119.<\/em><\/p>\n<\/div>\n<div>\n<p><em><a title=\"\" href=\"file:\/\/\/C:\/Documents%20and%20Settings\/mpiekarska\/My%20Documents\/Franciszek%20Gorczyczki.doc#_ftnref2\">[2]<\/a> Do bitwy nad Bia\u0142\u0105 dosz\u0142o 18.VI.<\/em><\/p>\n<\/div>\n<\/div>\n","protected":false},"excerpt":{"rendered":"<p>Oto kolejna cz\u0119\u015b\u0107 wspomnie\u0144 z powstania styczniowego Franciszka Gorczyckiego, czyli brata mojej praprababci Stanis\u0142awy Anny Sabiny z Gorczyckich Ruszczykowskiej. Wspomnienia zosta\u0142y opublikowane w 1967 r. ksi\u0105\u017cce &#8222;Spiskowcy i partyzanci 1863 roku&#8221;. Chmieli\u0144ski najpierw formowa\u0142 sw\u00f3j oddzia\u0142 w lasach do d\u00f3br Potok Z\u0142oty nale\u017c\u0105cych. Zacz\u0105\u0142 formowa\u0107 ten oddzia\u0142 w czerwcu czy tez pocz\u0105tkach lipca (nie pami\u0119tam [&hellip;]<\/p>\n","protected":false},"author":1,"featured_media":0,"comment_status":"closed","ping_status":"closed","sticky":false,"template":"","format":"standard","meta":{"footnotes":""},"categories":[6],"tags":[236,290,251],"class_list":["post-2378","post","type-post","status-publish","format-standard","hentry","category-gorczyccy","tag-franciszek-gorczycki","tag-powstanie-styczniowe","tag-wspomnienia"],"_links":{"self":[{"href":"http:\/\/piekarscy.com.pl\/index.php?rest_route=\/wp\/v2\/posts\/2378","targetHints":{"allow":["GET"]}}],"collection":[{"href":"http:\/\/piekarscy.com.pl\/index.php?rest_route=\/wp\/v2\/posts"}],"about":[{"href":"http:\/\/piekarscy.com.pl\/index.php?rest_route=\/wp\/v2\/types\/post"}],"author":[{"embeddable":true,"href":"http:\/\/piekarscy.com.pl\/index.php?rest_route=\/wp\/v2\/users\/1"}],"replies":[{"embeddable":true,"href":"http:\/\/piekarscy.com.pl\/index.php?rest_route=%2Fwp%2Fv2%2Fcomments&post=2378"}],"version-history":[{"count":2,"href":"http:\/\/piekarscy.com.pl\/index.php?rest_route=\/wp\/v2\/posts\/2378\/revisions"}],"predecessor-version":[{"id":2413,"href":"http:\/\/piekarscy.com.pl\/index.php?rest_route=\/wp\/v2\/posts\/2378\/revisions\/2413"}],"wp:attachment":[{"href":"http:\/\/piekarscy.com.pl\/index.php?rest_route=%2Fwp%2Fv2%2Fmedia&parent=2378"}],"wp:term":[{"taxonomy":"category","embeddable":true,"href":"http:\/\/piekarscy.com.pl\/index.php?rest_route=%2Fwp%2Fv2%2Fcategories&post=2378"},{"taxonomy":"post_tag","embeddable":true,"href":"http:\/\/piekarscy.com.pl\/index.php?rest_route=%2Fwp%2Fv2%2Ftags&post=2378"}],"curies":[{"name":"wp","href":"https:\/\/api.w.org\/{rel}","templated":true}]}}