{"id":2402,"date":"2014-06-18T00:20:31","date_gmt":"2014-06-18T00:20:31","guid":{"rendered":"http:\/\/piekarscy.com.pl\/?p=2402"},"modified":"2014-03-17T15:56:19","modified_gmt":"2014-03-17T15:56:19","slug":"franciszek-gorczycki-notatki-z-opoczynskiego-cz-10","status":"publish","type":"post","link":"http:\/\/piekarscy.com.pl\/?p=2402","title":{"rendered":"Franciszek Gorczycki  &#8222;Notatki z Opoczy\u0144skiego&#8221; cz. 10"},"content":{"rendered":"<p>Oto kolejna cz\u0119\u015b\u0107 wspomnie\u0144 z powstania styczniowego Franciszka Gorczyckiego, czyli brata mojej praprababci Stanis\u0142awy Anny Sabiny z Gorczyckich Ruszczykowskiej. Wspomnienia zosta\u0142y opublikowane w 1967 r. ksi\u0105\u017cce &#8222;Spiskowcy i partyzanci 1863 roku&#8221;.<\/p>\n<div id=\"attachment_1445\" style=\"width: 223px\" class=\"wp-caption aligncenter\"><a href=\"http:\/\/piekarscy.com.pl\/wp-content\/uploads\/2014\/02\/franciszek-Gorczycki.jpg\"><img loading=\"lazy\" decoding=\"async\" aria-describedby=\"caption-attachment-1445\" class=\"size-medium wp-image-1445\" alt=\"franciszek Gorczycki\" src=\"http:\/\/piekarscy.com.pl\/wp-content\/uploads\/2014\/02\/franciszek-Gorczycki-213x300.jpg\" width=\"213\" height=\"300\" srcset=\"http:\/\/piekarscy.com.pl\/wp-content\/uploads\/2014\/02\/franciszek-Gorczycki-213x300.jpg 213w, http:\/\/piekarscy.com.pl\/wp-content\/uploads\/2014\/02\/franciszek-Gorczycki-624x877.jpg 624w, http:\/\/piekarscy.com.pl\/wp-content\/uploads\/2014\/02\/franciszek-Gorczycki.jpg 728w\" sizes=\"auto, (max-width: 213px) 100vw, 213px\" \/><\/a><p id=\"caption-attachment-1445\" class=\"wp-caption-text\">Franciszek Gorczyczki<br \/>zdj\u0119cie z okresu powstania styczniowego<\/p><\/div>\n<p><em>W ostatnich dniach wrze\u015bnia 1863r., dok\u0142adnie daty nie pami\u0119tam, przyjecha\u0142 Kurowski, pe\u0142ni\u0105cy w\u00f3wczas godno\u015b\u0107 komisarza Rz\u0105du Narodowego, z Krakowa do Drochlina (wie\u015b po\u0142o\u017cona pomi\u0119dzy Koniecpolem a Lelowem). Tu od 2 dni sta\u0142 oddzia\u0142 Chmiele\u0144skiego. Oddzia\u0142 iskry (Soko\u0142owskiego) sta\u0142 za Koniecpolem w stron\u0119 W\u0142oszczowy. Z Drochlina wyprawiono do Iskry 2 oficer\u00f3w z 20 kawalerzystami w celu sprowadzenia do Drochlina Iskry, co im si\u0119 uda\u0142o. Tu zaaresztowali go. Na drugi dzie\u0144 sprowadzono tu te\u017c ca\u0142y jego oddzia\u0142, kt\u00f3ry sk\u0142ada\u0142 si\u0119 w\u00f3wczas z 50 kawalerzyst\u00f3w i oko\u0142o 350 ludzi piechoty. Czy Kurowski przyjecha\u0142 do Chmiele\u0144skiego ju\u017c z wyrokiem albo te\u017c czy go dopiero w Drochlinie s\u0105dzono, dobrze nie wiem; skazany on jednak zosta\u0142 na kar\u0119 \u015bmierci przez rozstrzelanie.<\/em><\/p>\n<p><em>Iskra rzeczywi\u015bcie zaniedbywa\u0142 si\u0119 okropnie, nie wiem, czy pi\u0142, ale podobno oddzia\u0142 jego wyprawia\u0142 najohydniejsze nadu\u017cycia.<\/em><\/p>\n<p><em>Sam Iskra zgwa\u0142ci\u0142 pann\u0119 R. i pozwala\u0142 na podobne rzeczy nie tylko oficerom, ale i \u017co\u0142nierzom swoim. \u017bo\u0142nierze jego zapu\u015bcili ogie\u0144 w stodole we wsi w okolicy W\u0142oszczowy. Stodo\u0142a si\u0119 spali\u0142a, a w niej znaczna cz\u0119\u015b\u0107 broni i amunicji, a ustawione w stodole karabiny w czasie po\u017caru wybucha\u0142y i nie mo\u017cna by\u0142o do nich przyst\u0105pi\u0107.<\/em><\/p>\n<p><em>Iskra zosta\u0142 rozstrzelany w Drochlinie na b\u0142oniu od strony Koniecpola i tam pochowany. W kilka lat szcz\u0105tki iskry zosta\u0142y naruszone przez okolicznych owczarzy-gu\u015blarzy.\u00a0<\/em><\/p>\n","protected":false},"excerpt":{"rendered":"<p>Oto kolejna cz\u0119\u015b\u0107 wspomnie\u0144 z powstania styczniowego Franciszka Gorczyckiego, czyli brata mojej praprababci Stanis\u0142awy Anny Sabiny z Gorczyckich Ruszczykowskiej. Wspomnienia zosta\u0142y opublikowane w 1967 r. ksi\u0105\u017cce &#8222;Spiskowcy i partyzanci 1863 roku&#8221;. W ostatnich dniach wrze\u015bnia 1863r., dok\u0142adnie daty nie pami\u0119tam, przyjecha\u0142 Kurowski, pe\u0142ni\u0105cy w\u00f3wczas godno\u015b\u0107 komisarza Rz\u0105du Narodowego, z Krakowa do Drochlina (wie\u015b po\u0142o\u017cona pomi\u0119dzy [&hellip;]<\/p>\n","protected":false},"author":1,"featured_media":0,"comment_status":"closed","ping_status":"closed","sticky":false,"template":"","format":"standard","meta":{"footnotes":""},"categories":[6],"tags":[236,290,251],"class_list":["post-2402","post","type-post","status-publish","format-standard","hentry","category-gorczyccy","tag-franciszek-gorczycki","tag-powstanie-styczniowe","tag-wspomnienia"],"_links":{"self":[{"href":"http:\/\/piekarscy.com.pl\/index.php?rest_route=\/wp\/v2\/posts\/2402","targetHints":{"allow":["GET"]}}],"collection":[{"href":"http:\/\/piekarscy.com.pl\/index.php?rest_route=\/wp\/v2\/posts"}],"about":[{"href":"http:\/\/piekarscy.com.pl\/index.php?rest_route=\/wp\/v2\/types\/post"}],"author":[{"embeddable":true,"href":"http:\/\/piekarscy.com.pl\/index.php?rest_route=\/wp\/v2\/users\/1"}],"replies":[{"embeddable":true,"href":"http:\/\/piekarscy.com.pl\/index.php?rest_route=%2Fwp%2Fv2%2Fcomments&post=2402"}],"version-history":[{"count":2,"href":"http:\/\/piekarscy.com.pl\/index.php?rest_route=\/wp\/v2\/posts\/2402\/revisions"}],"predecessor-version":[{"id":2411,"href":"http:\/\/piekarscy.com.pl\/index.php?rest_route=\/wp\/v2\/posts\/2402\/revisions\/2411"}],"wp:attachment":[{"href":"http:\/\/piekarscy.com.pl\/index.php?rest_route=%2Fwp%2Fv2%2Fmedia&parent=2402"}],"wp:term":[{"taxonomy":"category","embeddable":true,"href":"http:\/\/piekarscy.com.pl\/index.php?rest_route=%2Fwp%2Fv2%2Fcategories&post=2402"},{"taxonomy":"post_tag","embeddable":true,"href":"http:\/\/piekarscy.com.pl\/index.php?rest_route=%2Fwp%2Fv2%2Ftags&post=2402"}],"curies":[{"name":"wp","href":"https:\/\/api.w.org\/{rel}","templated":true}]}}