{"id":2513,"date":"2014-08-03T00:54:38","date_gmt":"2014-08-03T00:54:38","guid":{"rendered":"http:\/\/piekarscy.com.pl\/?p=2513"},"modified":"2014-04-18T13:10:37","modified_gmt":"2014-04-18T13:10:37","slug":"maciej-piekarski-dzieje-rodziny-tchorzow-cz-6","status":"publish","type":"post","link":"http:\/\/piekarscy.com.pl\/?p=2513","title":{"rendered":"Maciej Piekarski &#8222;Dzieje rodziny Tch\u00f3rzow&#8221; &#8211; cz. 6."},"content":{"rendered":"<p>Dalszy ci\u0105g niepublikowanego reporta\u017cu wspomnieniowego mojego Ojca.<\/p>\n<div id=\"attachment_2482\" style=\"width: 216px\" class=\"wp-caption aligncenter\"><a href=\"http:\/\/piekarscy.com.pl\/wp-content\/uploads\/2014\/07\/janek.jpg\"><img loading=\"lazy\" decoding=\"async\" aria-describedby=\"caption-attachment-2482\" class=\"wp-image-2482 size-medium\" src=\"http:\/\/piekarscy.com.pl\/wp-content\/uploads\/2014\/07\/janek-206x300.jpg\" alt=\"janek\" width=\"206\" height=\"300\" srcset=\"http:\/\/piekarscy.com.pl\/wp-content\/uploads\/2014\/07\/janek-206x300.jpg 206w, http:\/\/piekarscy.com.pl\/wp-content\/uploads\/2014\/07\/janek.jpg 591w\" sizes=\"auto, (max-width: 206px) 100vw, 206px\" \/><\/a><p id=\"caption-attachment-2482\" class=\"wp-caption-text\">Jan Tch\u00f3rz na zdj\u0119ciu zrobionym zaraz po otwarciu wagonu kolejowego na stacji Warszawa Wschodnia<\/p><\/div>\n<p><em><strong>DALSZY CI\u0104G OPOWIE\u015aCI MAMY TCH\u00d3RZYNY I DALSZY CI\u0104G DZIEJ\u00d3W JANKA<\/strong><\/em><\/p>\n<p><em>&#8211; W \u017belechowie? By\u0142 tam teki o\u015brodek na dole. W \u017belechowie na dole. Tam by\u0142o. Taki m\u0142yn i te\u017c by\u0142 taki jakby o\u015brodek pomocy, nie? I by\u0142o mieszkanie te\u017c zabrane. To si\u0119 nazywa\u0142o, tak jakby powiedzie\u0107 higienistka. Opatrunki robi\u0142a nad wysiedlonymi miejscowa z \u017belechowa. Jak mnie pozna\u0142a to ja si\u0119 czepi\u0142am, \u017ceby jak\u0105\u015b prac\u0119 otrzyma\u0107. I oni mnie dali na Dom Starc\u00f3w. Gotowa\u0142am tam, us\u0142ugiwa\u0142am, wod\u0119 nosi\u0142am. I taki wypadek by\u0142, \u017ce mnie jedna umar\u0142a staruszka i starzec. To mu\u00adsia\u0142am do magistratu to zg\u0142asza\u0107. To ja mia\u0142am kup\u0119 zaj\u0119cia. Dostawa\u0142am nagrody sto z\u0142otych miesi\u0119cznie od pana burmistrza, obiad dostawa\u0142am w kuchni, co gotowali dla nas wysiedlonych. Ch\u0142opiec starszy s\u0142u\u017cy\u0142 u gospodarza, a m\u0142odszy Tadzio chodzi\u0142 do ochronki i dostawa\u0142 \u015bniadanie, i obiad w ochronce i par\u0119 deka chleba na kolacje. I by\u0142 burmistrz miasta Doma\u0144ski i wiceburmistrzowie. Pewnego dnia przyjechali zwiedza\u0107 ten Dom Star\u00adc\u00f3w. I cz\u0119sto przychodzi\u0142a \u017cona burmistrza taka m\u0142odociana wtenczas. I ona da\u0142a mi takie malutkie zdj\u0119cie i m\u00f3wi, \u017ce ten ch\u0142opczyk, kt\u00f3ry tu jest ze szpitala zosta\u0142 zabrany. O! Czy poznam?! No to ja pozna\u0142am.- Ale ju\u017c w\u0142osk\u00f3w nie by\u0142o. Nakryty by\u0142 kocykiem I ona m\u00f3wi: Czy? Czy on, ten dzieciak pani?! M\u00f3wi\u0119 W\u0142osk\u00f3w nie ma, ale oczka! Oczka podobie\u0144stwo. Tylko, \u017ce wyszczupla\u0142, bo przecie\u017c by\u0142 chory. Ju\u017c on, m\u00f3wi, gdzie indziej on jest. O w ten spos\u00f3b. On inne ca\u0142kiem ma imi\u0119. A teraz prosz\u0119 wyja\u015bni\u0107, jakie ma imi\u0119. To ja wyja\u015bni\u0142am. Ona mi powiedzia\u0142a gdzie jest Jasiunio. P\u00f3\u017aniej jak przyjecha\u0142a taka handlarka ja m\u00f3wi\u0119: Czy by nie mog\u0142a pani poprosi\u0107, \u017ceby pani pomog\u0142a za mnie kartofli poobiera\u0107 na kuchni, ja bym wzi\u0119\u0142a, to posz\u0142a do magistratu tam do tych swoich, do sekretarza, do wiceburmistrza, do burmistrza, \u017ceby mnie dali zwolnienie. To ja bym raczy\u0142a se pojecha\u0107 tam odnale\u017a\u0107 go, mego Jasiunia, gdzie on jest. I w ten spos\u00f3b to si\u0119 sta\u0142o. Pierwszy raz si\u0119 dosta\u0142am to by\u0142 jeszcze most,<br \/>\n<\/em><em>W tym momencie Mama Tch\u00f3rzyna westch\u0119\u0142a g\u0142\u0119boko, a ja zn\u00f3w na moment wr\u00f3ci\u0142em do w\u0142asnych wspomnie\u0144.<\/em><\/p>\n<p><em>Po odnalezieniu matki Janka rodzice zostali powiadomieni przez EGO. R\u00f3wnocze\u015bnie RGO nades\u0142a\u0142o nast\u0119puj\u0105cy dokument s<\/em><\/p>\n<p><a href=\"http:\/\/piekarscy.com.pl\/wp-content\/uploads\/2014\/07\/dokument-RGO.jpg\"><img loading=\"lazy\" decoding=\"async\" class=\"aligncenter size-medium wp-image-2481\" src=\"http:\/\/piekarscy.com.pl\/wp-content\/uploads\/2014\/07\/dokument-RGO-300x212.jpg\" alt=\"dokument RGO\" width=\"300\" height=\"212\" srcset=\"http:\/\/piekarscy.com.pl\/wp-content\/uploads\/2014\/07\/dokument-RGO-300x212.jpg 300w, http:\/\/piekarscy.com.pl\/wp-content\/uploads\/2014\/07\/dokument-RGO-1024x725.jpg 1024w, http:\/\/piekarscy.com.pl\/wp-content\/uploads\/2014\/07\/dokument-RGO-624x441.jpg 624w, http:\/\/piekarscy.com.pl\/wp-content\/uploads\/2014\/07\/dokument-RGO.jpg 1655w\" sizes=\"auto, (max-width: 300px) 100vw, 300px\" \/><\/a><\/p>\n<p><em>POLNISCHES HAUPTAUSSCHUSS Warschau, den 1.V.1943<br \/>\n<\/em><em>RADA G\u0141\u00d3WNA OPIEKU\u0143CZA Warszawa, dnia<br \/>\n<\/em><em>Polniszes Hilfskomitee Fredry 6<br \/>\n<\/em><em>Warschau<br \/>\n<\/em><em>Doradca na Okr\u0119g Warszawski<br \/>\n<\/em><em>Za\u015bwiadczenie<br \/>\n<\/em><em>Rada G\u0142\u00f3wna Opieku\u0144cza, Doradca na Okr\u0119g Warszawski, za\u015bwiadcza, \u017ce pp. Bronis\u0142aw i Janina Piekarscy, zamieszkali w Warszawie, ul. Morszy\u0144ska 5 m 7 wzi\u0119li na wychowanie z RGO dziecko pozbawione opieki rodzic\u00f3w: Jana Tch\u00f3rza, lat 2 i \u00bd Imi\u0119 matki Zofia, imi\u0119 Ojca nieznane.<br \/>\n<\/em><em>Doradca RGO na Okr\u0119g Warszawski<br \/>\n<\/em><em>\/M.Baehr\/<br \/>\n<\/em><em>podpis nieczytelny i piecz\u0105tka pod\u0142u\u017cna z napisem: POLNISCHES HAUPTAUSSCHUSS<br \/>\n<\/em><em>RADA G\u0141\u00d3WNA OPIEKU\u0143CZA<\/em><\/p>\n<p><em>Niebawem te\u017c nadszed\u0142 od Mamy Tch\u00f3rzyny list:<\/em><\/p>\n<p><a href=\"http:\/\/piekarscy.com.pl\/wp-content\/uploads\/2014\/04\/list1a.jpg\"><img loading=\"lazy\" decoding=\"async\" class=\"aligncenter size-medium wp-image-2514\" src=\"http:\/\/piekarscy.com.pl\/wp-content\/uploads\/2014\/04\/list1a-300x234.jpg\" alt=\"list1a\" width=\"300\" height=\"234\" srcset=\"http:\/\/piekarscy.com.pl\/wp-content\/uploads\/2014\/04\/list1a-300x234.jpg 300w, http:\/\/piekarscy.com.pl\/wp-content\/uploads\/2014\/04\/list1a-1024x800.jpg 1024w, http:\/\/piekarscy.com.pl\/wp-content\/uploads\/2014\/04\/list1a-624x487.jpg 624w, http:\/\/piekarscy.com.pl\/wp-content\/uploads\/2014\/04\/list1a.jpg 1783w\" sizes=\"auto, (max-width: 300px) 100vw, 300px\" \/><\/a> <a href=\"http:\/\/piekarscy.com.pl\/wp-content\/uploads\/2014\/04\/list1b.jpg\"><img loading=\"lazy\" decoding=\"async\" class=\"aligncenter size-medium wp-image-2515\" src=\"http:\/\/piekarscy.com.pl\/wp-content\/uploads\/2014\/04\/list1b-300x238.jpg\" alt=\"list1b\" width=\"300\" height=\"238\" srcset=\"http:\/\/piekarscy.com.pl\/wp-content\/uploads\/2014\/04\/list1b-300x238.jpg 300w, http:\/\/piekarscy.com.pl\/wp-content\/uploads\/2014\/04\/list1b-1024x813.jpg 1024w, http:\/\/piekarscy.com.pl\/wp-content\/uploads\/2014\/04\/list1b-624x495.jpg 624w, http:\/\/piekarscy.com.pl\/wp-content\/uploads\/2014\/04\/list1b.jpg 1764w\" sizes=\"auto, (max-width: 300px) 100vw, 300px\" \/><\/a><\/p>\n<p><em>\u201eW pierwszych s\u0142owach mego listu Niech b\u0119dzie pochwalony Jezus Chrystus. Droga Pani! Przepraszam, \u017ce tak d\u0142ugo nie pisa\u0142am. Nie mia\u0142am zdj\u0119cia z obuch braciszk\u00f3w Jasiowych &#8211; Bolcia i Tadzia m\u0142odszego. Dwie mam jeszcze c\u00f3rki Walerci\u0119 i Stefci\u0119. Jedna jest w Berlinie a druga w Prusach u gospodarz\u0105. Starczej lepiej a w Berlinie m\u0142odszej gorzej. D\u0142u\u017cszy czas nie wiedzia\u0142am o nich, bo nie mia\u0142am adresu. Otrzyma\u0142am listy od obydw\u00f3ch w maju. Pisz\u0105, \u017ce s\u0105 zdrowe. To mnie cieszy. Jasiowi posy\u0142am fotografi\u0119 w li\u015bcie i obrazek. Dzi\u0119kuj\u0119 Pani za czu\u0142e serce, \u017ce si\u0119 Pani zaopiekowa\u0142a moim dzieckiem. Teraz ju\u017c si\u0119 przyzwyczai\u0142em do swego losu, w jakim si\u0119 obecnie znajduj\u0119. Nie wyobra\u017ca sobie Pani jak mia\u0142em pocz\u0105tkowo jak mnie przywie\u017ali do \u017belechowa.<br \/>\n<\/em><em>Posy\u0142am cz\u0119sto paczki do c\u00f3rki, bo pisze, ze brak jej \u017cywno\u015bci. Pisa\u0142a mi w li\u015bcie, \u017ce dostaj\u0105 zup\u0119 szpinakow\u0105 na czystej wodzie i po porcyji chleba. \u017bo\u0142niersk\u0105 bochenk\u0119 na cztery osoby i idzie na ca\u0142y dzie\u0144 do fabryki. Pracuje przy amunicji i materia\u0142ach wybuchowych.<br \/>\n<\/em><em>Pozdrawiam Pani\u0105 z ca\u0142\u0105 rodzin\u0105 i synka Jasia<br \/>\n<\/em><em>Zofia Tch\u00f3rz\u201d<\/em><\/p>\n<p><em>Kt\u00f3rego\u015b dnia do drzwi kto\u015b zastuka\u0142. Mama powiedzia\u0142a, prosz\u0119. Drzwi si\u0119 otworzy\u0142y i wesz\u0142a wiejska zabiedzona kobiecina o czarnych l\u015bni\u0105cych oczach z pi\u0119knymi kruczymi w\u0142osami przypr\u00f3szonymi siwizn\u0105 owini\u0119ta w kraciast\u0105 chustk\u0119.<br \/>\n<\/em><em>&#8211; Niech b\u0119dzie pochwalony Jezus Chrystus &#8211; powiedzia\u0142a.<br \/>\n<\/em><em>By\u0142a jakby wystraszona.<br \/>\n<\/em><em>Na twarzy Mamy dostrzeg\u0142em jaki\u015b dziwny skurcz czy b\u0142ysk. Patrz\u0105c na kobiecin\u0119 my\u015bla\u0142em, \u017ce to \u017cebraczka.<br \/>\n<\/em><em>&#8211; Czy ja dobrze trafi\u0142am? &#8211; zapyta\u0142a.<br \/>\n<\/em><em>&#8211; O tak, na pewno dobrze &#8211; odpowiedzia\u0142a Mama jakim\u015b bar\u00addzo dziwnym g\u0142osem patrz\u0105c w jej szkl\u0105ce si\u0119 oczy.<br \/>\n<\/em><em>W dalszym ci\u0105gu nie wiedzia\u0142am, o co chodzi.<br \/>\n<\/em><em>&#8211; Jest u nas pani synek &#8211; powiedzia\u0142a Mama, a po chwili obydwie wybuchn\u0119\u0142y p\u0142aczem. &#8211; By\u0142a to Mama Janka.<br \/>\n<\/em><em>Przyjecha\u0142a zobaczy\u0107 swego Jasiunia.<br \/>\n<\/em><em>Janek nie chcia\u0142 si\u0119 przywita\u0107 ze swoj\u0105 Matk\u0105. Gdy tylko z pisma RGO Rodzice dowiedzieli si\u0119 jego prawdziwego imienia i nazwiska zacz\u0119li\u015bmy go jego uczy\u0107. Gdy m\u00f3wili\u015bmy: \u201eNazywasz si\u0119 Jan Tch\u00f3rz\u201d &#8211; on oburzony krzycza\u0142: \u201eA\u015b nie Tu\u015b ! A\u015b Krzy\u015b!!!\u201d<br \/>\n<\/em><em>Gdy rodzona Matka przytuli\u0142 go do piersi i zacz\u0119\u0142a go ca\u0142owa\u0107, odepchn\u0105\u0142 j\u0105 brutalnie i pocz\u0105\u0142 wydrapywa\u0107 ka\u017cdy poca\u0142unek.<br \/>\n<\/em><em>Mama Tch\u00f3rzyna strasznie to prze\u017cywa\u0142a. Przecie\u017c zabrano jej nie tylko Janka. Dwie c\u00f3rki przebywa\u0142y w Niemczech w strasznych warunkach. List od Stefci, kt\u00f3ry nam pokazywa\u0142a by\u0142 wstrz\u0105saj\u0105cy. Berlin ju\u017c w\u00f3wczas by\u0142 stale bombardowany przez aliant\u00f3w.<br \/>\n<\/em><em>\u201e&#8230;Wiosna jest tutaj bardzo dziwna Mamo! Lataj\u0105 zw\u0142aszcza w nocy takie du\u017ce ci\u0119\u017ckie ptaki i gubi\u0105 olbrzymie ci\u0119\u017ckie pi\u00f3ra. A wtedy s\u0142ycha\u0107 tylko jeden syk &#8211; mamo!&#8230;\u201d<br \/>\n<\/em><em>Mama Tch\u00f3rzyna w\u00f3wczas zosta\u0142a u nas kilka dni. Rodzice chcieli, \u017ceby si\u0119 Janek do niej przyzwyczai\u0142. My\u015bmy z Antkiem byli zwa\u017ceni. Cieszyli\u015bmy si\u0119, \u017ce odnalaz\u0142a si\u0119 Mama Janka, a z drugiej strony bali\u015bmy si\u0119, \u017ce zechce nam go zabra\u0107. Mia\u0142a do tego prawo.<br \/>\n<\/em><em>Nie mog\u0142o by\u0107 mowy o zabraniu. Nie by\u0142a w stanie zapewni\u0107 mu bytu. Odbierze go dopiero po wojnie.<br \/>\n<\/em><em>Po kilku dniach wyjecha\u0142a do swych ch\u0142opc\u00f3w. Pierwszy list nadszed\u0142 zaraz w kilkana\u015bcie dni po jej odje\u017adzie: By\u0142 wstrz\u0105saj\u0105cy:<\/em><\/p>\n<p><a href=\"http:\/\/piekarscy.com.pl\/wp-content\/uploads\/2014\/04\/list2a.jpg\"><img loading=\"lazy\" decoding=\"async\" class=\"aligncenter size-medium wp-image-2516\" src=\"http:\/\/piekarscy.com.pl\/wp-content\/uploads\/2014\/04\/list2a-203x300.jpg\" alt=\"list2a\" width=\"203\" height=\"300\" srcset=\"http:\/\/piekarscy.com.pl\/wp-content\/uploads\/2014\/04\/list2a-203x300.jpg 203w, http:\/\/piekarscy.com.pl\/wp-content\/uploads\/2014\/04\/list2a-694x1024.jpg 694w, http:\/\/piekarscy.com.pl\/wp-content\/uploads\/2014\/04\/list2a-624x919.jpg 624w, http:\/\/piekarscy.com.pl\/wp-content\/uploads\/2014\/04\/list2a.jpg 1052w\" sizes=\"auto, (max-width: 203px) 100vw, 203px\" \/><\/a> <a href=\"http:\/\/piekarscy.com.pl\/wp-content\/uploads\/2014\/04\/list2b.jpg\"><img loading=\"lazy\" decoding=\"async\" class=\"aligncenter size-medium wp-image-2517\" src=\"http:\/\/piekarscy.com.pl\/wp-content\/uploads\/2014\/04\/list2b-202x300.jpg\" alt=\"list2b\" width=\"202\" height=\"300\" srcset=\"http:\/\/piekarscy.com.pl\/wp-content\/uploads\/2014\/04\/list2b-202x300.jpg 202w, http:\/\/piekarscy.com.pl\/wp-content\/uploads\/2014\/04\/list2b-690x1024.jpg 690w, http:\/\/piekarscy.com.pl\/wp-content\/uploads\/2014\/04\/list2b-624x925.jpg 624w, http:\/\/piekarscy.com.pl\/wp-content\/uploads\/2014\/04\/list2b.jpg 1048w\" sizes=\"auto, (max-width: 202px) 100vw, 202px\" \/><\/a><\/p>\n<p><em>\u201eDrogie Pa\u0144stwo! Donosz\u0119 Wam o swojem zdrowiu i powodzeniu. Gdym wr\u00f3ci\u0142a od Pa\u0144stwa mia\u0142am listy od c\u00f3rek. Przykro mnie. Bardzo t\u0119skni\u0105. M\u0142odsza pisa\u0142a, \u017ce nie wykona\u0142a w fabryce roboty, a jak si\u0119 a tem nie zgodzi to oddadz\u0105 j\u0105 do obozu. Je\u017adzi\u0142am w swoje strony do Zamojszczyzny. Dom m\u00f3j rozebrali i na inne miejsce z\u0142o\u017cyli. Pole obsiewaj\u0105 ci, co gospodarz\u0105. Ojca odwiedzi\u0142am. Czuje si\u0119 niedobrze, cc ju\u017c liczy sobie 70 lat. Starsza c\u00f3rka wr\u00f3ci\u0142a z powrotem na maj\u0105\u00adtek z fabryki, Tadziu i Bolciu dzi\u0119ki zdrowi. Ja si\u0119 czu\u0142am niedobrze, bo z przem\u0119czenia. W Rejowcu czeka\u0142em na poci\u0105g szesna\u015bcie godzin i par\u0119 minut. Mamusia pozdrawia Jasiunia, ca\u0142uje tysi\u0105c razy i r\u00f3wnie\u017c wszystkich w domu i pozdrawiam najbli\u017cszych. Szcz\u0119\u015bliwego prze\u017cycia. Tak na razie ko\u0144cz\u0119 te par\u0119 s\u0142\u00f3w.<br \/>\n<\/em><em>Zofia Tch\u00f3rzyna\u201d.<br \/>\n<\/em><em>Korespondencja z Mam\u0105 Tch\u00f3rzyn\u0105 trwa\u0142a a\u017c do nadej\u015bcia frontu.<\/em><\/p>\n<p>c.d.n.<\/p>\n","protected":false},"excerpt":{"rendered":"<p>Dalszy ci\u0105g niepublikowanego reporta\u017cu wspomnieniowego mojego Ojca. DALSZY CI\u0104G OPOWIE\u015aCI MAMY TCH\u00d3RZYNY I DALSZY CI\u0104G DZIEJ\u00d3W JANKA &#8211; W \u017belechowie? By\u0142 tam teki o\u015brodek na dole. W \u017belechowie na dole. Tam by\u0142o. Taki m\u0142yn i te\u017c by\u0142 taki jakby o\u015brodek pomocy, nie? I by\u0142o mieszkanie te\u017c zabrane. To si\u0119 nazywa\u0142o, tak jakby powiedzie\u0107 higienistka. Opatrunki [&hellip;]<\/p>\n","protected":false},"author":1,"featured_media":0,"comment_status":"closed","ping_status":"closed","sticky":false,"template":"","format":"standard","meta":{"footnotes":""},"categories":[3,309],"tags":[310,311,140,139,308,251,313],"class_list":["post-2513","post","type-post","status-publish","format-standard","hentry","category-piekarscy","category-tchorz","tag-dzieje-rodziny-tchorzow","tag-jan-tchorz","tag-maciej-pawel-piekarski","tag-maciej-piekarski","tag-reportaz","tag-wspomnienia","tag-zofia-tchorz"],"_links":{"self":[{"href":"http:\/\/piekarscy.com.pl\/index.php?rest_route=\/wp\/v2\/posts\/2513","targetHints":{"allow":["GET"]}}],"collection":[{"href":"http:\/\/piekarscy.com.pl\/index.php?rest_route=\/wp\/v2\/posts"}],"about":[{"href":"http:\/\/piekarscy.com.pl\/index.php?rest_route=\/wp\/v2\/types\/post"}],"author":[{"embeddable":true,"href":"http:\/\/piekarscy.com.pl\/index.php?rest_route=\/wp\/v2\/users\/1"}],"replies":[{"embeddable":true,"href":"http:\/\/piekarscy.com.pl\/index.php?rest_route=%2Fwp%2Fv2%2Fcomments&post=2513"}],"version-history":[{"count":1,"href":"http:\/\/piekarscy.com.pl\/index.php?rest_route=\/wp\/v2\/posts\/2513\/revisions"}],"predecessor-version":[{"id":2518,"href":"http:\/\/piekarscy.com.pl\/index.php?rest_route=\/wp\/v2\/posts\/2513\/revisions\/2518"}],"wp:attachment":[{"href":"http:\/\/piekarscy.com.pl\/index.php?rest_route=%2Fwp%2Fv2%2Fmedia&parent=2513"}],"wp:term":[{"taxonomy":"category","embeddable":true,"href":"http:\/\/piekarscy.com.pl\/index.php?rest_route=%2Fwp%2Fv2%2Fcategories&post=2513"},{"taxonomy":"post_tag","embeddable":true,"href":"http:\/\/piekarscy.com.pl\/index.php?rest_route=%2Fwp%2Fv2%2Ftags&post=2513"}],"curies":[{"name":"wp","href":"https:\/\/api.w.org\/{rel}","templated":true}]}}