{"id":2521,"date":"2014-08-17T00:15:34","date_gmt":"2014-08-17T00:15:34","guid":{"rendered":"http:\/\/piekarscy.com.pl\/?p=2521"},"modified":"2014-04-18T13:10:48","modified_gmt":"2014-04-18T13:10:48","slug":"maciej-piekarski-dzieje-rodziny-tchorzow-cz-8","status":"publish","type":"post","link":"http:\/\/piekarscy.com.pl\/?p=2521","title":{"rendered":"Maciej Piekarski &#8222;Dzieje rodziny Tch\u00f3rzow&#8221; &#8211; cz. 8."},"content":{"rendered":"<p>Dalszy ci\u0105g niepublikowanego reporta\u017cu wspomnieniowego mojego Ojca.<\/p>\n<div id=\"attachment_2482\" style=\"width: 216px\" class=\"wp-caption aligncenter\"><a href=\"http:\/\/piekarscy.com.pl\/wp-content\/uploads\/2014\/07\/janek.jpg\"><img loading=\"lazy\" decoding=\"async\" aria-describedby=\"caption-attachment-2482\" class=\"wp-image-2482 size-medium\" src=\"http:\/\/piekarscy.com.pl\/wp-content\/uploads\/2014\/07\/janek-206x300.jpg\" alt=\"janek\" width=\"206\" height=\"300\" srcset=\"http:\/\/piekarscy.com.pl\/wp-content\/uploads\/2014\/07\/janek-206x300.jpg 206w, http:\/\/piekarscy.com.pl\/wp-content\/uploads\/2014\/07\/janek.jpg 591w\" sizes=\"auto, (max-width: 206px) 100vw, 206px\" \/><\/a><p id=\"caption-attachment-2482\" class=\"wp-caption-text\">Jan Tch\u00f3rz na zdj\u0119ciu zrobionym zaraz po otwarciu wagonu kolejowego na stacji Warszawa Wschodnia<\/p><\/div>\n<p><em>&#8211; I tu za dwa dni przyjecha\u0142 Wo\u017aniak z \u017belechowa, kt\u00f3ren by\u0142 sekretarzem i mia\u0142 po\u0142\u0105czenie. Kuzyna mia\u0142 w Warszawie. Kiedy przyje\u017cd\u017ca do mnie, daje zna\u0107, \u017ce \u201eSyn pani \u017cyje!\u201d Bo mi m\u00f3wi\u0142a Piekarskich kole\u017canka. Powr\u00f3cili. I co tam mia\u0142am, com mog\u0142a i com zdoby\u0142a, tom to wzi\u0119\u0142a ze sob\u0105, aby si\u0119 przedosta\u0107. To pami\u0119tam jak dzi\u015b, Jakem si\u0119 chcia\u0142a tam do Was dosta\u0107. W\u0142a\u015bciwie ju\u017c mostu nie by\u0142o. I wtenczas wszyscy siadaj\u0105 na \u0142\u00f3dk\u0119. Ten przewo\u017anik jeszcze mnie si\u0119 pyta: \u201ePani ma odwag\u0119? Bo nam si\u0119 woda przez \u0142\u00f3dk\u0119 przeliwa\u201d \u201eMam\u201d &#8211; m\u00f3wi\u0119 &#8211; \u201eNie b\u0119d\u0119 si\u0119 ba\u0142a\u201d. To prosz\u0119 wsi\u0105\u015b\u0107!\u201d I ja wsiad\u0142am. Cz\u0142owiek, co przewozi\u0142, to nas by\u0142o mo\u017ce nie bardzo du\u017co nabra\u0142, bo mu woda bardzo, przecie\u017c te dziury by\u0142y w tej \u0142\u00f3dce, to on wios\u0142owa\u0142 i \u201eR\u0119cami &#8211; m\u00f3wi &#8211; kobiety, kt\u00f3re macie odwag\u0119, jak si\u0119 nie boicie na wod\u0119 patrze\u0107. Niech was nie obchodzi. Ino wychlubujcie wod\u0119, bo b\u0119dzie nam ton\u0105\u0107!, m\u00f3wi, ta nasza \u0142\u00f3dka.I \u015bmieje si\u0119. Jak, m\u00f3wi, \u017ce zatoniemy, to, co b\u0119dziemy robi\u0107? \u00a0M\u00f3wi i \u015bmieje si\u0119. To ja bior\u0119, po\u0142o\u017cy\u0142am si\u0119 na takie siedzenie, by\u0142o i t\u0119 wod\u0119 chlupi\u0119, ale jednak jako\u015b przyjecha\u0142 na to wybrze\u017ce. I ja w ten czas, tam by\u0142o dwie kobieciny, pytam si\u0119: \u201eKt\u00f3r\u0119dy teraz si\u0119 uda\u0107 na ulice Morszy\u0144skie\u201d.<br \/>\n<\/em><em>Przypad\u0142 jaki\u015b m\u0142odzieniec, a on w\u0142a\u015bciwie kiedy\u015b tam z Antosiem si\u0119 zna\u0142. On m\u00f3wi: \u201ePoprosz\u0119! O t\u0105 \u015bcie\u017ck\u0105 p\u00f3jdziemy, p\u00f3\u017aniej ja pani\u0105 skieruj\u0119, gdzie pani p\u00f3jdzie i na te same miejsce zajdzie. Taki by\u0142 rudawy, takie mia\u0142, takie piegowate niby truszundziunie, takie niby uprzednio piegi czy co.<br \/>\n<\/em><em>Tak. Mama Janka przyjecha\u0142a jeszcze w kwietniu. Jeszcze w tym czasie, gdy Wojsko Polskie torowa\u0142o sobie drog\u0119 na Berlin. Jej przybycie wywo\u0142a\u0142o w domu olbrzymi\u0105 rodzinn\u0105 rewolucj\u0119 powoduj\u0105c\u0105 g\u0142\u0119boki wstrz\u0105s. Mieli\u015bmy cz\u0119sto o niej. Co si\u0119 z ni\u0105 dzieje, czy wr\u00f3ci\u0142a ju\u017c do siebie na Zamojszczyzn\u0119. W to, \u017ce \u017cyje nie w\u0105tpili\u015bmy ani na chwil\u0119. Kiedy w 1943 roku rozpozna\u0142a Janka na zdj\u0119ciu i przyjecha\u0142a w\u00f3wczas do nas wiedzieli\u015bmy, \u017ce przyjedzie po niego po wojnie. Nie spodziewali\u015bmy si\u0119 jednak, \u017ce to nast\u0105pi ju\u017c. Ucieszyli\u015bmy si\u0119 ze spotkania. Z drugiej strony pierwsz\u0105 chwil\u0119 rado\u015bci zm\u0105ci\u0142a \u015bwiadomo\u015b\u0107: przyjecha\u0142a po Janka. Nie powiedzia\u0142a zrazu nic na ten temat, ale my\u015bmy wiedzieli &#8211; czuli.<br \/>\n<\/em><em>Najpierw chyba wyczu\u0142 to Janek. Nie chcia\u0142 si\u0119 z Matk\u0105 przywita\u0107. Schowa\u0142 si\u0119 za sp\u00f3dnic\u0119 Babci.<br \/>\n<\/em><em>&#8211; To nie moja mama!. To nie moja mama! &#8211; krzycza\u0142 tupi\u0105c.<br \/>\n<\/em><em>Biedna Mama Tch\u00f3rzyna rozp\u0142aka\u0142a si\u0119. Tragiczni przecie\u017c by\u0142y jej dzieje.<br \/>\n<\/em><em>Smutne nast\u0105pi\u0142y dni. Mama stara\u0142a si\u0119 jak mog\u0142a, by opanowa\u0107 swoje uczucie, by ul\u017cy\u0107 Mamie Tch\u00f3rzynie, sobie, Jankowi&#8230;<br \/>\n<\/em><em>Zdoby\u0142a gdzie\u015b w sklepie cukierki i czekolad\u0119. Da\u0142a Mamie Tch\u00f3rzynie, \u017ceby mog\u0142a tym pozyska\u0107 wzgl\u0119dy syna&#8230; Nie pomog\u0142o. Janek si\u0119 zaci\u0105\u0142 &#8211; cukierki, czekolada pozosta\u0142y nietkni\u0119te. Gdy rodzona matka ca\u0142owa\u0142a go po policzkach, tuli\u0142a do piersi jak zwykle j\u0105 odpycha\u0142 i wydrapywa\u0142 ka\u017cdy poca\u0142unek.<br \/>\n<\/em><em>Dlaczego?!!! Czu\u0142 tragedi\u0119 rozstania? Jakie obrazy mia\u0142 przed oczami? Czy ten pi\u0105tego grudnia 1942 roku, gdy mia\u0142 dwa lata, kiedy mia\u0142, zawini\u0119ty w matczyn\u0105 chustk\u0119, rozpocz\u0105\u0107 tu\u0142aczk\u0119 do obozu w Zamo\u015bciu?!<br \/>\n<\/em><em>Czy ten kiedy w \u017belechowie, chorego na tyfus zabiera\u0142a go matce niemiecka schwester? Chwil\u0119 gdy go wykradano z wagonu? Mo\u017ce moment jak nasza wsp\u00f3lna Mama zabiera\u0142a go z sieroci\u0144ca?<br \/>\n<\/em><em>Czy wreszcie mo\u017ce nasze wsp\u00f3lne wyj\u015bcie z domu z piwnicy w dniu 2 wrze\u015bnia?!!!<br \/>\n<\/em><em>Janek musia\u0142 wr\u00f3ci\u0107 do swojej Matki. Wszyscy \u017ce\u015bmy to dobrze wiedzieli i rozumieli. Nikt nie porusza\u0142 tego tematu.<br \/>\n<\/em><em>Na pocz\u0105tku trzeciej dekady kwietnia nadszed\u0142 moment rozstania. Mama przygotowa\u0142a na drog\u0119 \u017cywno\u015b\u0107, Ojciec spakowa\u0142 Janka dobytek i skruszyli na Dworzec Wschodni. Janek przez ca\u0142y czas podczas drogi nie odzywa\u0142 si\u0119. Nie pomog\u0142y \u017cadne namowy, ani lody, ani cukierki, ani czekolada. Gdy nadszed\u0142 moment rozstania z przybranymi rodzicami zaledwie zdoby\u0142 si\u0119 na obj\u0119cie Ojca i Mamy za szyj\u0119. Opanowywali si\u0119, ale Tch\u00f3rzyna nie wytrzyma\u0142a i wybuchn\u0119\u0142a p\u0142aczem. Nadjecha\u0142 poci\u0105g. Trzeba by\u0142o jeszcze zaczeka\u0107, a\u017c si\u0119 z niego wy\u0142aduje wojsko jad\u0105ce w innym kierunku \u201ena front\u201d.<br \/>\n<\/em><\/p>\n<p><a href=\"http:\/\/piekarscy.com.pl\/wp-content\/uploads\/2014\/08\/meldunek1.jpg\"><img loading=\"lazy\" decoding=\"async\" class=\"aligncenter size-medium wp-image-2525\" src=\"http:\/\/piekarscy.com.pl\/wp-content\/uploads\/2014\/08\/meldunek1-300x136.jpg\" alt=\"meldunek1\" width=\"300\" height=\"136\" srcset=\"http:\/\/piekarscy.com.pl\/wp-content\/uploads\/2014\/08\/meldunek1-300x136.jpg 300w, http:\/\/piekarscy.com.pl\/wp-content\/uploads\/2014\/08\/meldunek1-624x284.jpg 624w, http:\/\/piekarscy.com.pl\/wp-content\/uploads\/2014\/08\/meldunek1.jpg 792w\" sizes=\"auto, (max-width: 300px) 100vw, 300px\" \/><\/a> <a href=\"http:\/\/piekarscy.com.pl\/wp-content\/uploads\/2014\/08\/meldunek2.jpg\"><img loading=\"lazy\" decoding=\"async\" class=\"aligncenter size-medium wp-image-2526\" src=\"http:\/\/piekarscy.com.pl\/wp-content\/uploads\/2014\/08\/meldunek2-300x141.jpg\" alt=\"meldunek2\" width=\"300\" height=\"141\" srcset=\"http:\/\/piekarscy.com.pl\/wp-content\/uploads\/2014\/08\/meldunek2-300x141.jpg 300w, http:\/\/piekarscy.com.pl\/wp-content\/uploads\/2014\/08\/meldunek2-624x294.jpg 624w, http:\/\/piekarscy.com.pl\/wp-content\/uploads\/2014\/08\/meldunek2.jpg 781w\" sizes=\"auto, (max-width: 300px) 100vw, 300px\" \/><\/a><\/p>\n<p><em>Tak si\u0119 sko\u0144czy\u0142y wojenne dzieje Janka. Siostry jego wr\u00f3ci\u0142y. Pierwsza wr\u00f3ci\u0142a Stefcia. Potem dopiero Walerka ju\u017c w 1946 roku. Wr\u00f3ci\u0142a z m\u0119\u017cem Kazimierzem Ko\u0142odziejem i c\u00f3reczk\u0105 dwumiesi\u0119czn\u0105 w\u00f3wczas Halink\u0105.<br \/>\n<\/em><em>Dwukrotnie odwiedzi\u0142em Janka po wojnie. Pierwszy raz w roku 1947 i drugi raz w roku 1964.<br \/>\n<\/em><em>Teraz w Borowinie. Starozamojskiej w dniu 19 lipca wspomnienia opowie\u015bci, nocne rozmowy w kuchni przy atole ci\u0105gn\u0119\u0142y si\u0119 do bardzo p\u00f3\u017ana.<\/em><\/p>\n<p>c.d.n.<\/p>\n","protected":false},"excerpt":{"rendered":"<p>Dalszy ci\u0105g niepublikowanego reporta\u017cu wspomnieniowego mojego Ojca. &#8211; I tu za dwa dni przyjecha\u0142 Wo\u017aniak z \u017belechowa, kt\u00f3ren by\u0142 sekretarzem i mia\u0142 po\u0142\u0105czenie. Kuzyna mia\u0142 w Warszawie. Kiedy przyje\u017cd\u017ca do mnie, daje zna\u0107, \u017ce \u201eSyn pani \u017cyje!\u201d Bo mi m\u00f3wi\u0142a Piekarskich kole\u017canka. Powr\u00f3cili. I co tam mia\u0142am, com mog\u0142a i com zdoby\u0142a, tom to wzi\u0119\u0142a [&hellip;]<\/p>\n","protected":false},"author":1,"featured_media":0,"comment_status":"closed","ping_status":"closed","sticky":false,"template":"","format":"standard","meta":{"footnotes":""},"categories":[3,309],"tags":[310,311,140,139,308,251,313],"class_list":["post-2521","post","type-post","status-publish","format-standard","hentry","category-piekarscy","category-tchorz","tag-dzieje-rodziny-tchorzow","tag-jan-tchorz","tag-maciej-pawel-piekarski","tag-maciej-piekarski","tag-reportaz","tag-wspomnienia","tag-zofia-tchorz"],"_links":{"self":[{"href":"http:\/\/piekarscy.com.pl\/index.php?rest_route=\/wp\/v2\/posts\/2521","targetHints":{"allow":["GET"]}}],"collection":[{"href":"http:\/\/piekarscy.com.pl\/index.php?rest_route=\/wp\/v2\/posts"}],"about":[{"href":"http:\/\/piekarscy.com.pl\/index.php?rest_route=\/wp\/v2\/types\/post"}],"author":[{"embeddable":true,"href":"http:\/\/piekarscy.com.pl\/index.php?rest_route=\/wp\/v2\/users\/1"}],"replies":[{"embeddable":true,"href":"http:\/\/piekarscy.com.pl\/index.php?rest_route=%2Fwp%2Fv2%2Fcomments&post=2521"}],"version-history":[{"count":3,"href":"http:\/\/piekarscy.com.pl\/index.php?rest_route=\/wp\/v2\/posts\/2521\/revisions"}],"predecessor-version":[{"id":2527,"href":"http:\/\/piekarscy.com.pl\/index.php?rest_route=\/wp\/v2\/posts\/2521\/revisions\/2527"}],"wp:attachment":[{"href":"http:\/\/piekarscy.com.pl\/index.php?rest_route=%2Fwp%2Fv2%2Fmedia&parent=2521"}],"wp:term":[{"taxonomy":"category","embeddable":true,"href":"http:\/\/piekarscy.com.pl\/index.php?rest_route=%2Fwp%2Fv2%2Fcategories&post=2521"},{"taxonomy":"post_tag","embeddable":true,"href":"http:\/\/piekarscy.com.pl\/index.php?rest_route=%2Fwp%2Fv2%2Ftags&post=2521"}],"curies":[{"name":"wp","href":"https:\/\/api.w.org\/{rel}","templated":true}]}}