{"id":2657,"date":"2014-08-13T00:39:04","date_gmt":"2014-08-13T00:39:04","guid":{"rendered":"http:\/\/piekarscy.com.pl\/?p=2657"},"modified":"2014-07-03T06:45:05","modified_gmt":"2014-07-03T06:45:05","slug":"pierwszy-notes-z-wierszami-stefanii-z-ruszczykowskich-krosnowskiej-cz-x-ostatnia","status":"publish","type":"post","link":"http:\/\/piekarscy.com.pl\/?p=2657","title":{"rendered":"Pierwszy notes z wierszami Stefanii z Ruszczykowskich Krosnowskiej cz. X (ostatnia)"},"content":{"rendered":"<p>Oto ostatnia\u00a0cz\u0119\u015b\u0107 notesu po mojej ukochanej Cioci Steni (w\u0142a\u015bciwie powinnam pisa\u0107: babci). Ciocia, na cze\u015b\u0107 kuzyna Eligiusza Niewiadomskiego mia\u0142a na drugie Eligia, ch\u0119tnie podpisywa\u0142a tym imieniem wiersze&#8230; W notesie sporo wklejanek.<\/p>\n<p><a href=\"http:\/\/piekarscy.com.pl\/wp-content\/uploads\/2014\/04\/okladka.jpg\"><img loading=\"lazy\" decoding=\"async\" class=\"aligncenter size-medium wp-image-2450\" src=\"http:\/\/piekarscy.com.pl\/wp-content\/uploads\/2014\/04\/okladka-209x300.jpg\" alt=\"okladka\" width=\"209\" height=\"300\" srcset=\"http:\/\/piekarscy.com.pl\/wp-content\/uploads\/2014\/04\/okladka-209x300.jpg 209w, http:\/\/piekarscy.com.pl\/wp-content\/uploads\/2014\/04\/okladka-715x1024.jpg 715w, http:\/\/piekarscy.com.pl\/wp-content\/uploads\/2014\/04\/okladka-624x893.jpg 624w\" sizes=\"auto, (max-width: 209px) 100vw, 209px\" \/><\/a><\/p>\n<p><a href=\"http:\/\/piekarscy.com.pl\/wp-content\/uploads\/2014\/08\/scan0043.jpg\"><img loading=\"lazy\" decoding=\"async\" class=\"aligncenter size-medium wp-image-2661\" src=\"http:\/\/piekarscy.com.pl\/wp-content\/uploads\/2014\/08\/scan0043-300x236.jpg\" alt=\"scan0043\" width=\"300\" height=\"236\" srcset=\"http:\/\/piekarscy.com.pl\/wp-content\/uploads\/2014\/08\/scan0043-300x236.jpg 300w, http:\/\/piekarscy.com.pl\/wp-content\/uploads\/2014\/08\/scan0043-1024x808.jpg 1024w, http:\/\/piekarscy.com.pl\/wp-content\/uploads\/2014\/08\/scan0043-624x492.jpg 624w, http:\/\/piekarscy.com.pl\/wp-content\/uploads\/2014\/08\/scan0043.jpg 1568w\" sizes=\"auto, (max-width: 300px) 100vw, 300px\" \/><\/a><\/p>\n","protected":false},"excerpt":{"rendered":"<p>Oto ostatnia\u00a0cz\u0119\u015b\u0107 notesu po mojej ukochanej Cioci Steni (w\u0142a\u015bciwie powinnam pisa\u0107: babci). Ciocia, na cze\u015b\u0107 kuzyna Eligiusza Niewiadomskiego mia\u0142a na drugie Eligia, ch\u0119tnie podpisywa\u0142a tym imieniem wiersze&#8230; W notesie sporo wklejanek.<\/p>\n","protected":false},"author":1,"featured_media":0,"comment_status":"closed","ping_status":"closed","sticky":false,"template":"","format":"standard","meta":{"footnotes":""},"categories":[59,4],"tags":[138,65,64,63,193],"class_list":["post-2657","post","type-post","status-publish","format-standard","hentry","category-krosnowscy","category-ruszczykowscy","tag-notes","tag-stefania-eligia-krosnowska","tag-stefania-eligia-ruszczykowska","tag-stefania-eligia-z-ruszczykowskich-krosnowska","tag-stefania-junosza-krosnowska"],"_links":{"self":[{"href":"http:\/\/piekarscy.com.pl\/index.php?rest_route=\/wp\/v2\/posts\/2657","targetHints":{"allow":["GET"]}}],"collection":[{"href":"http:\/\/piekarscy.com.pl\/index.php?rest_route=\/wp\/v2\/posts"}],"about":[{"href":"http:\/\/piekarscy.com.pl\/index.php?rest_route=\/wp\/v2\/types\/post"}],"author":[{"embeddable":true,"href":"http:\/\/piekarscy.com.pl\/index.php?rest_route=\/wp\/v2\/users\/1"}],"replies":[{"embeddable":true,"href":"http:\/\/piekarscy.com.pl\/index.php?rest_route=%2Fwp%2Fv2%2Fcomments&post=2657"}],"version-history":[{"count":2,"href":"http:\/\/piekarscy.com.pl\/index.php?rest_route=\/wp\/v2\/posts\/2657\/revisions"}],"predecessor-version":[{"id":2671,"href":"http:\/\/piekarscy.com.pl\/index.php?rest_route=\/wp\/v2\/posts\/2657\/revisions\/2671"}],"wp:attachment":[{"href":"http:\/\/piekarscy.com.pl\/index.php?rest_route=%2Fwp%2Fv2%2Fmedia&parent=2657"}],"wp:term":[{"taxonomy":"category","embeddable":true,"href":"http:\/\/piekarscy.com.pl\/index.php?rest_route=%2Fwp%2Fv2%2Fcategories&post=2657"},{"taxonomy":"post_tag","embeddable":true,"href":"http:\/\/piekarscy.com.pl\/index.php?rest_route=%2Fwp%2Fv2%2Ftags&post=2657"}],"curies":[{"name":"wp","href":"https:\/\/api.w.org\/{rel}","templated":true}]}}