{"id":2790,"date":"2014-07-21T00:10:33","date_gmt":"2014-07-21T00:10:33","guid":{"rendered":"http:\/\/piekarscy.com.pl\/?p=2790"},"modified":"2014-07-20T06:28:51","modified_gmt":"2014-07-20T06:28:51","slug":"nekrolog-praprapradziadka-michala","status":"publish","type":"post","link":"http:\/\/piekarscy.com.pl\/?p=2790","title":{"rendered":"Nekrolog praprapradziadka Micha\u0142a"},"content":{"rendered":"<p>Micha\u0142 Szenk by\u0142 rodzonym bratem mojej trzy razy pra, czyli Karoliny Szenk. To po niej na drugie Karolina mia\u0142a moja prababcia Leokadia Karolina z Przybytkowskich Adamska. Potem to imi\u0119 odziedziczy\u0142a jej c\u00f3rka, a moja babcia Janina Karolina z Adamskich Piekarska, a potem ja&#8230;<\/p>\n<p>A Micha\u0142? Na\u00a0razie w\u015br\u00f3d jego potomk\u00f3w Micha\u0142\u00f3w brak&#8230;<\/p>\n<p><a href=\"http:\/\/piekarscy.com.pl\/wp-content\/uploads\/2014\/07\/nekrolog-michala-szenka.jpg\"><img loading=\"lazy\" decoding=\"async\" class=\"aligncenter size-medium wp-image-2791\" src=\"http:\/\/piekarscy.com.pl\/wp-content\/uploads\/2014\/07\/nekrolog-michala-szenka-300x113.jpg\" alt=\"nekrolog michala szenka\" width=\"300\" height=\"113\" srcset=\"http:\/\/piekarscy.com.pl\/wp-content\/uploads\/2014\/07\/nekrolog-michala-szenka-300x113.jpg 300w, http:\/\/piekarscy.com.pl\/wp-content\/uploads\/2014\/07\/nekrolog-michala-szenka-1024x386.jpg 1024w, http:\/\/piekarscy.com.pl\/wp-content\/uploads\/2014\/07\/nekrolog-michala-szenka-624x235.jpg 624w\" sizes=\"auto, (max-width: 300px) 100vw, 300px\" \/><\/a><\/p>\n<p>&nbsp;<\/p>\n","protected":false},"excerpt":{"rendered":"<p>Micha\u0142 Szenk by\u0142 rodzonym bratem mojej trzy razy pra, czyli Karoliny Szenk. To po niej na drugie Karolina mia\u0142a moja prababcia Leokadia Karolina z Przybytkowskich Adamska. Potem to imi\u0119 odziedziczy\u0142a jej c\u00f3rka, a moja babcia Janina Karolina z Adamskich Piekarska, a potem ja&#8230; A Micha\u0142? Na\u00a0razie w\u015br\u00f3d jego potomk\u00f3w Micha\u0142\u00f3w brak&#8230; &nbsp;<\/p>\n","protected":false},"author":1,"featured_media":0,"comment_status":"closed","ping_status":"closed","sticky":false,"template":"","format":"standard","meta":{"footnotes":""},"categories":[15],"tags":[341,89],"class_list":["post-2790","post","type-post","status-publish","format-standard","hentry","category-szenk","tag-michal-szenk","tag-nekrolog"],"_links":{"self":[{"href":"http:\/\/piekarscy.com.pl\/index.php?rest_route=\/wp\/v2\/posts\/2790","targetHints":{"allow":["GET"]}}],"collection":[{"href":"http:\/\/piekarscy.com.pl\/index.php?rest_route=\/wp\/v2\/posts"}],"about":[{"href":"http:\/\/piekarscy.com.pl\/index.php?rest_route=\/wp\/v2\/types\/post"}],"author":[{"embeddable":true,"href":"http:\/\/piekarscy.com.pl\/index.php?rest_route=\/wp\/v2\/users\/1"}],"replies":[{"embeddable":true,"href":"http:\/\/piekarscy.com.pl\/index.php?rest_route=%2Fwp%2Fv2%2Fcomments&post=2790"}],"version-history":[{"count":1,"href":"http:\/\/piekarscy.com.pl\/index.php?rest_route=\/wp\/v2\/posts\/2790\/revisions"}],"predecessor-version":[{"id":2792,"href":"http:\/\/piekarscy.com.pl\/index.php?rest_route=\/wp\/v2\/posts\/2790\/revisions\/2792"}],"wp:attachment":[{"href":"http:\/\/piekarscy.com.pl\/index.php?rest_route=%2Fwp%2Fv2%2Fmedia&parent=2790"}],"wp:term":[{"taxonomy":"category","embeddable":true,"href":"http:\/\/piekarscy.com.pl\/index.php?rest_route=%2Fwp%2Fv2%2Fcategories&post=2790"},{"taxonomy":"post_tag","embeddable":true,"href":"http:\/\/piekarscy.com.pl\/index.php?rest_route=%2Fwp%2Fv2%2Ftags&post=2790"}],"curies":[{"name":"wp","href":"https:\/\/api.w.org\/{rel}","templated":true}]}}