{"id":2842,"date":"2014-08-09T00:21:28","date_gmt":"2014-08-09T00:21:28","guid":{"rendered":"http:\/\/piekarscy.com.pl\/?p=2842"},"modified":"2014-08-09T05:49:48","modified_gmt":"2014-08-09T05:49:48","slug":"wiktor-i-kazia","status":"publish","type":"post","link":"http:\/\/piekarscy.com.pl\/?p=2842","title":{"rendered":"Wiktor i Kazia"},"content":{"rendered":"<p>O Kazimierze z Przybytkowskich Grzymskiej i jej m\u0119\u017cu Wiktorze nie wiem prawie nic poza tym, \u017ce&#8230; byli. Kazimiera by\u0142a c\u00f3rk\u0105 Jana Przybytkowskiego, rodzonego brata mojego prapradziadka W\u0142adys\u0142awa.<\/p>\n<p><a href=\"http:\/\/piekarscy.com.pl\/wp-content\/uploads\/2014\/07\/kazimiera-grzymska-nekrolog.jpg\"><img loading=\"lazy\" decoding=\"async\" class=\"aligncenter size-medium wp-image-2844\" src=\"http:\/\/piekarscy.com.pl\/wp-content\/uploads\/2014\/07\/kazimiera-grzymska-nekrolog-300x180.jpg\" alt=\"kazimiera grzymska-nekrolog\" width=\"300\" height=\"180\" srcset=\"http:\/\/piekarscy.com.pl\/wp-content\/uploads\/2014\/07\/kazimiera-grzymska-nekrolog-300x180.jpg 300w, http:\/\/piekarscy.com.pl\/wp-content\/uploads\/2014\/07\/kazimiera-grzymska-nekrolog-1024x615.jpg 1024w, http:\/\/piekarscy.com.pl\/wp-content\/uploads\/2014\/07\/kazimiera-grzymska-nekrolog-624x375.jpg 624w\" sizes=\"auto, (max-width: 300px) 100vw, 300px\" \/><\/a> <a href=\"http:\/\/piekarscy.com.pl\/wp-content\/uploads\/2014\/07\/wiktor-grzymski.jpg\"><img loading=\"lazy\" decoding=\"async\" class=\"aligncenter size-medium wp-image-2845\" src=\"http:\/\/piekarscy.com.pl\/wp-content\/uploads\/2014\/07\/wiktor-grzymski-258x300.jpg\" alt=\"wiktor-grzymski\" width=\"258\" height=\"300\" srcset=\"http:\/\/piekarscy.com.pl\/wp-content\/uploads\/2014\/07\/wiktor-grzymski-258x300.jpg 258w, http:\/\/piekarscy.com.pl\/wp-content\/uploads\/2014\/07\/wiktor-grzymski-880x1024.jpg 880w, http:\/\/piekarscy.com.pl\/wp-content\/uploads\/2014\/07\/wiktor-grzymski-624x725.jpg 624w, http:\/\/piekarscy.com.pl\/wp-content\/uploads\/2014\/07\/wiktor-grzymski.jpg 1745w\" sizes=\"auto, (max-width: 258px) 100vw, 258px\" \/><\/a><\/p>\n","protected":false},"excerpt":{"rendered":"<p>O Kazimierze z Przybytkowskich Grzymskiej i jej m\u0119\u017cu Wiktorze nie wiem prawie nic poza tym, \u017ce&#8230; byli. Kazimiera by\u0142a c\u00f3rk\u0105 Jana Przybytkowskiego, rodzonego brata mojego prapradziadka W\u0142adys\u0142awa.<\/p>\n","protected":false},"author":1,"featured_media":0,"comment_status":"closed","ping_status":"closed","sticky":false,"template":"","format":"standard","meta":{"footnotes":""},"categories":[351,7],"tags":[102,355,354,353,89,352],"class_list":["post-2842","post","type-post","status-publish","format-standard","hentry","category-grzymscy","category-przybytkowscy","tag-fotografia","tag-kazimiera-maria-grzymska","tag-kazimiera-maria-przybytkowska","tag-kazimiera-maria-z-przybytkowskich-grzymska","tag-nekrolog","tag-wiktor-grzymski"],"_links":{"self":[{"href":"http:\/\/piekarscy.com.pl\/index.php?rest_route=\/wp\/v2\/posts\/2842","targetHints":{"allow":["GET"]}}],"collection":[{"href":"http:\/\/piekarscy.com.pl\/index.php?rest_route=\/wp\/v2\/posts"}],"about":[{"href":"http:\/\/piekarscy.com.pl\/index.php?rest_route=\/wp\/v2\/types\/post"}],"author":[{"embeddable":true,"href":"http:\/\/piekarscy.com.pl\/index.php?rest_route=\/wp\/v2\/users\/1"}],"replies":[{"embeddable":true,"href":"http:\/\/piekarscy.com.pl\/index.php?rest_route=%2Fwp%2Fv2%2Fcomments&post=2842"}],"version-history":[{"count":2,"href":"http:\/\/piekarscy.com.pl\/index.php?rest_route=\/wp\/v2\/posts\/2842\/revisions"}],"predecessor-version":[{"id":3353,"href":"http:\/\/piekarscy.com.pl\/index.php?rest_route=\/wp\/v2\/posts\/2842\/revisions\/3353"}],"wp:attachment":[{"href":"http:\/\/piekarscy.com.pl\/index.php?rest_route=%2Fwp%2Fv2%2Fmedia&parent=2842"}],"wp:term":[{"taxonomy":"category","embeddable":true,"href":"http:\/\/piekarscy.com.pl\/index.php?rest_route=%2Fwp%2Fv2%2Fcategories&post=2842"},{"taxonomy":"post_tag","embeddable":true,"href":"http:\/\/piekarscy.com.pl\/index.php?rest_route=%2Fwp%2Fv2%2Ftags&post=2842"}],"curies":[{"name":"wp","href":"https:\/\/api.w.org\/{rel}","templated":true}]}}