{"id":2862,"date":"2014-08-12T00:52:21","date_gmt":"2014-08-12T00:52:21","guid":{"rendered":"http:\/\/piekarscy.com.pl\/?p=2862"},"modified":"2014-07-04T19:35:18","modified_gmt":"2014-07-04T19:35:18","slug":"zaproszenie","status":"publish","type":"post","link":"http:\/\/piekarscy.com.pl\/?p=2862","title":{"rendered":"Zaproszenie"},"content":{"rendered":"<p>Pokrewie\u0144stwo? Prosz\u0119 bardzo&#8230; M\u00f3j pradziadek Antoni Adamski mia\u0142 siostr\u0119 Henryk\u0119, kt\u00f3ra wysz\u0142a za m\u0105\u017c za jego przyjaciela Jana Orlickiego. Z tym Janem mia\u0142a c\u00f3rk\u0119 Halin\u0119 (w czasie wojny wi\u0119\u017aniark\u0119 Ravensbrueck), kt\u00f3ra wysz\u0142a za m\u0105\u017c za Stanis\u0142awa Czeka\u0144skiego. Zgin\u0105\u0142 on w Katyniu. z tego zwi\u0105zku by\u0142 jeden syn Zenon. Marek jest jego synem, czyli moim cioteczno&#8230;, cioteczno&#8230;, ciotecznym&#8230;<\/p>\n<p><a href=\"http:\/\/piekarscy.com.pl\/wp-content\/uploads\/2014\/07\/zaproszenie-czekanscy.jpg\"><img loading=\"lazy\" decoding=\"async\" class=\"aligncenter size-medium wp-image-2863\" src=\"http:\/\/piekarscy.com.pl\/wp-content\/uploads\/2014\/07\/zaproszenie-czekanscy-300x190.jpg\" alt=\"zaproszenie czekanscy\" width=\"300\" height=\"190\" srcset=\"http:\/\/piekarscy.com.pl\/wp-content\/uploads\/2014\/07\/zaproszenie-czekanscy-300x190.jpg 300w, http:\/\/piekarscy.com.pl\/wp-content\/uploads\/2014\/07\/zaproszenie-czekanscy-1024x650.jpg 1024w, http:\/\/piekarscy.com.pl\/wp-content\/uploads\/2014\/07\/zaproszenie-czekanscy-624x396.jpg 624w\" sizes=\"auto, (max-width: 300px) 100vw, 300px\" \/><\/a><\/p>\n","protected":false},"excerpt":{"rendered":"<p>Pokrewie\u0144stwo? Prosz\u0119 bardzo&#8230; M\u00f3j pradziadek Antoni Adamski mia\u0142 siostr\u0119 Henryk\u0119, kt\u00f3ra wysz\u0142a za m\u0105\u017c za jego przyjaciela Jana Orlickiego. Z tym Janem mia\u0142a c\u00f3rk\u0119 Halin\u0119 (w czasie wojny wi\u0119\u017aniark\u0119 Ravensbrueck), kt\u00f3ra wysz\u0142a za m\u0105\u017c za Stanis\u0142awa Czeka\u0144skiego. Zgin\u0105\u0142 on w Katyniu. z tego zwi\u0105zku by\u0142 jeden syn Zenon. Marek jest jego synem, czyli moim cioteczno&#8230;, [&hellip;]<\/p>\n","protected":false},"author":1,"featured_media":0,"comment_status":"closed","ping_status":"closed","sticky":false,"template":"","format":"standard","meta":{"footnotes":""},"categories":[362,363],"tags":[364,365,360],"class_list":["post-2862","post","type-post","status-publish","format-standard","hentry","category-czekanscy","category-czerkawscy","tag-marek-czekanski","tag-monika-czerkawska","tag-zaproszenie"],"_links":{"self":[{"href":"http:\/\/piekarscy.com.pl\/index.php?rest_route=\/wp\/v2\/posts\/2862","targetHints":{"allow":["GET"]}}],"collection":[{"href":"http:\/\/piekarscy.com.pl\/index.php?rest_route=\/wp\/v2\/posts"}],"about":[{"href":"http:\/\/piekarscy.com.pl\/index.php?rest_route=\/wp\/v2\/types\/post"}],"author":[{"embeddable":true,"href":"http:\/\/piekarscy.com.pl\/index.php?rest_route=\/wp\/v2\/users\/1"}],"replies":[{"embeddable":true,"href":"http:\/\/piekarscy.com.pl\/index.php?rest_route=%2Fwp%2Fv2%2Fcomments&post=2862"}],"version-history":[{"count":1,"href":"http:\/\/piekarscy.com.pl\/index.php?rest_route=\/wp\/v2\/posts\/2862\/revisions"}],"predecessor-version":[{"id":2864,"href":"http:\/\/piekarscy.com.pl\/index.php?rest_route=\/wp\/v2\/posts\/2862\/revisions\/2864"}],"wp:attachment":[{"href":"http:\/\/piekarscy.com.pl\/index.php?rest_route=%2Fwp%2Fv2%2Fmedia&parent=2862"}],"wp:term":[{"taxonomy":"category","embeddable":true,"href":"http:\/\/piekarscy.com.pl\/index.php?rest_route=%2Fwp%2Fv2%2Fcategories&post=2862"},{"taxonomy":"post_tag","embeddable":true,"href":"http:\/\/piekarscy.com.pl\/index.php?rest_route=%2Fwp%2Fv2%2Ftags&post=2862"}],"curies":[{"name":"wp","href":"https:\/\/api.w.org\/{rel}","templated":true}]}}